{"id":4613,"date":"2021-09-08T03:47:22","date_gmt":"2021-09-08T01:47:22","guid":{"rendered":"http:\/\/www.infokuryr.cz\/n\/?p=4613"},"modified":"2021-09-08T03:47:22","modified_gmt":"2021-09-08T01:47:22","slug":"imperialni-byznys-jako-obvykle-setkani-biden-zelensky-ukazuje-ze-se-usa-z-afghanistanu-nepoucily","status":"publish","type":"post","link":"https:\/\/www.infokuryr.cz\/n\/2021\/09\/08\/imperialni-byznys-jako-obvykle-setkani-biden-zelensky-ukazuje-ze-se-usa-z-afghanistanu-nepoucily\/","title":{"rendered":"Imperi\u00e1ln\u00ed byznys jako obvykle.  Setk\u00e1n\u00ed Biden-Zelensky ukazuje, \u017ee se USA z Afgh\u00e1nist\u00e1nu nepou\u010dily"},"content":{"rendered":"<div id=\"fb-root\"><\/div>\n<section class=\"perex\">Americk\u00fd militarismus, v\u00e1le\u010dnictv\u00ed a imperi\u00e1ln\u00ed \u201ebudov\u00e1n\u00ed n\u00e1roda\u201c budou pokra\u010dovat. Proto\u017ee to je pro americk\u00fd kapitalismus a jeho hegemonistickou z\u00e1vislost endemick\u00e9.<\/p>\n<\/section>\n<section class=\"clanek-obsah\">Americk\u00fd prezident Joe Biden tento t\u00fdden p\u0159edvedl ohromuj\u00edc\u00ed projev dvoj\u00edho my\u0161len\u00ed. V obr\u00e1cen\u00e9m gardu Biden ve st\u0159edu p\u0159ijal v B\u00edl\u00e9m dom\u011b ukrajinsk\u00e9ho prezidenta Vladimira Zelensk\u00e9ho a\u00a0<a href=\"https:\/\/www.pbs.org\/newshour\/politics\/u-s-commits-to-60-million-in-aid-to-ukraine-before-white-house-visit\" target=\"_blank\" rel=\"external noopener\">ozn\u00e1mil<\/a>, \u017ee Spojen\u00e9 st\u00e1ty poskytnou kyjevsk\u00e9mu re\u017eimu \u201etv\u00e1\u0159\u00ed v tv\u00e1\u0159 rusk\u00e9 agresi\u201c dal\u0161\u00ed vojenskou podporu ve v\u00fd\u0161i 60 milion\u016f dolar\u016f.<\/p>\n<p>Den p\u0159edt\u00edm v\u0161ak Biden pronesl slavnostn\u00ed projev k n\u00e1rodu, v n\u011bm\u017e prohl\u00e1sil, \u017ee \u201e\u00e9ra v\u00e1lek za \u00fa\u010delem budov\u00e1n\u00ed st\u00e1tu skon\u010dila\u201c. Americk\u00fd prezident tak ozna\u010dil definitivn\u00ed konec dvacetilet\u00e9 v\u00e1lky v Afgh\u00e1nist\u00e1nu, kdy\u017e o p\u016flnoci na pond\u011bl\u00ed z K\u00e1bulu vzl\u00e9tlo posledn\u00ed americk\u00e9 vojensk\u00e9 letadlo. Odlet zavr\u0161il ostudnou a potupnou por\u00e1\u017eku Spojen\u00fdch st\u00e1t\u016f od povstalc\u016f z hnut\u00ed Taliban, kte\u0159\u00ed se vr\u00e1tili k moci t\u00e9m\u011b\u0159 dv\u011b desetilet\u00ed pot\u00e9, co je v \u0159\u00edjnu 2001 svrhla americk\u00e1 vojensk\u00e1 invaze do t\u00e9to st\u0159edoasijsk\u00e9 zem\u011b. Nejdel\u0161\u00ed v\u00e1lka byla zbyte\u010dn\u00e1.<\/p>\n<p>Ve sv\u00e9m celon\u00e1rodn\u00edm projevu Biden zopakoval sv\u00e9 p\u0159esv\u011bd\u010den\u00ed, \u017ee p\u0159ijal spr\u00e1vn\u00e9 rozhodnut\u00ed ukon\u010dit vojenskou okupaci v hodnot\u011b bilionu dolar\u016f. \u0158ekl, \u017ee Spojen\u00e9 st\u00e1ty se mus\u00ed pou\u010dit z chyb v Afgh\u00e1nist\u00e1nu a nesm\u00ed se znovu zapojovat do v\u00e1lek za \u00fa\u010delem \u201ebudov\u00e1n\u00ed n\u00e1roda\u201c. Dodal, \u017ee sta\u017een\u00ed USA se net\u00fdk\u00e1 pouze Afgh\u00e1nist\u00e1nu. Jednalo se o strategick\u00fd zlom v zahrani\u010dn\u00ed politice Washingtonu, podle n\u011bho\u017e mus\u00ed b\u00fdt ukon\u010deny \u201evelk\u00e9 vojensk\u00e9 operace za \u00fa\u010delem p\u0159etv\u00e1\u0159en\u00ed jin\u00fdch zem\u00ed\u201c.<\/p>\n<p>Pokud se zd\u00e1lo, \u017ee Biden\u016fv projev znamenal v\u00fdrazn\u00e9 omezen\u00ed americk\u00e9ho imperialismu, tato p\u0159edstava byla rychle vyvr\u00e1cena b\u011bhem n\u011bkolika hodin, kdy n\u00e1sledn\u011b p\u0159ijal ukrajinsk\u00e9ho prezidenta.<\/p>\n<p>Bidenova administrativa ozn\u00e1mila Kongresu, \u017ee zvy\u0161uje vojenskou podporu kyjevsk\u00e9mu re\u017eimu kv\u016fli rostouc\u00ed \u201ehrozb\u011b ze strany Ruska\u201c. Dodate\u010dn\u00e1 dod\u00e1vka vybaven\u00ed v hodnot\u011b 60 milion\u016f dolar\u016f zahrnuje protitankov\u00e9 st\u0159ely Javelin \u201ena obranu Ukrajiny p\u0159ed rusk\u00fdm vp\u00e1dem\u201c.<\/p>\n<p>\u201eJe t\u0159eba urychlen\u011b \u0159e\u0161it zna\u010dn\u00e9 nedostatky ve schopnostech Ukrajiny, aby se pos\u00edlilo odstra\u0161en\u00ed ve sv\u011btle sou\u010dasn\u00e9 rusk\u00e9 hrozby,\u201c uvedla Bidenova administrativa ve sv\u00e9m ozn\u00e1men\u00ed Kongresu, kter\u00fd dodate\u010dn\u00e9 z\u00e1soby smrt\u00edc\u00ed vojensk\u00e9 palebn\u00e9 s\u00edly \u0159\u00e1dn\u011b schv\u00e1lil.<\/p>\n<p>Celkov\u00e9 vojensk\u00e9 dod\u00e1vky USA na Ukrajinu\u00a0<a href=\"https:\/\/www.rferl.org\/a\/us-ukraine-zelenskiy-washington\/31437441.html\" target=\"_blank\" rel=\"external noopener\">tak jen v leto\u0161n\u00edm roce<\/a>\u00a0dos\u00e1hly 400 milion\u016f dolar\u016f. Od Washingtonem podporovan\u00e9ho st\u00e1tn\u00edho p\u0159evratu v Kyjev\u011b proti zvolen\u00e9 vl\u00e1d\u011b v roce 2014 dodaly USA Ukrajin\u011b vojenskou podporu v hodnot\u011b p\u0159es 2 miliardy dolar\u016f. To podpo\u0159ilo sedm let trvaj\u00edc\u00ed v\u00e1lku proti etnicky rusk\u00e9mu obyvatelstvu na v\u00fdchod\u011b Ukrajiny, kter\u00e9 neuzn\u00e1v\u00e1 p\u0159evrat z roku 2014 za legitimn\u00ed. Pr\u00e1v\u011b ukrajinsk\u00e9 s\u00edly podporovan\u00e9 NATO pod velen\u00edm Kyjeva neust\u00e1le\u00a0<a href=\"https:\/\/dan-news.info\/en\/defence-en\/number-of-houses-damaged-in-ukrainian-attack-on-donetsk-grows.html\" target=\"_blank\" rel=\"external noopener\">poru\u0161uj\u00ed<\/a>\u00a0nomin\u00e1ln\u00ed p\u0159\u00edm\u011b\u0159\u00ed \u00fatoky na civiln\u00ed centra v samozvan\u00fdch autonomn\u00edch oblastech Don\u011bcku a Luhansku. P\u0159esto Washington a jeho loutkov\u00fd re\u017eim v Kyjev\u011b obvi\u0148uj\u00ed Rusko z agrese.<\/p>\n<p>\u00dadajn\u00e1 \u201eanexe\u201c Krymu Ruskem je dal\u0161\u00edm \u201ered-herring\u201c (kamufl\u00e1\u017e, maten\u00ed pojmu), kter\u00fd Washington neust\u00e1le om\u00edl\u00e1, p\u0159esto\u017ee etni\u010dt\u00ed Rusov\u00e9 na Krymu v roce 2014 uspo\u0159\u00e1dali leg\u00e1ln\u00ed referendum o odtr\u017een\u00ed od Ukrajiny a p\u0159ipojen\u00ed k Rusk\u00e9 federaci. Odm\u00edtli tak\u00e9 Spojen\u00fdmi st\u00e1ty podporovan\u00fd pu\u010d v Kyjev\u011b v roce 2014, kter\u00fd vynesl k moci neonacisty. Z historick\u00e9ho hlediska m\u00e1 Krym s Ruskem staletou spole\u010dnou historii a kulturu. Re\u017eim v Kyjev\u011b dosazen\u00fd Spojen\u00fdmi st\u00e1ty m\u00e1 zlov\u011bstn\u00e9 p\u0159edky, nebo\u0165 spolupracoval s nacistickou T\u0159et\u00ed \u0159\u00ed\u0161\u00ed a napom\u00e1hal genocid\u011b slovansk\u00fdch n\u00e1rod\u016f b\u011bhem druh\u00e9 sv\u011btov\u00e9 v\u00e1lky. Co \u0159\u00edci na historickou v\u00fdpov\u011b\u010f o skute\u010dn\u00e9 povaze moci Washingtonu a o tom, s \u010d\u00edm se spojuje navzdory v\u0161em zbo\u017en\u00fdm, sebezpytn\u00fdm fr\u00e1z\u00edm o demokratick\u00fdch ctnostech?<\/p>\n<p>Moskva tento t\u00fdden odsoudila dal\u0161\u00ed nav\u00fd\u0161en\u00ed vojensk\u00e9 techniky, kterou USA pos\u00edlaj\u00ed na Ukrajinu. Spolu s provokativn\u00ed Bidenovou r\u00e9torikou o \u201eobran\u011b Ukrajiny tv\u00e1\u0159\u00ed v tv\u00e1\u0159 rusk\u00e9 agresi\u201c je tento v\u00fdvoj pro zemi, kter\u00e1 sd\u00edl\u00ed hranici s Ruskem, hluboce destabilizuj\u00edc\u00ed. Mluv\u010d\u00ed Kremlu Dmitrij Peskov\u00a0<a href=\"https:\/\/www.reuters.com\/world\/kremlin-says-us-military-help-could-make-ukraine-behave-unpredictably-2021-09-02\/\" target=\"_blank\" rel=\"external noopener\">uvedl<\/a>, \u017ee nov\u00e1 vojensk\u00e1 pomoc \u201eby mohla potenci\u00e1ln\u011b zp\u016fsobit nep\u0159edv\u00eddateln\u00e9 akce ukrajinsk\u00e9 strany, pokud jde o pokusy \u0159e\u0161it ukrajinsk\u00fd konflikt silou\u201c, a dodal, \u017ee \u201eto je velmi nebezpe\u010dn\u00e9\u201c.<\/p>\n<p>Mezit\u00edm se Denis Pu\u0161ilin, prezident samozvan\u00e9 Don\u011bck\u00e9 lidov\u00e9 republiky,\u00a0<a href=\"https:\/\/dan-news.info\/en\/politics-en\/peace-in-donbass-was-not-on-agenda-of-biden-zelenzky-talks-pushilin.html\" target=\"_blank\" rel=\"external noopener\">vyj\u00e1d\u0159il<\/a>, \u017ee sch\u016fzka mezi Bidenem a Zelensk\u00fdm neuk\u00e1zala \u201eani n\u00e1znak m\u00edrov\u00e9ho urovn\u00e1n\u00ed\u201c.<\/p>\n<p>Bidenovo setk\u00e1n\u00ed v B\u00edl\u00e9m dom\u011b bylo skute\u010dn\u011b rekapitulac\u00ed fale\u0161n\u00fdch obvin\u011bn\u00ed v\u016f\u010di Rusku v souvislosti s Ukrajinou a bezosty\u0161n\u00fdm p\u0159ekrucov\u00e1n\u00edm toho, kdo je agresorem. Americk\u00fd prezident se nezm\u00ednil o z\u00e1vazc\u00edch kyjevsk\u00e9ho re\u017eimu plnit Minskou m\u00edrovou dohodu, kterou v roce 2015 zprost\u0159edkovaly Francie, N\u011bmecko a Rusko.<\/p>\n<p>P\u0159esto pr\u00fd Zelenskij nebyl s dodate\u010dn\u00fdm slibem americk\u00e9 vojensk\u00e9 pomoci zcela spokojen. Chce od Washingtonu mnohem v\u00edce a tak\u00e9 okam\u017eit\u00e9 p\u0159ijet\u00ed do vojensk\u00e9 aliance NATO, p\u0159ed \u010d\u00edm\u017e Moskva opakovan\u011b varovala, proto\u017ee to p\u0159\u00edli\u0161 ohro\u017euje jej\u00ed n\u00e1rodn\u00ed bezpe\u010dnost.<\/p>\n<p>Tak\u00e9 dal\u0161\u00ed ameri\u010dt\u00ed analytici se vyslovili pro to, aby Bidenova administrativa zv\u00fd\u0161ila dod\u00e1vky \u201evelk\u00fdch\u201c zbran\u00ed kyjevsk\u00e9mu re\u017eimu. Alexander Vershbow, b\u00fdval\u00fd velvyslanec v Rusku, kter\u00fd nyn\u00ed p\u016fsob\u00ed v think-tanku Atlantic Council ve Washingtonu,\u00a0<a href=\"https:\/\/www.rferl.org\/a\/ukraine-zelenskiy-biden-disappointed\/31440582.html\" target=\"_blank\" rel=\"external noopener\">vyzval<\/a>\u00a0B\u00edl\u00fd d\u016fm, aby na Ukrajin\u011b rozm\u00edstil protiletadlov\u00e9 raketov\u00e9 syst\u00e9my. Takov\u00ed lid\u00e9 &#8211; kte\u0159\u00ed jsou v americk\u00fdch m\u00e9di\u00edch citov\u00e1ni jako \u00fadajn\u011b inteligentn\u00ed koment\u00e1to\u0159i &#8211; nejsou ve skute\u010dnosti nic jin\u00e9ho ne\u017e v\u00e1le\u010dn\u00ed \u0161\u00edlenci typu doktora Strangelova, kte\u0159\u00ed slintaj\u00ed a fantaz\u00edruj\u00ed o \u201em-m-m&#8230; miluj\u00edc\u00edch\u201c bomb\u00e1ch.<\/p>\n<p>Ka\u017edoro\u010dn\u00ed p\u0159el\u00e9v\u00e1n\u00ed vojensk\u00e9 s\u00edly Washingtonu na Ukrajinu zhor\u0161uje konflikt v t\u00e9to zemi a vyvol\u00e1v\u00e1 v\u00fdbu\u0161n\u00e9 nap\u011bt\u00ed ve vztaz\u00edch s Ruskem. Pokud kyjevsk\u00fd re\u017eim vystup\u0148uje svou agresi v\u016f\u010di v\u00fdchodn\u00edmu Donbasu, \u010d\u00edm\u017e d\u00e1le ohro\u017euje etnick\u00e9 rusk\u00e9 civiln\u00ed obyvatelstvo, pak m\u016f\u017ee b\u00fdt Moskva nucena h\u00e1jit sv\u00e9 n\u00e1rodn\u00ed bezpe\u010dnostn\u00ed z\u00e1jmy. Nev\u011bdom\u00e1 \u010di cynick\u00e1 podpora kyjevsk\u00e9ho re\u017eimu ze strany Washingtonu a jeho siln\u011b nep\u0159\u00e1telsk\u00e1 rusofobie vytvo\u0159ily podm\u00ednky pro vznik sudu st\u0159eln\u00e9ho prachu.<\/p>\n<p>Washington nav\u00edc trv\u00e1 na tom, \u017ee jeho vojensk\u00e1 podpora Ukrajiny je podm\u00edn\u011bna zlep\u0161en\u00edm situace kyjevsk\u00e9ho re\u017eimu v oblasti lidsk\u00fdch pr\u00e1v, protikorup\u010dn\u00edch opat\u0159en\u00ed, reforem soudn\u00edho syst\u00e9mu a p\u0159ijet\u00ed ekonomick\u00e9 politiky schv\u00e1len\u00e9 USA. Stru\u010dn\u011b \u0159e\u010deno, zn\u00ed to velmi podobn\u011b jako budov\u00e1n\u00ed st\u00e1tu na z\u00e1klad\u011b washingtonsk\u00e9ho dekretu.<\/p>\n<p>To ukazuje, \u017ee se vl\u00e1dci Spojen\u00fdch st\u00e1t\u016f ze sv\u00e9 naprost\u00e9 katastrofy v Afgh\u00e1nist\u00e1nu v\u016fbec nepou\u010dili. Americk\u00fd militarismus, v\u00e1le\u010dnictv\u00ed a imperi\u00e1ln\u00ed \u201ebudov\u00e1n\u00ed n\u00e1roda\u201c budou pokra\u010dovat. Proto\u017ee to je endemick\u00e9 pro americk\u00fd kapitalismus a jeho hegemonistickou z\u00e1vislost.<\/p>\n<p>Bidenova slavnostn\u00ed slova o ukon\u010den\u00ed v\u00e1lek jsou tedy jen pob\u00eddkou n\u00e1rodu, kter\u00fd je chronicky znechucen ni\u010div\u00fdm americk\u00fdm imperialistick\u00fdm n\u00e1sil\u00edm. V syrovosti Afgh\u00e1nist\u00e1nu a hnisaj\u00edc\u00edch ran\u00e1ch t\u00e9to katastrofy je Biden povinen ut\u011b\u0161ovat v\u00e1lkou unaven\u00fd n\u00e1rod. Jeho slova jsou v\u0161ak pr\u00e1zdn\u00e1.<\/p>\n<p>Jak se rychle uk\u00e1\u017ee na jeho dal\u0161\u00edm jedn\u00e1n\u00ed o Ukrajin\u011b, je to imperi\u00e1ln\u00ed byznys jako obvykle.<\/p>\n<div class=\"podcarou\">\n<p><a href=\"https:\/\/www.strategic-culture.org\/news\/2021\/09\/03\/imperial-business-as-usual-biden-zelenksy-meeting-shows-us-learned-nothing-from-afghanistan\/\" target=\"_blank\" rel=\"external noopener\">Imperial Business-As-Usual\u2026 Biden-Zelenksy Meeting Shows U.S. Learned Nothing From Afghanistan<\/a> vy\u0161el 3.9.2021 na Strategic Culture Foundation. P\u0159eklad\u00a0 Zv\u011bdavec.<\/p>\n<\/div>\n<\/section>\n<p><a href=\"http:\/\/www.zvedavec.org\/komentare\/2021\/09\/8842-setkani-biden-zelensky-ukazuje-ze-se-usa-z-afghanistanu-nepoucily-.htm\">Zvedavec.org<\/a><\/p>\n<p>&nbsp;<\/p>\n","protected":false},"excerpt":{"rendered":"<p>Americk\u00fd militarismus, v\u00e1le\u010dnictv\u00ed a imperi\u00e1ln\u00ed \u201ebudov\u00e1n\u00ed n\u00e1roda\u201c budou pokra\u010dovat. Proto\u017ee to je pro americk\u00fd kapitalismus&#8230;<\/p>\n","protected":false},"author":2,"featured_media":1655,"comment_status":"closed","ping_status":"closed","sticky":false,"template":"","format":"standard","meta":[],"categories":[7],"tags":[72,26,37,1000],"_links":{"self":[{"href":"https:\/\/www.infokuryr.cz\/n\/wp-json\/wp\/v2\/posts\/4613"}],"collection":[{"href":"https:\/\/www.infokuryr.cz\/n\/wp-json\/wp\/v2\/posts"}],"about":[{"href":"https:\/\/www.infokuryr.cz\/n\/wp-json\/wp\/v2\/types\/post"}],"author":[{"embeddable":true,"href":"https:\/\/www.infokuryr.cz\/n\/wp-json\/wp\/v2\/users\/2"}],"replies":[{"embeddable":true,"href":"https:\/\/www.infokuryr.cz\/n\/wp-json\/wp\/v2\/comments?post=4613"}],"version-history":[{"count":0,"href":"https:\/\/www.infokuryr.cz\/n\/wp-json\/wp\/v2\/posts\/4613\/revisions"}],"wp:featuredmedia":[{"embeddable":true,"href":"https:\/\/www.infokuryr.cz\/n\/wp-json\/wp\/v2\/media\/1655"}],"wp:attachment":[{"href":"https:\/\/www.infokuryr.cz\/n\/wp-json\/wp\/v2\/media?parent=4613"}],"wp:term":[{"taxonomy":"category","embeddable":true,"href":"https:\/\/www.infokuryr.cz\/n\/wp-json\/wp\/v2\/categories?post=4613"},{"taxonomy":"post_tag","embeddable":true,"href":"https:\/\/www.infokuryr.cz\/n\/wp-json\/wp\/v2\/tags?post=4613"}],"curies":[{"name":"wp","href":"https:\/\/api.w.org\/{rel}","templated":true}]}}