{"id":46092,"date":"2024-02-01T10:06:55","date_gmt":"2024-02-01T09:06:55","guid":{"rendered":"https:\/\/www.infokuryr.cz\/n\/?p=46092"},"modified":"2024-02-01T10:06:55","modified_gmt":"2024-02-01T09:06:55","slug":"zamestnanec-bileho-domu-odhaluje-co-bidenovi-poradci-nemohou-verejne-rict","status":"publish","type":"post","link":"https:\/\/www.infokuryr.cz\/n\/2024\/02\/01\/zamestnanec-bileho-domu-odhaluje-co-bidenovi-poradci-nemohou-verejne-rict\/","title":{"rendered":"Zam\u011bstnanec B\u00edl\u00e9ho domu odhaluje, co Bidenovi poradci \u201enemohou ve\u0159ejn\u011b \u0159\u00edct\u201c"},"content":{"rendered":"<div id=\"fb-root\"><\/div>\n<p><span style=\"font-size: 18pt;\"><strong>Analytik kybernetick\u00e9 bezpe\u010dnosti \u0159ekl utajen\u00e9mu novin\u00e1\u0159i, \u017ee ameri\u010dt\u00ed \u00fa\u0159edn\u00edci se soukrom\u011b ob\u00e1vaj\u00ed o prezidenta a jeho viceprezidenta<\/strong><\/span><\/p>\n<p><span>Poradce B\u00edl\u00e9ho domu p\u0159ipustil, \u017ee jeho kolegov\u00e9 se ob\u00e1vaj\u00ed zhor\u0161uj\u00edc\u00edch se kognitivn\u00edch schopnost\u00ed americk\u00e9ho prezidenta Joe Bidena a neobl\u00edbenosti jeho viceprezidentky Kamaly Harrisov\u00e9, ale nemohou tyto obavy ve\u0159ejn\u011b vyj\u00e1d\u0159it, proto\u017ee prezident usiluje o znovuzvolen\u00ed koncem tohoto roku.<\/span><\/p>\n<p><span>Analytik kybernetick\u00e9 bezpe\u010dnosti B\u00edl\u00e9ho domu Charlie Kraiger v rozhovoru se skrytou kamerou, kter\u00fd ve st\u0159edu\u00a0<\/span><a href=\"https:\/\/twitter.com\/JamesOKeefeIII\/status\/1752786076320600511\" target=\"_blank\" rel=\"noopener noreferrer\"><span>zve\u0159ejnil<\/span><\/a><span>\u00a0na internetu tajn\u00fd novin\u00e1\u0159 James O&#8217;Keefe, p\u0159ipustil, \u017ee 81let\u00fd Biden\u00a0<\/span><em><span>\u201ezpomaluje tempo\u201c.<\/span><\/em><span>\u00a0\u0158ekl tak\u00e9, \u017ee se vedly diskuse o odstran\u011bn\u00ed Harrisov\u00e9 z tiketu na rok 2024, vzhledem k jej\u00edm probl\u00e9m\u016fm jako viceprezidentka, ale nominanti Demokratick\u00e9 strany jsou nem\u011bnn\u00ed.<\/span><\/p>\n<p><em><span>&#8222;Mysl\u00edm, \u017ee se ho pot\u0159ebuj\u00ed zbavit nebo se zbavit j\u00ed, ale nemysl\u00edm si, \u017ee to ud\u011blaj\u00ed,&#8220;<\/span><\/em><span> \u0159ekl Kraiger O&#8217;Keefeovi, kter\u00fd se p\u0159ed konverzac\u00ed maskoval t\u00edm, \u017ee si obarvil vlasy a nosil fale\u0161n\u00e9 br\u00fdle. . Na ot\u00e1zku, zda by zam\u011bstnanci B\u00edl\u00e9ho domu mohli mluvit ve\u0159ejn\u011b a pravdiv\u011b o zp\u016fsobilosti Bidena a Harrisonov\u00e9 usilovat o dal\u0161\u00ed funk\u010dn\u00ed obdob\u00ed, dodal: <\/span><em><span>\u201eNe, ne, mus\u00ed to dodr\u017eet.\u201c<\/span><\/em><\/p>\n<div class=\"rtcode\">\n<div class=\"twitter-tweet twitter-tweet-rendered\"><iframe id=\"twitter-widget-0\" class=\"\" title=\"X Post\" src=\"https:\/\/platform.twitter.com\/embed\/Tweet.html?creatorScreenName=RT_com&amp;dnt=false&amp;embedId=twitter-widget-0&amp;features=eyJ0ZndfdGltZWxpbmVfbGlzdCI6eyJidWNrZXQiOltdLCJ2ZXJzaW9uIjpudWxsfSwidGZ3X2ZvbGxvd2VyX2NvdW50X3N1bnNldCI6eyJidWNrZXQiOnRydWUsInZlcnNpb24iOm51bGx9LCJ0ZndfdHdlZXRfZWRpdF9iYWNrZW5kIjp7ImJ1Y2tldCI6Im9uIiwidmVyc2lvbiI6bnVsbH0sInRmd19yZWZzcmNfc2Vzc2lvbiI6eyJidWNrZXQiOiJvbiIsInZlcnNpb24iOm51bGx9LCJ0ZndfZm9zbnJfc29mdF9pbnRlcnZlbnRpb25zX2VuYWJsZWQiOnsiYnVja2V0Ijoib24iLCJ2ZXJzaW9uIjpudWxsfSwidGZ3X21peGVkX21lZGlhXzE1ODk3Ijp7ImJ1Y2tldCI6InRyZWF0bWVudCIsInZlcnNpb24iOm51bGx9LCJ0ZndfZXhwZXJpbWVudHNfY29va2llX2V4cGlyYXRpb24iOnsiYnVja2V0IjoxMjA5NjAwLCJ2ZXJzaW9uIjpudWxsfSwidGZ3X3Nob3dfYmlyZHdhdGNoX3Bpdm90c19lbmFibGVkIjp7ImJ1Y2tldCI6Im9uIiwidmVyc2lvbiI6bnVsbH0sInRmd19kdXBsaWNhdGVfc2NyaWJlc190b19zZXR0aW5ncyI6eyJidWNrZXQiOiJvbiIsInZlcnNpb24iOm51bGx9LCJ0ZndfdXNlX3Byb2ZpbGVfaW1hZ2Vfc2hhcGVfZW5hYmxlZCI6eyJidWNrZXQiOiJvbiIsInZlcnNpb24iOm51bGx9LCJ0ZndfdmlkZW9faGxzX2R5bmFtaWNfbWFuaWZlc3RzXzE1MDgyIjp7ImJ1Y2tldCI6InRydWVfYml0cmF0ZSIsInZlcnNpb24iOm51bGx9LCJ0ZndfbGVnYWN5X3RpbWVsaW5lX3N1bnNldCI6eyJidWNrZXQiOnRydWUsInZlcnNpb24iOm51bGx9LCJ0ZndfdHdlZXRfZWRpdF9mcm9udGVuZCI6eyJidWNrZXQiOiJvbiIsInZlcnNpb24iOm51bGx9fQ%3D%3D&amp;frame=false&amp;hideCard=false&amp;hideThread=false&amp;id=1752786076320600511&amp;lang=cs&amp;maxWidth=560px&amp;origin=https%3A%2F%2Fswentr.site%2Fnews%2F591628-biden-slowing-harris-unpopular%2F&amp;sessionId=a341e3868da9450b57084888349846a8cdd56ca2&amp;siteScreenName=RT_com&amp;theme=light&amp;widgetsVersion=2615f7e52b7e0%3A1702314776716&amp;width=550px\" frameborder=\"0\" scrolling=\"no\" allowfullscreen=\"allowfullscreen\" data-tweet-id=\"1752786076320600511\" data-mce-fragment=\"1\"><\/iframe><\/div>\n<\/div>\n<p><span>Kraiger p\u0159iznal, \u017ee zam\u011bstnanci jsou\u00a0<\/span><em><span>\u201eopravdu znepokojeni\u201c<\/span><\/em><span>\u00a0Bidenov\u00fdm du\u0161evn\u00edm stavem, kter\u00fd O&#8217;Keefe nazval\u00a0<\/span><em><span>\u201edemence\u201c,<\/span><\/em><span>\u00a0ale mus\u00ed tyto obavy uchov\u00e1vat v soukrom\u00ed.\u00a0<\/span><em><span>\u201eOni to v\u011bd\u00ed; samoz\u0159ejm\u011b, \u017ee ano. Ale je to optika a jako ten skand\u00e1l, mysl\u00edm, \u017ee by jim to za to nest\u00e1lo. Jen ti \u0159\u00edk\u00e1m, co jsem sly\u0161el. D\u00e1v\u00e1 to smysl? Ne, ale to jsem sly\u0161el.&#8220;<\/span><\/em><\/p>\n<p><span>Kraiger pracuje ve v\u00fdkonn\u00e9 kancel\u00e1\u0159i B\u00edl\u00e9ho domu jako analytik kybernetick\u00e9 bezpe\u010dnosti a referent pro zahrani\u010dn\u00ed z\u00e1le\u017eitosti,\u00a0<\/span><a href=\"https:\/\/archive.is\/20240131204729\/https:\/\/www.linkedin.com\/in\/charleskraiger\/\" target=\"_blank\" rel=\"noopener noreferrer\"><span>podle<\/span><\/a><span>\u00a0nyn\u00ed uzam\u010den\u00e9ho \u00fa\u010dtu LinkedIn. \u0158ekl O&#8217;Keefeovi, \u017ee \u0159\u00edd\u00ed bezpe\u010dnost po\u010d\u00edta\u010dov\u00fdch s\u00edt\u00ed na ministerstvu zahrani\u010d\u00ed USA a Americk\u00e9 agentu\u0159e pro mezin\u00e1rodn\u00ed rozvoj (USAID).<\/span><\/p>\n<p><span>Zam\u011bstnanec \u0159ekl, \u017ee p\u0159edstavitel\u00e9 B\u00edl\u00e9ho domu pravd\u011bpodobn\u011b ch\u00e1pou z\u00e1va\u017enost Bidenova ment\u00e1ln\u00edho \u00fapadku,\u00a0<\/span><em><span>&#8222;ale nikdo v modern\u00ed historii nikdy ne\u0159ekl, jako, \u017ee nebudeme renominovat prezidenta na druh\u00e9 funk\u010dn\u00ed obdob\u00ed.&#8220; To se prost\u011b nestalo.&#8220;<\/span><\/em><span>\u00a0Podobn\u011b fatalisticky se poradci B\u00edl\u00e9ho domu stav\u00ed k prvn\u00ed \u017eensk\u00e9 viceprezidentce USA, kter\u00e1 se narodila \u010derno\u0161sk\u00e9mu otci a indick\u00e9 matce.<\/span><\/p>\n<p><em><span>&#8222;Nen\u00ed popul\u00e1rn\u00ed, ale nem\u016f\u017eete odstranit prvn\u00ed \u010dernou d\u00e1mu, kter\u00e1 bude viceprezidentkou,&#8220;<\/span><\/em><span>\u00a0\u0159ekl.\u00a0<\/span><em><span>&#8222;Jak\u00fd druh zpr\u00e1vy hodl\u00e1te poslat nap\u0159\u00edklad afroamerick\u00fdm voli\u010d\u016fm?&#8220;<\/span><\/em><span> Dodal, \u017ee Harrisov\u00e1 nebyla schopna udr\u017eet \u010derno\u0161sk\u00e9 zam\u011bstnance, kte\u0159\u00ed <\/span><em><span>ji \u201ehromadn\u011b opustili\u201c,<\/span><\/em><span>\u00a0ale \u00fa\u0159edn\u00edci administrativy se\u00a0<\/span><em><span>\u201ebohu\u017eel\u201c<\/span><\/em><span>\u00a0rozhodli ponechat ji jako Bidenovu spolupracovnici po intern\u00ed debat\u011b.<\/span><\/p>\n<p><span>Kraiger se v Bidenov\u011b administrativ\u011b popsal jako\u00a0<\/span><em><span>\u201epom\u011brn\u011b vysoko\u201c<\/span><\/em><span>\u00a0a ironicky tvrdil, \u017ee je\u00a0<\/span><em><span>\u201edobr\u00fd v udr\u017eov\u00e1n\u00ed tajemstv\u00ed\u201c.<\/span><\/em><\/p>\n<p><span>O&#8217;Keefe se na konci rozhovoru vypt\u00e1val a zeptal se Kraigera, jak se bezpe\u010dnostn\u00ed \u00fa\u0159edn\u00edk B\u00edl\u00e9ho domu dostal k setk\u00e1n\u00ed se slavn\u00fdm novin\u00e1\u0159em se skrytou kamerou.\u00a0<\/span><em><span>&#8222;Prov\u00e1d\u00edme dobrou kyberbezpe\u010dnostn\u00ed operaci,&#8220;<\/span><\/em><span>\u00a0trval na sv\u00e9m zam\u011bstnanec. O&#8217;Keefe odpov\u011bd\u011bl:\u00a0<\/span><em><span>&#8222;O\u010dividn\u011b ne, proto\u017ee se se mnou sch\u00e1z\u00ed\u0161.&#8220; Ned\u011blal jste sv\u016fj v\u00fdzkum? Co je to za klauni\u00e1du, kterou p\u0159ej\u00ed\u017ed\u00edte v B\u00edl\u00e9m dom\u011b?&#8220;<\/span><\/em><\/p>\n<p><img decoding=\"async\" loading=\"lazy\" class=\"alignnone size-full wp-image-1185\" src=\"http:\/\/www.infokuryr.cz\/n\/wp-content\/uploads\/2021\/04\/kuryr-podpis.png\" alt=\"\" width=\"84\" height=\"24\" \/><\/p>\n<p>&nbsp;<\/p>\n<p>&nbsp;<\/p>\n","protected":false},"excerpt":{"rendered":"<p>Analytik kybernetick\u00e9 bezpe\u010dnosti \u0159ekl utajen\u00e9mu novin\u00e1\u0159i, \u017ee ameri\u010dt\u00ed \u00fa\u0159edn\u00edci se soukrom\u011b ob\u00e1vaj\u00ed o prezidenta a&#8230;<\/p>\n","protected":false},"author":2,"featured_media":46093,"comment_status":"closed","ping_status":"closed","sticky":false,"template":"","format":"standard","meta":[],"categories":[7],"tags":[72,2358,530,2131,1052],"_links":{"self":[{"href":"https:\/\/www.infokuryr.cz\/n\/wp-json\/wp\/v2\/posts\/46092"}],"collection":[{"href":"https:\/\/www.infokuryr.cz\/n\/wp-json\/wp\/v2\/posts"}],"about":[{"href":"https:\/\/www.infokuryr.cz\/n\/wp-json\/wp\/v2\/types\/post"}],"author":[{"embeddable":true,"href":"https:\/\/www.infokuryr.cz\/n\/wp-json\/wp\/v2\/users\/2"}],"replies":[{"embeddable":true,"href":"https:\/\/www.infokuryr.cz\/n\/wp-json\/wp\/v2\/comments?post=46092"}],"version-history":[{"count":0,"href":"https:\/\/www.infokuryr.cz\/n\/wp-json\/wp\/v2\/posts\/46092\/revisions"}],"wp:featuredmedia":[{"embeddable":true,"href":"https:\/\/www.infokuryr.cz\/n\/wp-json\/wp\/v2\/media\/46093"}],"wp:attachment":[{"href":"https:\/\/www.infokuryr.cz\/n\/wp-json\/wp\/v2\/media?parent=46092"}],"wp:term":[{"taxonomy":"category","embeddable":true,"href":"https:\/\/www.infokuryr.cz\/n\/wp-json\/wp\/v2\/categories?post=46092"},{"taxonomy":"post_tag","embeddable":true,"href":"https:\/\/www.infokuryr.cz\/n\/wp-json\/wp\/v2\/tags?post=46092"}],"curies":[{"name":"wp","href":"https:\/\/api.w.org\/{rel}","templated":true}]}}