{"id":4607,"date":"2021-09-08T03:27:37","date_gmt":"2021-09-08T01:27:37","guid":{"rendered":"http:\/\/www.infokuryr.cz\/n\/?p=4607"},"modified":"2021-09-08T03:27:37","modified_gmt":"2021-09-08T01:27:37","slug":"eu-zahajila-agresi-vuci-polsku","status":"publish","type":"post","link":"https:\/\/www.infokuryr.cz\/n\/2021\/09\/08\/eu-zahajila-agresi-vuci-polsku\/","title":{"rendered":"EU zah\u00e1jila agresi v\u016f\u010di Polsku!"},"content":{"rendered":"<div id=\"fb-root\"><\/div>\n<p>Ministr spravedlnosti Polska Zbigniew \u0179iobro ozna\u010dil EU za agresora v souvislosti s rozhodnut\u00edm Bruselu stopnout Polsku p\u0159\u00edstup k fondu obnovy. P\u0159itom si je Evropsk\u00e1 komise velmi dob\u0159e v\u011bdoma, \u017ee nem\u00e1 pr\u00e1vo ingerovat do syst\u00e9mu soudnictv\u00ed \u010dlensk\u00fdch zem\u00ed. M\u00e1me co do \u010din\u011bn\u00ed s pokrytectv\u00edm. Pr\u00e1vn\u00ed hybridn\u00ed v\u00e1lka, prohl\u00e1sil polsk\u00fd ministr na dne\u0161n\u00ed tiskovce.<\/p>\n<p>EU pomalu ale jist\u011b p\u0159ich\u00e1z\u00ed o svou legitimitu a mezin\u00e1rodn\u00ed renom\u00e9&#8230; P\u016fjde to v\u016fbec je\u0161t\u011b bez cenzury, totalitarizmu a dikt\u00e1tu?<\/p>\n<p><a href=\"https:\/\/www.wprost.pl\/polityka\/10488484\/zbigniew-ziobro-odpowiada-na-ruch-ke-kolejny-przejaw-agresji.html\">ZDROJ<\/a><\/p>\n<p>&nbsp;<\/p>\n","protected":false},"excerpt":{"rendered":"<p>Ministr spravedlnosti Polska Zbigniew \u0179iobro ozna\u010dil EU za agresora v souvislosti s rozhodnut\u00edm Bruselu stopnout&#8230;<\/p>\n","protected":false},"author":2,"featured_media":906,"comment_status":"closed","ping_status":"closed","sticky":false,"template":"","format":"standard","meta":[],"categories":[7],"tags":[41,31,48],"_links":{"self":[{"href":"https:\/\/www.infokuryr.cz\/n\/wp-json\/wp\/v2\/posts\/4607"}],"collection":[{"href":"https:\/\/www.infokuryr.cz\/n\/wp-json\/wp\/v2\/posts"}],"about":[{"href":"https:\/\/www.infokuryr.cz\/n\/wp-json\/wp\/v2\/types\/post"}],"author":[{"embeddable":true,"href":"https:\/\/www.infokuryr.cz\/n\/wp-json\/wp\/v2\/users\/2"}],"replies":[{"embeddable":true,"href":"https:\/\/www.infokuryr.cz\/n\/wp-json\/wp\/v2\/comments?post=4607"}],"version-history":[{"count":0,"href":"https:\/\/www.infokuryr.cz\/n\/wp-json\/wp\/v2\/posts\/4607\/revisions"}],"wp:featuredmedia":[{"embeddable":true,"href":"https:\/\/www.infokuryr.cz\/n\/wp-json\/wp\/v2\/media\/906"}],"wp:attachment":[{"href":"https:\/\/www.infokuryr.cz\/n\/wp-json\/wp\/v2\/media?parent=4607"}],"wp:term":[{"taxonomy":"category","embeddable":true,"href":"https:\/\/www.infokuryr.cz\/n\/wp-json\/wp\/v2\/categories?post=4607"},{"taxonomy":"post_tag","embeddable":true,"href":"https:\/\/www.infokuryr.cz\/n\/wp-json\/wp\/v2\/tags?post=4607"}],"curies":[{"name":"wp","href":"https:\/\/api.w.org\/{rel}","templated":true}]}}