{"id":4605,"date":"2021-09-08T03:21:48","date_gmt":"2021-09-08T01:21:48","guid":{"rendered":"http:\/\/www.infokuryr.cz\/n\/?p=4605"},"modified":"2021-09-08T03:21:48","modified_gmt":"2021-09-08T01:21:48","slug":"taliban-predstavil-novou-afghanskou-vladu","status":"publish","type":"post","link":"https:\/\/www.infokuryr.cz\/n\/2021\/09\/08\/taliban-predstavil-novou-afghanskou-vladu\/","title":{"rendered":"T\u00e1lib\u00e1n p\u0159edstavil novou afgh\u00e1nskou vl\u00e1du"},"content":{"rendered":"<div id=\"fb-root\"><\/div>\n<p><strong>Kl\u00ed\u010dov\u00e1 k\u0159esla v prozat\u00edmn\u00ed vl\u00e1d\u011b T\u00e1lib\u00e1nu (hnut\u00ed je v Rusku zak\u00e1z\u00e1no jako teroristick\u00e9) zast\u00e1vaj\u00ed Amir Ch\u00e1n Mutak\u00ed jako ministr zahrani\u010d\u00ed, Mohammad Jak\u00fab, z\u00e1stupce l\u00eddra T\u00e1lib\u00e1nu jako \u0161\u00e9f resortu obrany a Abdul-Ghan\u00ed Baradar se stal vicepremi\u00e9rem.<\/strong><\/p>\n<p>Hassan Achund se stal premi\u00e9rem, Serad\u017euddin Hakkani byl jmenov\u00e1n do \u010dela ministerstva vnitra; \u0161\u00e9fem rozv\u011bdky je Abdul Hak Wasik. Krom\u011b toho byl ministrem \u0161kolstv\u00ed jmenov\u00e1n \u0161ejk Mawlawi Nurull\u00e1h Munir, ministrem hospod\u00e1\u0159stv\u00ed\u00a0byl\u00a0jmenov\u00e1n Muhammad Hanif a \u0161\u00e9fem centr\u00e1ln\u00ed banky zem\u011b pak mulla Muhammad Idris.<\/p>\n<p>Ohl\u00e1\u0161en\u00e9 slo\u017een\u00ed afgh\u00e1nsk\u00e9 vl\u00e1dy je sp\u00ed\u0161e prozat\u00edmn\u00ed, nikoli trval\u00e9, \u0159ekl na tiskov\u00e9 konferenci mluv\u010d\u00ed T\u00e1lib\u00e1nu Zabiull\u00e1h Mud\u017e\u00e1hid.<\/p>\n<p><em>\u201eOhl\u00e1\u0161en\u00e1 vl\u00e1da je prozat\u00edmn\u00ed, nikoli trval\u00e1,\u201c\u00a0<\/em>\u0159ekl mluv\u010d\u00ed T\u00e1lib\u00e1nu na tiskov\u00e9 konferenci vys\u00edlan\u00e9 televiz\u00ed Al-D\u017eaz\u00edra.<\/p>\n<p>V\u010dera hnut\u00ed T\u00e1lib\u00e1n zaslalo pozv\u00e1nky Turecku, \u010c\u00edn\u011b, Rusku, \u00cdr\u00e1nu, P\u00e1kist\u00e1nu a Kataru na slavnost u p\u0159\u00edle\u017eitosti\u00a0<strong>vyhl\u00e1\u0161en\u00ed slo\u017een\u00ed vl\u00e1dy<\/strong>, ozn\u00e1mila televizn\u00ed stanice Al-D\u017eaz\u00edra s odvol\u00e1n\u00edm na zdroj v tomto hnut\u00ed. Mluv\u010d\u00ed t\u00e1lib\u00e1nc\u016f Ahmadull\u00e1h Muttaqi 6. z\u00e1\u0159\u00ed ozn\u00e1mil, \u017ee p\u0159\u00edpravy na vyhl\u00e1\u0161en\u00ed slo\u017een\u00e9 nov\u00e9 vl\u00e1dy Afgh\u00e1nist\u00e1nu jsou ukon\u010deny.<\/p>\n<p><em>\u201eV\u00edte, \u017ee nebylo zat\u00edm p\u0159ijato \u017e\u00e1dn\u00e9 rozhodnut\u00ed o uzn\u00e1n\u00ed t\u00e1lib\u00e1nc\u016f. V\u00edte krom\u011b toho, \u017ee skute\u010dn\u011b velmi d\u016fkladn\u011b sledujeme d\u011bn\u00ed v t\u00e9to zemi a to hlavn\u00ed je, \u017ee se sna\u017e\u00edme zat\u00edm pochopit, do jak\u00e9 m\u00edry budou sliby t\u00e1lib\u00e1nc\u016f a jejich prohl\u00e1\u0161en\u00ed odpov\u00eddat jejich budouc\u00edm akc\u00edm,\u201c<\/em>\u00a0\u0159ekl\u00a0v utery mluv\u010d\u00ed prezidenta RF Peskov novin\u00e1\u0159\u016fm, kdy\u017e odpov\u00eddal na ot\u00e1zku, jak p\u0159ijal prezident RF Vladimir Putin pozv\u00e1n\u00ed t\u00e1lib\u00e1nc\u016f k\u00a0\u00fa\u010dasti\u00a0na ceremoni\u00e1lu vyhl\u00e1\u0161en\u00ed nov\u00e9 vl\u00e1dy Afgh\u00e1nist\u00e1nu.<\/p>\n<p>Americk\u00e9 \u00fa\u0159ady tak\u00e9\u00a0nehodlaj\u00ed\u00a0sp\u011bchat s rozhodnut\u00edm o mo\u017enosti\u00a0<strong>uzn\u00e1n\u00ed<\/strong>\u00a0moci radik\u00e1ln\u00edho hnut\u00ed T\u00e1lib\u00e1n v Afgh\u00e1nist\u00e1nu. Uvedla to v \u00fater\u00fd na pravideln\u00e9m br\u00edfinku tiskov\u00e1 mluv\u010d\u00ed B\u00edl\u00e9ho domu Jen Psakiov\u00e1.<\/p>\n<p>Vl\u00e1da vytvo\u0159en\u00e1 hnut\u00edm T\u00e1lib\u00e1n (v Rusku zak\u00e1z\u00e1n) m\u016f\u017ee vl\u00e1dnout a\u017e po dobu dvou let. Takov\u00fd n\u00e1zor vyj\u00e1d\u0159il pro agenturu TASS gener\u00e1ln\u00ed tajemn\u00edk doln\u00ed komory afgh\u00e1nsk\u00e9ho parlamentu Abdul Kader Zazaj Vatandost.<\/p>\n<p>\u201eKdy\u017e budeme vych\u00e1zet z historick\u00e9 praxe Afgh\u00e1nist\u00e1nu, tak si mysl\u00edm, \u017ee T\u00e1libov\u00e9 budou m\u00edt p\u0159echodnou vl\u00e1du minim\u00e1ln\u011b dva roky. N\u00e1sledn\u011b, po zanesen\u00ed zm\u011bn do \u00fastavy, mohou vyhl\u00e1sit volby. Douf\u00e1m, \u017ee sou\u010dasn\u011b prob\u011bhnou i prezidentsk\u00e9 volby, i volby do parlamentu,\u201c \u0159ekl.<\/p>\n<p>Vatandost vysv\u011btlil, \u017ee po roce 2001 byla vytvo\u0159ena do\u010dasn\u00e1 vl\u00e1da pod veden\u00edm Hamida Karzaiho. Ta \u201efungovala v takov\u00e9m form\u00e1tu dva roky, pot\u00e9 byla vytvo\u0159ena\u00a0v\u0161eafgh\u00e1nsk\u00e1\u00a0rada Lojja D\u017eirgi pro projedn\u00e1v\u00e1n\u00ed \u00fastavy a n\u00e1sledn\u00e9 volby\u201c.<\/p>\n<p>Ohledn\u011b afgh\u00e1nsk\u00e9ho kabinetu, \u010dlen parlamentu zm\u00ednil, \u017ee \u201eje zat\u00edm p\u0159\u00edli\u0161 brzy, ne\u017e aby bylo mo\u017en\u00e9 mluvit o tom, nakolik je profesion\u00e1ln\u00ed tato vl\u00e1da \u010di nakolik je inkluzivn\u00ed\u201c. \u201eMysl\u00edm si, \u017ee je pot\u0159eba d\u00e1t t\u00e9to vl\u00e1d\u011b t\u0159i m\u011bs\u00edce na to, aby uk\u00e1zala, nakolik je schopn\u00e1 n\u00e9st odpov\u011bdnost a jak\u00e9 kroky bude d\u011blat. Pak budeme moci analyzovat tyto aspekty,\u201c dodal.<\/p>\n<p>P\u0159ed m\u011bs\u00edcem zaktivizovali t\u00e1lib\u00e1nci ofenz\u00edvu na vl\u00e1dn\u00ed s\u00edly a 15. srpna vstoupili do K\u00e1bulu. Den na to prohl\u00e1sili, \u017ee v\u00e1lka skon\u010dila a \u017ee forma vl\u00e1dy bude vyjasn\u011bna v nejbli\u017e\u0161\u00ed dob\u011b. V noci na 31. srpna opustili ameri\u010dt\u00ed voj\u00e1ci k\u00e1bulsk\u00e9 leti\u0161t\u011b, t\u00edm skon\u010dila t\u00e9m\u011b\u0159 dvacetilet\u00e1 americk\u00e1 vojensk\u00e1 p\u0159\u00edtomnost v Afgh\u00e1nist\u00e1nu. Dne 6. z\u00e1\u0159\u00ed u\u010dinili t\u00e1libov\u00e9 prohl\u00e1\u0161en\u00ed, \u017ee\u00a0<strong>Pand\u017e\u0161\u00edr<\/strong>, posledn\u00ed ze 34 afgh\u00e1nsk\u00fdch provinci\u00ed, po boj\u00edch p\u0159e\u0161el pod jejich kontrolu, a podruh\u00e9 za t\u0159i t\u00fddny prohl\u00e1sili, \u017ee v\u00e1lka skon\u010dila. S\u00edly m\u00edstn\u00edho odboje pod veden\u00edm Ahmada Massouda ale zpr\u00e1vu o p\u00e1du Pand\u017e\u0161\u00edru\u00a0vyvr\u00e1tily.<\/p>\n<p><a href=\"https:\/\/cz.sputniknews.com\/20210907\/taliban-predstavil-novou-afghanskou-vladu-15757652.html\">ZDROJ<\/a><\/p>\n<p>&nbsp;<\/p>\n","protected":false},"excerpt":{"rendered":"<p>Kl\u00ed\u010dov\u00e1 k\u0159esla v prozat\u00edmn\u00ed vl\u00e1d\u011b T\u00e1lib\u00e1nu (hnut\u00ed je v Rusku zak\u00e1z\u00e1no jako teroristick\u00e9) zast\u00e1vaj\u00ed Amir&#8230;<\/p>\n","protected":false},"author":2,"featured_media":3253,"comment_status":"closed","ping_status":"closed","sticky":false,"template":"","format":"standard","meta":[],"categories":[7],"tags":[227,99],"_links":{"self":[{"href":"https:\/\/www.infokuryr.cz\/n\/wp-json\/wp\/v2\/posts\/4605"}],"collection":[{"href":"https:\/\/www.infokuryr.cz\/n\/wp-json\/wp\/v2\/posts"}],"about":[{"href":"https:\/\/www.infokuryr.cz\/n\/wp-json\/wp\/v2\/types\/post"}],"author":[{"embeddable":true,"href":"https:\/\/www.infokuryr.cz\/n\/wp-json\/wp\/v2\/users\/2"}],"replies":[{"embeddable":true,"href":"https:\/\/www.infokuryr.cz\/n\/wp-json\/wp\/v2\/comments?post=4605"}],"version-history":[{"count":0,"href":"https:\/\/www.infokuryr.cz\/n\/wp-json\/wp\/v2\/posts\/4605\/revisions"}],"wp:featuredmedia":[{"embeddable":true,"href":"https:\/\/www.infokuryr.cz\/n\/wp-json\/wp\/v2\/media\/3253"}],"wp:attachment":[{"href":"https:\/\/www.infokuryr.cz\/n\/wp-json\/wp\/v2\/media?parent=4605"}],"wp:term":[{"taxonomy":"category","embeddable":true,"href":"https:\/\/www.infokuryr.cz\/n\/wp-json\/wp\/v2\/categories?post=4605"},{"taxonomy":"post_tag","embeddable":true,"href":"https:\/\/www.infokuryr.cz\/n\/wp-json\/wp\/v2\/tags?post=4605"}],"curies":[{"name":"wp","href":"https:\/\/api.w.org\/{rel}","templated":true}]}}