{"id":4604,"date":"2021-09-08T03:17:50","date_gmt":"2021-09-08T01:17:50","guid":{"rendered":"http:\/\/www.infokuryr.cz\/n\/?p=4604"},"modified":"2021-09-08T03:17:50","modified_gmt":"2021-09-08T01:17:50","slug":"byl-vydan-manual-pasma-a-stezky-2020","status":"publish","type":"post","link":"https:\/\/www.infokuryr.cz\/n\/2021\/09\/08\/byl-vydan-manual-pasma-a-stezky-2020\/","title":{"rendered":"Byl vyd\u00e1n Manu\u00e1l P\u00e1sma a stezky (2020)"},"content":{"rendered":"<div id=\"fb-root\"><\/div>\n<p>Nakladatelstv\u00ed \u010d\u00ednsk\u00fdch spole\u010densk\u00fdch v\u011bd vydalo v \u00fater\u00fd Manu\u00e1l P\u00e1sma a stezky (2020), kter\u00fd odr\u00e1\u017e\u00ed nejnov\u011bj\u0161\u00ed v\u00fdsledky praxe a pr\u016fzkumu teorie iniciativy P\u00e1sma a stezky. N\u00e1sleduje konkr\u00e9tn\u00ed report\u00e1\u017e.<\/p>\n<p>P\u0159ed t\u0159emi lety vydalo Nakladatelstv\u00ed \u010d\u00ednsk\u00fdch spole\u010densk\u00fdch v\u011bd Manu\u00e1l P\u00e1sma a stezky (2018) v \u010d\u00edn\u0161tin\u011b. Za rok byla vyd\u00e1na anglick\u00e1 verze proslul\u00fdm britsk\u00fdm mezin\u00e1rodn\u00edm profesion\u00e1ln\u00edm nakladatelstv\u00edm Routledge. Krom\u011b toho byla tato kniha za\u0159azena na seznam dobr\u00fdch knih skupiny Taylor Francis za rok 2019.<\/p>\n<p>Nov\u00e1 kniha Manu\u00e1l P\u00e1sma a stezky (2020) obsahuje celkem 155 z\u00e1znam\u016f, ke 117 z\u00e1znam\u016fm ve verzi z roku 2018 bylo p\u0159id\u00e1no 38 polo\u017eek. Xie Fuzhan (Sie Fu-\u010dan), prezident \u010c\u00ednsk\u00e9 akademie spole\u010densk\u00fdch v\u011bd a p\u0159edseda Rady n\u00e1rodn\u00edch think-tank\u016f na vysok\u00e9 \u00farovni \u010c\u00ednsk\u00e9 akademie spole\u010densk\u00fdch v\u011bd, pouk\u00e1zal na to, \u017ee nov\u00e1 verze knihy nen\u00ed dopln\u011bk verze z roku 2018, ale je \u201epokra\u010dov\u00e1n\u00edm p\u0159\u00edb\u011bhu\u201c, kter\u00e9 odr\u00e1\u017e\u00ed nejnov\u011bj\u0161\u00ed v\u00fdsledky praxe a pr\u016fzkumu teorie iniciativy P\u00e1sma a stezky od konce roku 2017.<\/p>\n<p>Xie Fuzhan \u0159ekl: \u201eS c\u00edlem p\u0159izp\u016fsobit se po\u017eadavk\u016fm vysoce kvalitn\u00edho v\u00fdvoje iniciativy P\u00e1sma a stezky jsme integrovali novou situaci, nov\u00e9 pokroky a nov\u00e9 konotace v r\u00e1mci P\u00e1sma a stezky na z\u00e1klad\u011b p\u0159edchoz\u00ed verze, t\u00edm jsme vytvo\u0159ili sou\u010dasnou novou verzi knihy s bohat\u00fdm a dokonal\u00fdm syst\u00e9mem, kter\u00e1 v\u0161estrann\u011b a komplexn\u011b ukazuje mezin\u00e1rodn\u00edmu spole\u010denstv\u00ed rozvojov\u00e9 pokroky a plodn\u00e9 v\u00fdsledky \u010d\u00ednsk\u00e9 iniciativy P\u00e1sma a stezky.<\/p>\n<p>Do konce srpna leto\u0161n\u00edho roku podepsala \u010c\u00edna p\u0159es 200 dokument\u016f o spolupr\u00e1ci se 172 zem\u011bmi a mezin\u00e1rodn\u00edmi organizacemi v r\u00e1mci P\u00e1sma a stezky. Iniciativa P\u00e1sma a stezky se u\u017e stala popul\u00e1rn\u00edm mezin\u00e1rodn\u00edm ve\u0159ejn\u00fdm produktem a je tak\u00e9 nejv\u011bt\u0161\u00ed platformou pro spolupr\u00e1ci na sv\u011bt\u011b. S nep\u0159etr\u017eit\u00fdm pokrokem P\u00e1sma a stezky dos\u00e1hla p\u0159\u00edslu\u0161n\u00e1 odv\u011btv\u00ed mnoha nov\u00fdch v\u00fdsledk\u016f.<\/p>\n<p>Jeremy North, prezident spole\u010dnosti Taylor Francis Group Book Business, je p\u0159esv\u011bd\u010den, \u017ee kniha m\u00e1 velk\u00fd v\u00fdznam k pochopen\u00ed mezin\u00e1rodn\u00ed spolupr\u00e1ce a d\u016fle\u017eit\u00e9 roli \u010c\u00edny v mezin\u00e1rodn\u00edm spole\u010denstv\u00ed.<\/p>\n<p>\u201eV posledn\u00edch t\u0159ech letech se v\u00fdrazn\u011b projevuje na\u0161e rostouc\u00ed z\u00e1vislost na mezin\u00e1rodn\u00ed spolupr\u00e1ci, na dopravn\u00ed infrastruktu\u0159e pro dod\u00e1vku zbo\u017e\u00ed, na propojenosti vztah\u016f v sou\u010dasn\u00e9m modern\u00edm sv\u011bt\u011b a na nutnosti neust\u00e1le investovat, abychom odolali nov\u00fdm v\u00fdzv\u00e1m. Manu\u00e1l P\u00e1sma a stezky je nejen autoritativn\u00ed pr\u016fvodce k \u0159e\u0161en\u00ed t\u011bchto probl\u00e9m\u016f, ale tak\u00e9 m\u00e1 region\u00e1ln\u00ed, mezin\u00e1rodn\u00ed a glob\u00e1ln\u00ed v\u00fdznam z hlediska dlouhodob\u00fdch \u010d\u00ednsk\u00fdch politik a \u010d\u00ednsk\u00e9ho rozvoje ve sv\u011bt\u011b.\u201c<\/p>\n<p>Uv\u00e1d\u00ed se, \u017ee budouc\u00ed manu\u00e1ly budou p\u0159ipraveny v souladu s nejnov\u011bj\u0161\u00edm v\u00fdvojem v mezin\u00e1rodn\u00ed i vnitrost\u00e1tn\u00ed situaci. To p\u0159isp\u011bje k pos\u00edlen\u00ed akademick\u00e9 interakce mezi think-tanky \u010c\u00edny a z\u00e1padn\u00edch zem\u00ed, aby to vyvolalo siln\u00fd akademick\u00fd a soci\u00e1ln\u00ed vliv, pomohlo to formovat a roz\u0161\u00ed\u0159it glob\u00e1ln\u00ed hlas a ak\u010dn\u00ed vliv iniciativy P\u00e1sma a stezky a umo\u017enilo to lidem v\u0161ech zem\u00ed pln\u011b porozum\u011bt iniciativ\u011b P\u00e1sma a stezky.<\/p>\n<p><img decoding=\"async\" loading=\"lazy\" class=\"alignnone size-full wp-image-1185\" src=\"http:\/\/www.infokuryr.cz\/n\/wp-content\/uploads\/2021\/04\/kuryr-podpis.png\" alt=\"\" width=\"84\" height=\"24\" \/><\/p>\n<p>&nbsp;<\/p>\n","protected":false},"excerpt":{"rendered":"<p>Nakladatelstv\u00ed \u010d\u00ednsk\u00fdch spole\u010densk\u00fdch v\u011bd vydalo v \u00fater\u00fd Manu\u00e1l P\u00e1sma a stezky (2020), kter\u00fd odr\u00e1\u017e\u00ed nejnov\u011bj\u0161\u00ed&#8230;<\/p>\n","protected":false},"author":2,"featured_media":3807,"comment_status":"closed","ping_status":"closed","sticky":false,"template":"","format":"standard","meta":[],"categories":[7],"tags":[30,1162],"_links":{"self":[{"href":"https:\/\/www.infokuryr.cz\/n\/wp-json\/wp\/v2\/posts\/4604"}],"collection":[{"href":"https:\/\/www.infokuryr.cz\/n\/wp-json\/wp\/v2\/posts"}],"about":[{"href":"https:\/\/www.infokuryr.cz\/n\/wp-json\/wp\/v2\/types\/post"}],"author":[{"embeddable":true,"href":"https:\/\/www.infokuryr.cz\/n\/wp-json\/wp\/v2\/users\/2"}],"replies":[{"embeddable":true,"href":"https:\/\/www.infokuryr.cz\/n\/wp-json\/wp\/v2\/comments?post=4604"}],"version-history":[{"count":0,"href":"https:\/\/www.infokuryr.cz\/n\/wp-json\/wp\/v2\/posts\/4604\/revisions"}],"wp:featuredmedia":[{"embeddable":true,"href":"https:\/\/www.infokuryr.cz\/n\/wp-json\/wp\/v2\/media\/3807"}],"wp:attachment":[{"href":"https:\/\/www.infokuryr.cz\/n\/wp-json\/wp\/v2\/media?parent=4604"}],"wp:term":[{"taxonomy":"category","embeddable":true,"href":"https:\/\/www.infokuryr.cz\/n\/wp-json\/wp\/v2\/categories?post=4604"},{"taxonomy":"post_tag","embeddable":true,"href":"https:\/\/www.infokuryr.cz\/n\/wp-json\/wp\/v2\/tags?post=4604"}],"curies":[{"name":"wp","href":"https:\/\/api.w.org\/{rel}","templated":true}]}}