{"id":46023,"date":"2024-02-01T00:37:59","date_gmt":"2024-01-31T23:37:59","guid":{"rendered":"https:\/\/www.infokuryr.cz\/n\/?p=46023"},"modified":"2024-01-31T16:59:54","modified_gmt":"2024-01-31T15:59:54","slug":"tri-zapadne-emancipovane-africke-staty-opousteji-ecowas","status":"publish","type":"post","link":"https:\/\/www.infokuryr.cz\/n\/2024\/02\/01\/tri-zapadne-emancipovane-africke-staty-opousteji-ecowas\/","title":{"rendered":"T\u0159i \u201ez\u00e1padn\u011b emancipovan\u00e9\u201c africk\u00e9 st\u00e1ty opou\u0161t\u011bj\u00ed ECOWAS"},"content":{"rendered":"<div id=\"fb-root\"><\/div>\n<p><span>Mali, Burkina Faso a Niger ned\u00e1vno ozn\u00e1mily sv\u00e9 vystoupen\u00ed ze \u201ez\u00e1padem ovl\u00e1dan\u00e9\u201c z\u00e1padoafrick\u00e9 ekonomick\u00e9 aliance ECOWAS.<\/span><\/p>\n<p><span style=\"font-size: 18pt;\"><strong>Pomsta za \u201esankce ECOWAS\u201c<\/strong><\/span><\/p>\n<p><span>Vl\u00e1dy Mali, Burkiny Faso a Nigeru\u00a0nyn\u00ed zjevn\u011b opustily\u00a0<\/span><a href=\"https:\/\/de.wikipedia.org\/wiki\/Westafrikanische_Wirtschaftsgemeinschaft\"><span>ekonomickou alianci ECOWAS v reakci na p\u0159\u00edsn\u00e9, Z\u00e1padem schv\u00e1len\u00e9 sankce proti jejich zem\u00edm.\u00a0<\/span><\/a><span>Uveden\u00e9 sankce byly uvaleny s c\u00edlem vynutit si zru\u0161en\u00ed vojensk\u00fdch p\u0159evrat\u016f v t\u011bchto t\u0159ech zem\u00edch.\u00a0Nyn\u00ed v\u0161ak zem\u011b jasn\u011b ozn\u00e1mily vystoupen\u00ed z aliance.<\/span><\/p>\n<p><span>Z\u00e1padoafrick\u00e9 st\u00e1ty Mali, Burkina Faso a Niger nyn\u00ed opustily region\u00e1ln\u00ed ekonomick\u00fd blok ECOWAS (Hospod\u00e1\u0159sk\u00e9 spole\u010denstv\u00ed z\u00e1padoafrick\u00fdch st\u00e1t\u016f).\u00a0Jejich p\u0159\u00edslu\u0161n\u00e9 vl\u00e1dy to prohl\u00e1sily 28. ledna a\u00a0<a href=\"https:\/\/apnews.com\/article\/mali-niger-burkina-faso-ecowas-west-africa-5a5dc2180e39223c91b1820067db4011\"><em>AP News<\/em><\/a><\/span><a href=\"https:\/\/apnews.com\/article\/mali-niger-burkina-faso-ecowas-west-africa-5a5dc2180e39223c91b1820067db4011\"><span>\u00a0to ozn\u00e1mily\u00a0<\/span>\u00a0<\/a><span>odpoledne 28. ledna.\u00a0T\u0159i z\u00e1padoafrick\u00e9 vl\u00e1dy obvinily blok z \u201enehum\u00e1nn\u00edch\u201c sankc\u00ed proti jejich zem\u00edm.\u00a0Byli by sankcionov\u00e1ni, aby zvr\u00e1tili vojensk\u00e9 p\u0159evraty ve sv\u00fdch zem\u00edch.<\/span><\/p>\n<p><span style=\"font-size: 18pt;\"><strong>Rozhodnut\u00ed v pln\u00e9 suverenit\u011b \u201et\u0159\u00ed\u201c<\/strong><\/span><\/p>\n<p><span>Ve spole\u010dn\u00e9m prohl\u00e1\u0161en\u00ed, kter\u00e9 v\u0161echny t\u0159i zem\u011b p\u0159e\u010detly ve st\u00e1tn\u00ed televizi, vl\u00e1dy uvedly, \u017ee \u201es plnou suverenitou rozhodly o okam\u017eit\u00e9m sta\u017een\u00ed Burkiny Faso, Mali a Nigeru z Hospod\u00e1\u0159sk\u00e9ho spole\u010denstv\u00ed z\u00e1padoafrick\u00fdch st\u00e1t\u016f (ECOWAS).\u00a0Podle jejich n\u00e1zoru se ECOWAS za t\u00e9m\u011b\u0159 50 let sv\u00e9 existence \u201evzd\u00e1lilo od ide\u00e1l\u016f sv\u00fdch otc\u016f zakladatel\u016f a panafrikanismu\u201c.<\/span><\/p>\n<p><span>\u201eKrom\u011b toho, pod vlivem ciz\u00edch mocnost\u00ed, ECOWAS zpronev\u011b\u0159ilo sv\u00e9 z\u00e1kladn\u00ed principy a stalo se hrozbou pro sv\u00e9 \u010dlensk\u00e9 st\u00e1ty a lidi, jejich\u017e \u0161t\u011bst\u00ed m\u011blo zajistit,\u201c stoj\u00ed v prohl\u00e1\u0161en\u00ed.<\/span><\/p>\n<p><a href=\"https:\/\/twitter.com\/MyLordBebo\/status\/1751609847219433938\"><span>Video<\/span><\/a><span>\u00a0s prohl\u00e1\u0161en\u00edm o rezignaci koluje tak\u00e9\u00a0na zpravodajsk\u00e9 platform\u011b X.<\/span><\/p>\n<p><img decoding=\"async\" loading=\"lazy\" class=\"alignnone wp-image-130282 size-full\" src=\"https:\/\/unser-mitteleuropa.com\/wp-content\/uploads\/2024\/01\/Ecowas-verlassen-Mali-Burkina-Faso-Niger-X.jpg\" sizes=\"(max-width: 549px) 100vw, 549px\" srcset=\"https:\/\/unser-mitteleuropa.com\/wp-content\/uploads\/2024\/01\/Ecowas-verlassen-Mali-Burkina-Faso-Niger-X.jpg 549w, https:\/\/unser-mitteleuropa.com\/wp-content\/uploads\/2024\/01\/Ecowas-verlassen-Mali-Burkina-Faso-Niger-X-240x300.jpg 240w\" alt=\"\" width=\"549\" height=\"685\" \/><\/p>\n<p><span>Podle toho ECOWAS nem\u016f\u017ee ani \u201epom\u00e1hat\u201c \u010dlensk\u00fdm st\u00e1t\u016fm v boji proti \u201ehodn\u011b citovan\u00e9mu\u201c terorismu, ani poskytovat \u201ez\u00e1padem preferovan\u00fd typ bezpe\u010dnosti\u201c v jejich zem\u00edch.\u00a0Mali a Burkina Faso ji\u017e v srpnu lo\u0148sk\u00e9ho roku varovaly, \u017ee opust\u00ed Hospod\u00e1\u0159sk\u00e9 spole\u010denstv\u00ed z\u00e1padoafrick\u00fdch st\u00e1t\u016f.<\/span><\/p>\n<p><span>\u201eJak\u00fdkoli vojensk\u00fd z\u00e1sah proti Nigeru by m\u011bl za n\u00e1sledek sta\u017een\u00ed Burkiny Faso a Mali z ECOWAS a p\u0159ijet\u00ed legitimn\u00edch obrann\u00fdch opat\u0159en\u00ed na podporu ozbrojen\u00fdch sil a lidu Nigeru,\u201c ji\u017e bylo ozn\u00e1meno.<\/span><\/p>\n<p><span>ECOWAS s 15 st\u00e1ty bylo zalo\u017eeno v roce 1975 za \u00fa\u010delem hospod\u00e1\u0159sk\u00e9 integrace \u010dlensk\u00fdch st\u00e1t\u016f.\u00a0V posledn\u00edch letech se organizace sna\u017eila zabr\u00e1nit v regionu \u010dast\u00fdm st\u00e1tn\u00edm p\u0159evrat\u016fm.\u00a0Jejich ob\u010dan\u00e9 si st\u00e1le v\u00edce st\u011b\u017eovali na to, \u017ee nemohou t\u011b\u017eit z bohat\u00fdch p\u0159\u00edrodn\u00edch zdroj\u016f sv\u00fdch zem\u00ed.<\/span><\/p>\n<p><img decoding=\"async\" loading=\"lazy\" class=\"alignnone size-full wp-image-1185\" src=\"http:\/\/www.infokuryr.cz\/n\/wp-content\/uploads\/2021\/04\/kuryr-podpis.png\" alt=\"\" width=\"84\" height=\"24\" \/><\/p>\n<p>&nbsp;<\/p>\n","protected":false},"excerpt":{"rendered":"<p>Mali, Burkina Faso a Niger ned\u00e1vno ozn\u00e1mily sv\u00e9 vystoupen\u00ed ze \u201ez\u00e1padem ovl\u00e1dan\u00e9\u201c z\u00e1padoafrick\u00e9 ekonomick\u00e9 aliance&#8230;<\/p>\n","protected":false},"author":2,"featured_media":46024,"comment_status":"closed","ping_status":"closed","sticky":false,"template":"","format":"standard","meta":[],"categories":[7],"tags":[1271,5615,5492],"_links":{"self":[{"href":"https:\/\/www.infokuryr.cz\/n\/wp-json\/wp\/v2\/posts\/46023"}],"collection":[{"href":"https:\/\/www.infokuryr.cz\/n\/wp-json\/wp\/v2\/posts"}],"about":[{"href":"https:\/\/www.infokuryr.cz\/n\/wp-json\/wp\/v2\/types\/post"}],"author":[{"embeddable":true,"href":"https:\/\/www.infokuryr.cz\/n\/wp-json\/wp\/v2\/users\/2"}],"replies":[{"embeddable":true,"href":"https:\/\/www.infokuryr.cz\/n\/wp-json\/wp\/v2\/comments?post=46023"}],"version-history":[{"count":1,"href":"https:\/\/www.infokuryr.cz\/n\/wp-json\/wp\/v2\/posts\/46023\/revisions"}],"predecessor-version":[{"id":46025,"href":"https:\/\/www.infokuryr.cz\/n\/wp-json\/wp\/v2\/posts\/46023\/revisions\/46025"}],"wp:featuredmedia":[{"embeddable":true,"href":"https:\/\/www.infokuryr.cz\/n\/wp-json\/wp\/v2\/media\/46024"}],"wp:attachment":[{"href":"https:\/\/www.infokuryr.cz\/n\/wp-json\/wp\/v2\/media?parent=46023"}],"wp:term":[{"taxonomy":"category","embeddable":true,"href":"https:\/\/www.infokuryr.cz\/n\/wp-json\/wp\/v2\/categories?post=46023"},{"taxonomy":"post_tag","embeddable":true,"href":"https:\/\/www.infokuryr.cz\/n\/wp-json\/wp\/v2\/tags?post=46023"}],"curies":[{"name":"wp","href":"https:\/\/api.w.org\/{rel}","templated":true}]}}