{"id":46001,"date":"2024-01-31T05:47:28","date_gmt":"2024-01-31T04:47:28","guid":{"rendered":"https:\/\/www.infokuryr.cz\/n\/?p=46001"},"modified":"2024-01-31T05:47:28","modified_gmt":"2024-01-31T04:47:28","slug":"gaza-versus-haag-mezinarodni-soudni-dvur-opet-selhal-pripad-politicke-korektnosti","status":"publish","type":"post","link":"https:\/\/www.infokuryr.cz\/n\/2024\/01\/31\/gaza-versus-haag-mezinarodni-soudni-dvur-opet-selhal-pripad-politicke-korektnosti\/","title":{"rendered":"Gaza versus Haag: Mezin\u00e1rodn\u00ed soudn\u00ed dv\u016fr op\u011bt selhal &#8211; p\u0159\u00edpad &#8222;politick\u00e9 korektnosti&#8220;?"},"content":{"rendered":"<div id=\"fb-root\"><\/div>\n<section class=\"perex\">Sedmn\u00e1cti\u010dlenn\u00fd sen\u00e1t Mezin\u00e1rodn\u00edho soudn\u00edho dvora (ICJ) dnes (26. ledna 2024) shledal tvrzen\u00ed Jihoafrick\u00e9 republiky, \u017ee Izrael p\u00e1ch\u00e1 genocidu, \u201ev\u011brohodn\u00fdm\u201c. To by znamenalo, \u017ee Jihoafrick\u00e1 republika v p\u0159\u00edpadu zv\u00edt\u011bzila.<\/p>\n<p>Bohu\u017eel, bli\u017e\u0161\u00ed pohled je mnohem m\u00e9n\u011b optimistick\u00fd. Ukazuje op\u011bt v\u00e1hav\u00fd rozsudek ICJ, navzdory v\u0161em indici\u00edm pro masivn\u00ed a brut\u00e1ln\u00ed genocidu. Rozsudek je slab\u00fd a t\u00e9m\u011b\u0159 bezv\u00fdznamn\u00fd, pokud jde o bezpe\u010dn\u00e9 budouc\u00ed \u017eivoty Palestinc\u016f.<\/p>\n<\/section>\n<section class=\"clanek-obsah\">Za prv\u00e9, MTS uznal, \u017ee Jihoafrick\u00e1 republika m\u00e1 v tomto p\u0159\u00edpad\u011b jurisdikci, proto\u017ee \u201en\u011bkter\u00e9 v\u011bci, kter\u00e9 Jihoafrick\u00e1 republika tvrd\u00ed, se jist\u011b d\u011bj\u00ed a spadaj\u00ed pod definici \u00damluvy OSN o genocid\u011b z roku 1948\u201c. Viz\u00a0<a href=\"https:\/\/www.un.org\/en\/genocideprevention\/genocide-convention.shtml\" target=\"_blank\" rel=\"external noopener\">tento \u010dl\u00e1nek<\/a>.<\/p>\n<p><strong>Al-D\u017eaz\u00edra shrnula rozhodnut\u00ed ICJ n\u00e1sledovn\u011b:<\/strong><\/p>\n<ul>\n<li>Soud uvedl, \u017ee m\u00e1 pravomoc ve v\u011bci rozhodnout.<\/li>\n<li>Soud na\u0159izuje Izraeli, aby p\u0159ijal opat\u0159en\u00ed k zabr\u00e1n\u011bn\u00ed akt\u016fm genocidy v p\u00e1smu Gazy, zpr\u00e1vu mus\u00ed podat do jednoho m\u011bs\u00edce.<\/li>\n<li>Soud \u0159\u00edk\u00e1, \u017ee Izrael mus\u00ed zabr\u00e1nit podn\u011bcov\u00e1n\u00ed ke genocid\u011b a trestat je.<\/li>\n<li>Soud \u0159\u00edk\u00e1, \u017ee Izrael mus\u00ed umo\u017enit p\u0159\u00edsun humanit\u00e1rn\u00ed pomoci do p\u00e1sma.<\/li>\n<li>Soud zavazuje Izrael k p\u0159ijet\u00ed dal\u0161\u00edch opat\u0159en\u00ed na ochranu Palestinc\u016f, ale nena\u0159izuje mu ukon\u010dit vojensk\u00e9 operace v p\u00e1smu.<\/li>\n<\/ul>\n<p>Soud evidentn\u011b neza\u0161el dostate\u010dn\u011b daleko. K \u010demu je dobr\u00e9 \u201epovolit humanit\u00e1rn\u00ed pomoc a zabr\u00e1nit smrti nevinn\u00fdch ob\u010dan\u016f\u201c, kdy\u017e je Izraeli dovoleno pokra\u010dovat ve vra\u017ed\u011bn\u00ed stovek, ne-li tis\u00edc\u016f nevinn\u00fdch a bezbrann\u00fdch Palestinc\u016f.<\/p>\n<p>Soudn\u00ed dv\u016fr nerozhodl o okam\u017eit\u00e9m p\u0159\u00edm\u011b\u0159\u00ed nebo o p\u0159\u00edm\u011b\u0159\u00ed v\u016fbec \u2013 ani nevydal \u017e\u00e1dost o m\u00edrov\u00e1 jedn\u00e1n\u00ed.<\/p>\n<p>Izrael by se samoz\u0159ejm\u011b takov\u00e9mu rozhodnut\u00ed nepod\u0159\u00eddil a ani zaryt\u00ed zast\u00e1nci Izraele by nep\u0159estali podporovat izraelsk\u00e9 zab\u00edjen\u00ed v \u201esebeobran\u011b\u201c, ale vyslali by sv\u011btu zpr\u00e1vu, toti\u017e \u017ee se MTS neboj\u00ed vyn\u00e1\u0161et \u201epoliticky nepopul\u00e1rn\u00ed\u201c rozsudky a \u017ee Izrael a genocida budou zaps\u00e1ny v kr\u00e1tk\u00e9 75let\u00e9 historii Izraele.<\/p>\n<p>Argument premi\u00e9ra Netanjahua a spol. o \u201esebeobran\u011b\u201c, od\u016fvodn\u011bn\u00fd slovy \u201ejsme ob\u011bti genocidy\u201c, je argumentac\u00ed psychopat\u016f. Rozsah izraelsk\u00e9ho krut\u00e9ho a nemilosrdn\u00e9ho zab\u00edjen\u00ed Palestinc\u016f ukazuje sv\u011btu pravdu.<\/p>\n<p><span style=\"font-size: 18pt;\"><strong>*<\/strong><\/span><\/p>\n<p>P\u0159ed vynesen\u00edm rozsudku se vyj\u00e1d\u0159ila jihoafrick\u00e1 ministryn\u011b zahrani\u010d\u00ed Naledi Pandor:<\/p>\n<p>\u201e<i>T\u0159i p\u00edsmena &#8218;ICJ&#8216; a\u017e do pod\u00e1n\u00ed \u017ealoby mnoho lid\u00ed v Jihoafrick\u00e9 republice neznalo<\/i>\u201c. A d\u00e1le: \u201e<i>Na\u0161\u00edm c\u00edlem bylo a je upozornit na t\u011b\u017ek\u00fd osud nevinn\u00fdch v Palestin\u011b\u201c a \u201eupozornit na nedostatek spravedlnosti a svobody\u201c<\/i>.<\/p>\n<p>Dodala, \u017ee bez ohledu na \u00fasp\u011bch \u010di ne\u00fasp\u011bch \u201eskute\u010dn\u00e1 anal\u00fdza a soud bude na soudu samotn\u00e9m\u201c. Viz\u00a0<a href=\"https:\/\/www.rt.com\/africa\/591311-icj-south-africa-naledi-pandor\/\" target=\"_blank\" rel=\"external noopener\">tento \u010dl\u00e1nek<\/a>\u00a0z RT 26. ledna 2024.<\/p>\n<p>Izraelsk\u00e1 vl\u00e1da rozhodnut\u00ed Mezin\u00e1rodn\u00edho soudn\u00edho dvora nep\u0159ij\u00edm\u00e1 a na\u0159izuje zabr\u00e1nit genocid\u011b palestinsk\u00e9ho lidu. Premi\u00e9r Benjamin Netanjahu prohl\u00e1sil, \u017ee samotn\u00e9 tvrzen\u00ed, \u017ee Izrael p\u00e1ch\u00e1 genocidu, je \u201enejen nepravdiv\u00e9, ale i pobu\u0159uj\u00edc\u00ed\u201c.<\/p>\n<p><strong>Kde tento rozsudek zanech\u00e1v\u00e1 v\u00e1lku?<\/strong><\/p>\n<p>Pokud podpora Z\u00e1padu rychle nezakol\u00eds\u00e1, a to jak mor\u00e1ln\u011b, tak i pen\u011b\u017en\u00edmi dod\u00e1vkami a dod\u00e1vkami zbran\u00ed \u2013 mo\u017en\u00e1 kv\u016fli jist\u00e9 etice, kterou rozhodnut\u00ed soudu mo\u017en\u00e1 probudilo -, bude brut\u00e1ln\u00ed genocida Izraele pravd\u011bpodobn\u011b pokra\u010dovat.<\/p>\n<p>Premi\u00e9r Netanjahu prakticky od prvn\u00edho dne p\u0159edpokl\u00e1dal, \u017ee p\u016fjde o dlouhou v\u00e1lku, a zastra\u0161oval, \u017ee nep\u016fjde jen o v\u00e1lku odvetnou za [Izraelem \/ Z\u00e1padem pl\u00e1novan\u00fd] \u00fatok Ham\u00e1su na Izrael 7. \u0159\u00edjna 2023, ale o v\u00e1lku, jej\u00edm\u017e c\u00edlem bude v p\u0159\u00ed\u0161t\u00edch letech dob\u00fdt velkou \u010d\u00e1st Bl\u00edzk\u00e9ho v\u00fdchodu a jeho bohatstv\u00ed, a to postupn\u00fdm vytvo\u0159en\u00edm \u201eVelk\u00e9ho Izraele\u201c, kter\u00fd bude zahrnovat 100 % Palestiny, 100 % Jord\u00e1nska, 100 % Libanonu, 70 % S\u00fdrie, 50 % Ir\u00e1ku, 33 % Sa\u00fadsk\u00e9 Ar\u00e1bie, Egypta a Nilu. Netanjahu by to samoz\u0159ejm\u011b ne\u0159ekl, ale bylo to implicitn\u00ed.<\/p>\n<div class=\"karta\">\n<figure><img decoding=\"async\" loading=\"lazy\" class=\"aligncenter\" src=\"https:\/\/zvedavec.news\/images\/24\/gaza-versus-icj.webp\" alt=\"[...]\" width=\"580\" height=\"350\" \/><\/figure>\n<\/div>\n<p>Aby toho nebylo m\u00e1lo, zhruba od roku 1984 m\u00e1 Izrael minci deset Agorot, o n\u00ed\u017e se \u0159\u00edk\u00e1, \u017ee na jej\u00ed zadn\u00ed stran\u011b je vyobrazena mapa Velk\u00e9ho Izraele.<\/p>\n<p>Znak na minci by tak\u00e9 mohl p\u0159ipom\u00ednat starov\u011bk\u00e9 Babylonsk\u00e9 kr\u00e1lovstv\u00ed z roku 539 p\u0159. n. l.<\/p>\n<p>Mince 10 Agorot je jednou ze s\u00e9rie minc\u00ed Nov\u00fd izraelsk\u00fd \u0161ekel (NIS), zn\u00e1m\u00e1 tak\u00e9 jako jednodu\u0161e izraelsk\u00fd \u0161ekel (zna\u010dka: \u20aa, k\u00f3d: ILS). Izraelsk\u00fd agorot a \u0161ekel jsou izraelskou m\u011bnou.<\/p>\n<div class=\"karta\">\n<figure><img decoding=\"async\" loading=\"lazy\" class=\"aligncenter\" src=\"https:\/\/zvedavec.news\/images\/24\/gaza-versus-icj.jpg\" alt=\"[...]\" width=\"580\" height=\"304\" \/><\/figure>\n<\/div>\n<p>Vyobrazen\u00ed na minci je pln\u00e9 kontroverz\u00ed. N\u011bkte\u0159\u00ed Izraelci tvrd\u00ed, \u017ee obr\u00e1zek na t\u00e9to nov\u00e9 minci byl p\u0159evzat z p\u016fvodn\u00edho \u0161ekelu \u2013 a \u017ee skute\u010dn\u011b p\u0159edstavuje izraelskou snahu o expanzi sm\u011brem k Velk\u00e9mu Izraeli. Izraelci jsou hrd\u00ed na to, \u017ee nos\u00ed \u201eVelk\u00fd Izrael\u201c po kaps\u00e1ch. Pod\u00edvejte se na to.<\/p>\n<p>Ani\u017e by se o tom p\u0159\u00edli\u0161 mluvilo, v\u011bt\u0161ina Izraelc\u016f podporuje v\u00e1lku proti Gaze\/Palestin\u011b, proto\u017ee m\u00e1 vydl\u00e1\u017edit cestu k Velk\u00e9mu Izraeli. \u017d\u00e1dn\u00fd \u010dasov\u00fd horizont k dosa\u017een\u00ed tohoto c\u00edle nen\u00ed d\u00e1n.<\/p>\n<p>Velk\u00fd Izrael by v\u0161ak byl jedn\u00edm ze surovinov\u011b nejbohat\u0161\u00edch st\u00e1t\u016f na sv\u011bt\u011b, zejm\u00e9na pokud jde o uhlovod\u00edky. Zahrnoval by tak\u00e9 v\u00edce ne\u017e bilion kubick\u00fdch stop plynu objeven\u00fdch v 90. letech 20. stolet\u00ed u pob\u0159e\u017e\u00ed Gazy, kter\u00e9 dnes pat\u0159\u00ed Palestin\u011b.<\/p>\n<p>Zp\u011bt k 26. lednu 2024 slab\u00fd rozsudek ICJ. Ponech\u00e1v\u00e1 Izraeli prostor k tomu, aby pokra\u010doval ve sv\u00e9m sm\u011b\u0159ov\u00e1n\u00ed k Velk\u00e9mu Izraeli, co\u017e je nepochybn\u011b v z\u00e1jmu Z\u00e1padu. M\u00edt t\u00e9m\u011b\u0159 nekone\u010dn\u00e9 z\u00e1soby ropy a plynu z bezpe\u010dn\u00e9ho zdroje, Izraele, by Z\u00e1padu umo\u017enilo p\u0159eru\u0161it jak\u00e9koli vazby na Rusko a arabsk\u00fd sv\u011bt v oblasti dod\u00e1vek energie.<\/p>\n<p>To tak\u00e9 jasn\u011b ukazuje symbiotick\u00fd vztah mezi Izraelem \u2013 um\u011blou zem\u00ed vymy\u0161lenou z\u00e1padn\u00edmi (britsk\u00fdmi) sionisty, vz\u00e1jemnou z\u00e1vislost, kter\u00e1 slou\u017e\u00ed p\u0159edev\u0161\u00edm t\u011bm, kdo Izrael vytvo\u0159ili, a na druh\u00e9 stran\u011b d\u00e1v\u00e1 sionistick\u00e9mu Izraeli vzne\u0161enost\u00a0<i>vyvolen\u00e9ho<\/i>\u00a0n\u00e1roda, jasn\u011b zakotvenou v jejich bibli, T\u00f3\u0159e.<\/p>\n<p>Abychom se k n\u011bmu dostali, muselo by doj\u00edt k velk\u00e9mu krveprolit\u00ed. Tomu se rozumn\u00ed lid\u00e9 MUS\u00cd vyhnout, a pr\u00e1v\u011b zde by mohl m\u00edt a m\u011bl v\u00fdznamn\u00fd vliv Mezin\u00e1rodn\u00ed soudn\u00ed dv\u016fr \u2013 neutr\u00e1ln\u00ed, nereaguj\u00edc\u00ed na \u017e\u00e1dn\u00e9 p\u0159\u00edkazy globalistick\u00fdch v\u016fdc\u016f, kter\u00fd by apeloval na sv\u011bdom\u00ed t\u011bch, kdo genocidu podporuj\u00ed.<\/p>\n<p><strong>Peter Koenig<\/strong><\/p>\n<div class=\"podcarou\">\n<p><a href=\"https:\/\/www.globalresearch.ca\/gaza-versus-hague-icj-failed-again-case-political-correctness\/5847838\" target=\"_blank\" rel=\"external noopener\">Gaza Versus The Hague: The ICJ Failed Again \u2013 A Case of \u201cPolitical Correctness\u201d?<\/a> vy\u0161el 29.1.2024 na Global Reseach. P\u0159eklad\u00a0<a href=\"https:\/\/zvedavec.news\/komentare\/2024\/01\/9958-gaza-versus-haag-mezinarodni-soudni-dvur-opet-selhal-pripad-politicke-korektnosti.htm\">Zvedavec.org<\/a><\/p>\n<\/div>\n<p>&nbsp;<\/p>\n<\/section>\n","protected":false},"excerpt":{"rendered":"<p>Sedmn\u00e1cti\u010dlenn\u00fd sen\u00e1t Mezin\u00e1rodn\u00edho soudn\u00edho dvora (ICJ) dnes (26. ledna 2024) shledal tvrzen\u00ed Jihoafrick\u00e9 republiky, \u017ee&#8230;<\/p>\n","protected":false},"author":2,"featured_media":44475,"comment_status":"closed","ping_status":"closed","sticky":false,"template":"","format":"standard","meta":[],"categories":[7],"tags":[348,107,29,700,520],"_links":{"self":[{"href":"https:\/\/www.infokuryr.cz\/n\/wp-json\/wp\/v2\/posts\/46001"}],"collection":[{"href":"https:\/\/www.infokuryr.cz\/n\/wp-json\/wp\/v2\/posts"}],"about":[{"href":"https:\/\/www.infokuryr.cz\/n\/wp-json\/wp\/v2\/types\/post"}],"author":[{"embeddable":true,"href":"https:\/\/www.infokuryr.cz\/n\/wp-json\/wp\/v2\/users\/2"}],"replies":[{"embeddable":true,"href":"https:\/\/www.infokuryr.cz\/n\/wp-json\/wp\/v2\/comments?post=46001"}],"version-history":[{"count":0,"href":"https:\/\/www.infokuryr.cz\/n\/wp-json\/wp\/v2\/posts\/46001\/revisions"}],"wp:featuredmedia":[{"embeddable":true,"href":"https:\/\/www.infokuryr.cz\/n\/wp-json\/wp\/v2\/media\/44475"}],"wp:attachment":[{"href":"https:\/\/www.infokuryr.cz\/n\/wp-json\/wp\/v2\/media?parent=46001"}],"wp:term":[{"taxonomy":"category","embeddable":true,"href":"https:\/\/www.infokuryr.cz\/n\/wp-json\/wp\/v2\/categories?post=46001"},{"taxonomy":"post_tag","embeddable":true,"href":"https:\/\/www.infokuryr.cz\/n\/wp-json\/wp\/v2\/tags?post=46001"}],"curies":[{"name":"wp","href":"https:\/\/api.w.org\/{rel}","templated":true}]}}