{"id":45947,"date":"2024-01-31T00:42:58","date_gmt":"2024-01-30T23:42:58","guid":{"rendered":"https:\/\/www.infokuryr.cz\/n\/?p=45947"},"modified":"2024-01-30T16:49:38","modified_gmt":"2024-01-30T15:49:38","slug":"icj-prave-odebral-izraeli-monopol-na-holocaust","status":"publish","type":"post","link":"https:\/\/www.infokuryr.cz\/n\/2024\/01\/31\/icj-prave-odebral-izraeli-monopol-na-holocaust\/","title":{"rendered":"ICJ pr\u00e1v\u011b odebral Izraeli monopol na holocaust"},"content":{"rendered":"<div id=\"fb-root\"><\/div>\n<p><span style=\"font-size: 18pt;\"><strong>Rozhodnut\u00ed Mezin\u00e1rodn\u00edho soudn\u00edho dvora o genocid\u011b ukazuje, \u017ee Izrael ji\u017e nen\u00ed pova\u017eov\u00e1n za v\u011b\u010dnou ob\u011b\u0165 a holocaust ho ji\u017e ne\u0161t\u00edt\u00ed p\u0159ed zkoum\u00e1n\u00edm nejz\u00e1va\u017en\u011bj\u0161\u00edch zlo\u010din\u016f proti lidskosti.<\/strong><\/span><\/p>\n<p><a href=\"https:\/\/mondoweiss.net\/2024\/01\/icj-orders-israel-to-prevent-genocidal-acts-in-gaza-and-punish-calls-for-incitement\/\"><span>P\u0159\u00edkaz<\/span><\/a><span>\u00a0Mezin\u00e1rodn\u00edho soudn\u00edho dvora\u00a0z minul\u00e9ho p\u00e1tku Izraeli, aby zabr\u00e1nil genocidn\u00edm \u010din\u016fm v Gaze a potrestal podn\u011bcov\u00e1n\u00ed ke genocid\u011b, ve sv\u00e9 podstat\u011b akceptuje mo\u017enost, \u017ee Izrael bude pachatelem genocidy, a nikoli pouze jej\u00ed historickou ob\u011bt\u00ed.\u00a0Vzhledem k tomu, \u017ee pokra\u010duje ve vy\u0161et\u0159ov\u00e1n\u00ed v\u011brohodn\u00e9ho tvrzen\u00ed o genocid\u011b p\u0159edlo\u017een\u00e9 Jihoafrickou republikou a usiluje o kone\u010dn\u00e9 rozhodnut\u00ed, jeho\u017e dokon\u010den\u00ed m\u016f\u017ee trvat m\u011bs\u00edce (doufejme, \u017ee ne roky), ji\u017e se v tomto bod\u011b zapsala do historie.\u00a0<\/span><\/p>\n<p><a href=\"https:\/\/twitter.com\/MouinRabbani\/status\/1750910570843271453\"><span>Mouin Rabbani ve sv\u00e9m analytick\u00e9m vl\u00e1knu na X<\/span><\/a><span>\u00a0v\u00fdmluvn\u011b poznamenal\u00a0:\u00a0<\/span><\/p>\n<p><em>\u201eHistorie \u2013 s velk\u00fdm H \u2013 se psala dnes.\u00a0Od 26. ledna 2024 ji\u017e Izrael a jeho z\u00e1padn\u00ed sponzo\u0159i nemohou mobilizovat holocaust, aby se chr\u00e1nili p\u0159ed odpov\u011bdnost\u00ed za sv\u00e9 zlo\u010diny proti palestinsk\u00e9mu lidu.<\/em><\/p>\n<p><span>Nen\u00ed p\u0159ekvapen\u00edm, \u017ee izraelsk\u00fd soudce\u00a0<\/span><em><span>ad hoc<\/span><\/em><span>\u00a0Aharon Barak se zoufale sna\u017eil zachr\u00e1nit monopol na to, b\u00fdt nav\u017edy ob\u011bt\u00ed.<\/span><\/p>\n<figure class=\"wp-block-image size-large\"><img decoding=\"async\" loading=\"lazy\" class=\"wp-image-290715 entered lazyloaded aligncenter\" src=\"https:\/\/mondoweiss.net\/wp-content\/uploads\/2024\/01\/20240111-192-5-1024x746.jpg\" sizes=\"(max-width: 1024px) 100vw, 1024px\" srcset=\"https:\/\/mondoweiss.net\/wp-content\/uploads\/2024\/01\/20240111-192-5-1024x746.jpg 1024w, https:\/\/mondoweiss.net\/wp-content\/uploads\/2024\/01\/20240111-192-5-300x219.jpg 300w, https:\/\/mondoweiss.net\/wp-content\/uploads\/2024\/01\/20240111-192-5-150x109.jpg 150w, https:\/\/mondoweiss.net\/wp-content\/uploads\/2024\/01\/20240111-192-5-768x560.jpg 768w, https:\/\/mondoweiss.net\/wp-content\/uploads\/2024\/01\/20240111-192-5-1536x1119.jpg 1536w\" alt=\"Izraelsk\u00fd soudce Aharon Barak p\u0159i slavnostn\u00edm prohl\u00e1\u0161en\u00ed jako soudce ad hoc na ve\u0159ejn\u00fdch sly\u0161en\u00edch Mezin\u00e1rodn\u00edho soudn\u00edho dvora k \u017e\u00e1dosti o ozna\u010den\u00ed prozat\u00edmn\u00edch opat\u0159en\u00ed p\u0159edlo\u017een\u00e9 Jihoafrickou republikou ve v\u011bci Ji\u017en\u00ed Afrika proti Izraeli dne 11. ledna 2024 na Pal\u00e1c m\u00edru v Haagu.  (Foto: Mezin\u00e1rodn\u00ed soudn\u00ed dv\u016fr)\" width=\"629\" height=\"458\" data-lazy-srcset=\"https:\/\/mondoweiss.net\/wp-content\/uploads\/2024\/01\/20240111-192-5-1024x746.jpg 1024w, https:\/\/mondoweiss.net\/wp-content\/uploads\/2024\/01\/20240111-192-5-300x219.jpg 300w, https:\/\/mondoweiss.net\/wp-content\/uploads\/2024\/01\/20240111-192-5-150x109.jpg 150w, https:\/\/mondoweiss.net\/wp-content\/uploads\/2024\/01\/20240111-192-5-768x560.jpg 768w, https:\/\/mondoweiss.net\/wp-content\/uploads\/2024\/01\/20240111-192-5-1536x1119.jpg 1536w\" data-lazy-sizes=\"(max-width: 1024px) 100vw, 1024px\" data-lazy-src=\"https:\/\/mondoweiss.net\/wp-content\/uploads\/2024\/01\/20240111-192-5-1024x746.jpg\" data-ll-status=\"loaded\" \/><figcaption class=\"wp-element-caption\"><em><span style=\"font-size: 10pt;\">IZRAELSK\u00dd SOUDCE AHARON BARAK P\u0158I SLAVNOSTN\u00cdM PROHL\u00c1\u0160EN\u00cd JAKO SOUDCE AD HOC NA VE\u0158EJN\u00ddCH SLY\u0160EN\u00cdCH MEZIN\u00c1RODN\u00cdHO SOUDN\u00cdHO DVORA K \u017d\u00c1DOSTI O OZNA\u010cEN\u00cd PROZAT\u00cdMN\u00cdCH OPAT\u0158EN\u00cd P\u0158EDLO\u017dEN\u00c9 JIHOAFRICKOU REPUBLIKOU VE V\u011aCI JI\u017dN\u00cd AFRIKA PROTI IZRAELI DNE 11. LEDNA 2024 NA PAL\u00c1C M\u00cdRU V HAAGU.\u00a0(FOTO: MEZIN\u00c1RODN\u00cd SOUDN\u00cd DV\u016eR)<\/span><\/em><\/figcaption><\/figure>\n<p><span>Barakovo dlouh\u00e9 nesouhlasn\u00e9 stanovisko k na\u0159\u00edzen\u00ed ICJ se skl\u00e1d\u00e1 ze 49 bod\u016f, v\u010detn\u011b cel\u00e9 \u010d\u00e1sti nazvan\u00e9 \u201eGENOCIDA: AUTOBIOGRAFICK\u00c1 POZN\u00c1MKA\u201c, kde popisuje svou vlastn\u00ed zku\u0161enost s holocaustem jako d\u00edt\u011b v Litv\u011b.\u00a0Dod\u00e1v\u00e1 emoce o tom, jak \u201enacist\u016fm se poda\u0159ilo zavra\u017edit mnoho na\u0161ich lid\u00ed, ale nedok\u00e1zali n\u00e1m vz\u00edt lidskost\u201c.<\/span><\/p>\n<p><span>Barak proch\u00e1z\u00ed \u00fanavn\u00fdmi tvrzen\u00edmi hasbara, \u017ee \u201eIzrael je demokraci\u00ed se siln\u00fdm pr\u00e1vn\u00edm syst\u00e9mem a nez\u00e1visl\u00fdm soudn\u00edm syst\u00e9mem\u201c (co\u017e je st\u00e1t apartheidu s nejvy\u0161\u0161\u00edm soudem, kter\u00fd legalizoval jeho nejd\u016fle\u017eit\u011bj\u0161\u00ed aspekty, v neposledn\u00ed \u0159ad\u011b za jeho p\u0159edsednictv\u00ed), bizarn\u011b. tvrd\u00ed, \u017ee chyb\u00ed d\u016fkazy pro izraelsk\u00fd \u201ez\u00e1m\u011br\u201c genocidy (z\u0159\u00eddkakdy byl p\u0159\u00edpad genocidy v t\u00e9to v\u011bci tak explicitn\u00ed), a ve sv\u00e9m posledn\u00edm bod\u011b se vrac\u00ed k holocaustu:<\/span><\/p>\n<p><em>\u201eGenocida je st\u00ednem nad histori\u00ed \u017eidovsk\u00e9ho n\u00e1roda a prol\u00edn\u00e1 se s mou vlastn\u00ed osobn\u00ed zku\u0161enost\u00ed.\u00a0My\u0161lenka, \u017ee Izrael je nyn\u00ed obvi\u0148ov\u00e1n ze sp\u00e1ch\u00e1n\u00ed genocidy, je pro m\u011b osobn\u011b velmi t\u011b\u017ek\u00e1, jako pro \u010dlov\u011bka, kter\u00fd genocidu p\u0159e\u017eil a hluboce si uv\u011bdomuje oddanost Izraele vl\u00e1d\u011b z\u00e1kona jako \u017eidovsk\u00e9mu a demokratick\u00e9mu st\u00e1tu\u201c.<\/em><\/p>\n<p><span>\u017de je pro Baraka t\u011b\u017ek\u00e9 to p\u0159ijmout, je pochopiteln\u00e9.\u00a0Nikdo ne\u0159ekl, \u017ee to m\u011blo b\u00fdt snadn\u00e9.\u00a0Uv\u011bdomit si, \u017ee jste se stali pachatelem genocidy pot\u00e9, co jste pro\u017eili celo\u017eivotn\u00ed vypr\u00e1v\u011bn\u00ed o jedine\u010dn\u00e9 ob\u011bti, je skute\u010dn\u011b obt\u00ed\u017en\u00fd obrat.\u00a0<\/span><\/p>\n<p><span>Ale Barak je soudce.\u00a0Voskov\u00e1n\u00ed emocion\u00e1ln\u011b a osobn\u011b v tomto kontextu je prost\u011b narcistick\u00e9 a nazna\u010duje to, \u017ee Barak je prost\u011b p\u0159\u00edli\u0161 emocion\u00e1ln\u011b zapojen\u00fd, ne\u017e aby takov\u00fd p\u0159\u00edpad soudil.\u00a0<\/span><\/p>\n<p><span>Ale nemysl\u00edm si, \u017ee mnoho lid\u00ed o\u010dek\u00e1valo, \u017ee Barak bude nestrann\u00fd \u2013 byl, jak se o\u010dek\u00e1valo, zaujat\u00fd v\u016f\u010di sionistick\u00e9 ideologii a izraelsk\u00e9mu st\u00e1tu.\u00a0<\/span><\/p>\n<p><span>Proto tak\u00e9 nep\u0159ekvapuje, \u017ee hlasoval proti v\u011bt\u0161in\u011b ze\u00a0<\/span><a href=\"https:\/\/www.icj-cij.org\/sites\/default\/files\/case-related\/192\/192-20231228-app-01-00-en.pdf\"><span>\u0161esti prozat\u00edmn\u00edch opat\u0159en\u00ed<\/span><\/a><span>\u00a0\u2013 krom\u011b bod\u016f 3 a 4 t\u00fdkaj\u00edc\u00edch se podn\u011bcov\u00e1n\u00ed genocidy a humanit\u00e1rn\u00ed pomoci.\u00a0To nebylo jasn\u00e9 \u2013 Barak chce b\u00fdt vn\u00edm\u00e1n jako liber\u00e1l, a tak hlasoval pro zamezen\u00ed \u0159e\u010d\u00ed o genocid\u011b\u00a0<\/span><sup><span>1<\/span><\/sup><span>\u00a0, a kdo by mohl b\u00fdt tak ned\u016fv\u011b\u0159iv\u00fd, aby doslova hlasoval proti z\u00e1kladn\u00ed humanit\u00e1rn\u00ed pomoci?\u00a0<\/span><sup><span>2<\/span><\/sup><\/p>\n<p><span>P\u0159ev\u00e1\u017en\u00e1 jednomyslnost hlasov\u00e1n\u00ed v 17\u010dlenn\u00e9 porot\u011b \u2013 bylo to bu\u010f 15-2 nebo 16-1 ve v\u0161ech hlasech \u2013 uk\u00e1zala, jak izolovan\u00fd je Izrael mezi jednozna\u010dn\u00fdm sv\u011btov\u00fdm pr\u00e1vn\u00edm konsensem, \u017ee Izrael v\u011brohodn\u011b p\u00e1ch\u00e1 genocidu.\u00a0<\/span><\/p>\n<p><span>Karta holocaustu ji\u017e neslou\u017e\u00ed k ochran\u011b Izraele p\u0159ed kontrolou nejz\u00e1va\u017en\u011bj\u0161\u00edch zlo\u010din\u016f proti lidskosti.\u00a0To, \u017ee Izrael p\u00e1ch\u00e1 zlo\u010din apartheidu, je ji\u017e konsensem v mezin\u00e1rodn\u00edm spole\u010denstv\u00ed pro lidsk\u00e1 pr\u00e1va.\u00a0ICJ pr\u00e1v\u011b ned\u00e1vno prohl\u00e1sil, \u017ee je nejen schopen genocidy, ale tak\u00e9 se zd\u00e1, \u017ee ji aktivn\u011b p\u00e1ch\u00e1 a mus\u00ed od genocidn\u00edch \u010din\u016f upustit.\u00a0<\/span><\/p>\n<p><span>Pro Izraelce je to zjevn\u011b \u0161ok.\u00a0Nejen\u017ee o\u010dek\u00e1vali, \u017ee budou \u017e\u00edt dlouh\u00fd \u017eivot beztrestn\u011b za sv\u016fj po\u010d\u00e1te\u010dn\u00ed a z\u00e1sadn\u00ed zlo\u010din etnick\u00e9 \u010distky Palestinc\u016f, ale tak\u00e9 o\u010dek\u00e1vali, \u017ee si zachovaj\u00ed roli historick\u00e9 ob\u011bti, ob\u011bti jedine\u010dn\u00e9 genocidy, kter\u00e1 si nav\u017edy udr\u017e\u00ed status ob\u011bti.\u00a0Ale genocida Palestinc\u016f, kter\u00e1 tu ve skute\u010dnosti v\u017edy byla jako sou\u010d\u00e1st elimina\u010dn\u00edho, osadnicko-kolonialistick\u00e9ho sionistick\u00e9ho projektu, se nyn\u00ed vys\u00edl\u00e1 po cel\u00e9m sv\u011bt\u011b.<\/span><\/p>\n<p><span>St\u00e1t Izrael byl tak rozmazlen\u00fd beztrestnost\u00ed, \u017ee jeho v\u016fdci nem\u011bli \u017e\u00e1dn\u00e9 obavy z p\u0159\u00edm\u00e9ho podn\u011bcov\u00e1n\u00ed ke genocid\u011b;\u00a0jeho voj\u00e1ci jsou tak zvykl\u00ed d\u011blat si, co cht\u011bj\u00ed, \u017ee se nafilmovali p\u0159i p\u00e1ch\u00e1n\u00ed t\u011b\u017ek\u00fdch v\u00e1le\u010dn\u00fdch zlo\u010din\u016f.\u00a0U\u017e je to nezaj\u00edm\u00e1.\u00a0<\/span><\/p>\n<p><span>Golda Meirov\u00e1 jednou\u00a0<\/span><a href=\"https:\/\/mondoweiss.net\/2016\/02\/to-my-fellow-israelis-we-can-stop-this\/\"><span>\u0159ekla<\/span><\/a><span>\u00a0Shulamit Aloni, \u017ee \u201epo holocaustu si \u017did\u00e9 mohou d\u011blat, co cht\u011bj\u00ed\u201c.\u00a0Zd\u00e1 se v\u0161ak, \u017ee snad nade\u0161el soudn\u00fd den.\u00a0Sv\u011bt nezapomn\u011bl na holocaust.\u00a0Ukazuje se, \u017ee \u201enikdy v\u00edce\u201c plat\u00ed pro v\u0161echny.\u00a0<\/span><\/p>\n<h2 class=\"wp-block-heading\"><span>Pozn\u00e1mky\u00a0\u00a0\u00a0<\/span><\/h2>\n<p class=\"has-small-font-size\"><sup><span>1<\/span><\/sup><span>\u00a0To mi p\u0159ipom\u00edn\u00e1, jak \u0159ekla Golda Meir: \u201eprost\u011b mluv a nemluv [o tom]\u2026 hlavn\u00ed v\u011bc\u00ed, pokud je to mo\u017en\u00e9, je m\u00e9n\u011b mluvit\u201c \u2013 kdy\u017e na\u0159\u00eddila otr\u00e1vit\u00a0<\/span><a href=\"https:\/\/mondoweiss.net\/2023\/06\/new-report-outlines-how-golda-meirs-israel-poisoned-palestinian-land-in-ethnic-cleansing-operation\/\"><span>palestinskou vesnici<\/span><\/a><span>\u00a0b\u011bhem etnick\u00e9 \u010distky. \u00fakon.<\/span><\/p>\n<p class=\"has-small-font-size\"><sup><span>2<\/span><\/sup><span>\u00a0Ano, dob\u0159e, ugandsk\u00e1 soudkyn\u011b Julia Sabutinde hlasovala proti\u00a0<\/span><em><span>v\u0161em<\/span><\/em><span>\u00a0\u0161esti prozat\u00edmn\u00edm opat\u0159en\u00edm.\u00a0Uganda zjistila, \u017ee je nutn\u00e9\u00a0<\/span><a href=\"https:\/\/twitter.com\/adoniaayebare\/status\/1751286819147202690\"><span>se od sv\u00e9ho hlasov\u00e1n\u00ed distancovat<\/span><\/a><span>\u00a0, a lid\u00e9 si kladou ot\u00e1zku, co by \u010dlov\u011bka mohlo p\u0159iv\u00e9st k takov\u00e9mu hlasov\u00e1n\u00ed.\u00a0\u00a0<\/span><\/p>\n<p><span style=\"font-size: 10pt;\"><em><strong>\u00davodn\u00ed fotografie:<\/strong> PALESTINCI TRUCHL\u00cd NAD SV\u00ddMI BL\u00cdZK\u00ddMI, KDY\u017d JSOU VYN\u00c1\u0160ENI Z M\u00c1RNICE NEMOCNICE AL-AKS\u00c1 K POH\u0158BU V DEIR EL-BALAH V GAZE 26. LEDNA 2024. (FOTO: OMAR ASHTAWY\/APA IMAGES)<\/em><\/span><\/p>\n<p><span class=\"by\"><span>AUTOR:\u00a0<\/span><\/span><a class=\"author url fn\" title=\"P\u0159\u00edsp\u011bvky od Jonathana Ofira\" href=\"https:\/\/mondoweiss.net\/author\/jonathan-ofir\/\" rel=\"author\"><span>JONATHAN OFIR<\/span><\/a><\/p>\n<p>&nbsp;<\/p>\n","protected":false},"excerpt":{"rendered":"<p>Rozhodnut\u00ed Mezin\u00e1rodn\u00edho soudn\u00edho dvora o genocid\u011b ukazuje, \u017ee Izrael ji\u017e nen\u00ed pova\u017eov\u00e1n za v\u011b\u010dnou ob\u011b\u0165&#8230;<\/p>\n","protected":false},"author":2,"featured_media":45948,"comment_status":"closed","ping_status":"closed","sticky":false,"template":"","format":"standard","meta":[],"categories":[7],"tags":[810,107,29,700],"_links":{"self":[{"href":"https:\/\/www.infokuryr.cz\/n\/wp-json\/wp\/v2\/posts\/45947"}],"collection":[{"href":"https:\/\/www.infokuryr.cz\/n\/wp-json\/wp\/v2\/posts"}],"about":[{"href":"https:\/\/www.infokuryr.cz\/n\/wp-json\/wp\/v2\/types\/post"}],"author":[{"embeddable":true,"href":"https:\/\/www.infokuryr.cz\/n\/wp-json\/wp\/v2\/users\/2"}],"replies":[{"embeddable":true,"href":"https:\/\/www.infokuryr.cz\/n\/wp-json\/wp\/v2\/comments?post=45947"}],"version-history":[{"count":1,"href":"https:\/\/www.infokuryr.cz\/n\/wp-json\/wp\/v2\/posts\/45947\/revisions"}],"predecessor-version":[{"id":45949,"href":"https:\/\/www.infokuryr.cz\/n\/wp-json\/wp\/v2\/posts\/45947\/revisions\/45949"}],"wp:featuredmedia":[{"embeddable":true,"href":"https:\/\/www.infokuryr.cz\/n\/wp-json\/wp\/v2\/media\/45948"}],"wp:attachment":[{"href":"https:\/\/www.infokuryr.cz\/n\/wp-json\/wp\/v2\/media?parent=45947"}],"wp:term":[{"taxonomy":"category","embeddable":true,"href":"https:\/\/www.infokuryr.cz\/n\/wp-json\/wp\/v2\/categories?post=45947"},{"taxonomy":"post_tag","embeddable":true,"href":"https:\/\/www.infokuryr.cz\/n\/wp-json\/wp\/v2\/tags?post=45947"}],"curies":[{"name":"wp","href":"https:\/\/api.w.org\/{rel}","templated":true}]}}