{"id":45936,"date":"2024-01-31T00:38:31","date_gmt":"2024-01-30T23:38:31","guid":{"rendered":"https:\/\/www.infokuryr.cz\/n\/?p=45936"},"modified":"2024-01-30T16:28:35","modified_gmt":"2024-01-30T15:28:35","slug":"vysoke-ceny-energii-zpusobuji-kolaps-nemecke-vyroby-oceli","status":"publish","type":"post","link":"https:\/\/www.infokuryr.cz\/n\/2024\/01\/31\/vysoke-ceny-energii-zpusobuji-kolaps-nemecke-vyroby-oceli\/","title":{"rendered":"Vysok\u00e9 ceny energi\u00ed zp\u016fsobuj\u00ed kolaps n\u011bmeck\u00e9 v\u00fdroby oceli"},"content":{"rendered":"<div id=\"fb-root\"><\/div>\n<p><strong><span>N\u011bmeck\u00fd ocel\u00e1\u0159sk\u00fd pr\u016fmysl trp\u00ed vysok\u00fdmi n\u00e1klady na energii.\u00a0To vede k poklesu v\u00fdroby oceli, kter\u00e1 nyn\u00ed dos\u00e1hla nejni\u017e\u0161\u00ed \u00farovn\u011b od finan\u010dn\u00ed krize v roce 2009.\u00a0A konec klesaj\u00edc\u00edho trendu je v nedohlednu.\u00a0Semaforov\u00e1 koalice prosazuje destruktivn\u00ed hospod\u00e1\u0159skou politiku, kter\u00e1 \u010din\u00ed N\u011bmecko jako m\u00edsto st\u00e1le neatraktivn\u011bj\u0161\u00edm.<\/span><\/strong><\/p>\n<p><span>Politika semaforsk\u00e9 koalice funguje.\u00a0I kdy\u017e ne tak, jak by to ve skute\u010dnosti m\u011blo b\u00fdt.\u00a0M\u00edsto pos\u00edlen\u00ed N\u011bmecka jako lokality nyn\u00ed doch\u00e1z\u00ed k opravdov\u00e9mu oslaben\u00ed.\u00a0Spolkov\u00e1 republika se op\u011bt st\u00e1v\u00e1 \u201enemocn\u00fdm mu\u017eem\u201c v Evrop\u011b.\u00a0S podporou FDP (a do jist\u00e9 m\u00edry i CDU\/CSU a levice) se soci\u00e1ln\u00edm demokrat\u016fm a zelen\u00fdm da\u0159\u00ed postupn\u011b p\u0159itla\u010dit ekonomiku ke zdi.\u00a0Zvl\u00e1\u0161t\u011b t\u011b\u017ece zasa\u017een je energeticky n\u00e1ro\u010dn\u00fd pr\u016fmysl.<\/span><\/p>\n<p><span>Ukazuj\u00ed to i\u00a0<\/span><a href=\"https:\/\/www.welt.de\/wirtschaft\/article249686292\/Rueckgang-um-3-9-Prozent-Deutsche-Stahlproduktion-auf-14-Jahres-Tief.html\"><span>aktu\u00e1ln\u00ed \u010d\u00edsla<\/span><\/a><span>\u00a0n\u011bmeck\u00e9 v\u00fdroby oceli.\u00a0Loni se ve Spolkov\u00e9 republice vyrobilo pouze 35,4 milionu tun oceli.\u00a0Pokles o 3,9 procenta ve srovn\u00e1n\u00ed s p\u0159edchoz\u00edm rokem a nejni\u017e\u0161\u00ed \u00farove\u0148 produkce od roku 2009, kdy finan\u010dn\u00ed krize zp\u016fsobila celosv\u011btovou recesi.\u00a0Vzhledem k tomu, \u017ee n\u011bmeck\u00fd ocel\u00e1\u0159sk\u00fd pr\u016fmysl b\u011b\u017en\u011b vyr\u00e1b\u00ed kolem 40 milion\u016f tun oceli ro\u010dn\u011b, je tak\u00e9 jasn\u00e9, \u017ee funguje hluboko pod svou kapacitou.\u00a0Deindustrializace\u00a0<\/span><a href=\"https:\/\/report24.news\/deindustrialisierung-schreitet-voran-ist-es-das-was-die-ampel-will\/\"><span>N\u011bmecka<\/span><\/a><span>\u00a0vesele pokra\u010duje.<\/span><\/p>\n<p><span>Hlavn\u00edmi d\u016fvody poklesu v\u00fdroby jsou vysok\u00e9 ceny elekt\u0159iny, kter\u00e9 jsou d\u016fsledkem zpackan\u00e9 energetick\u00e9 transformace (a iniciovan\u00e9 CDU\/CSU a SPD za kancl\u00e9\u0159ky Angely Merkelov\u00e9) a tak\u00e9 ne\u0161\u0165astn\u00e9 energetick\u00e9 sankce v\u016f\u010di Rusku.\u00a0Situaci nelep\u0161\u00ed ani vyost\u0159en\u00ed situace kv\u016fli vy\u0161\u0161\u00edm dan\u00edm z CO2 a dan\u00edm za energie, kter\u00e9 prosazuje semaforsk\u00e1 koalice.\u00a0Nezapome\u0148te, \u017ee feder\u00e1ln\u00ed ministr hospod\u00e1\u0159stv\u00ed Robert Habeck (Zelen\u00ed) zvy\u0161uje tlak na ocel\u00e1\u0159sk\u00fd pr\u016fmysl, aby byla v\u00fdroba v budoucnu \u201eneutr\u00e1ln\u00ed z hlediska CO2\u201c.\u00a0Tedy dekarbonizovan\u00e9.\u00a0Ale cel\u00e9 vod\u00edkov\u00e9 pl\u00e1ny stejn\u011b nebudou realizov\u00e1ny kv\u016fli jejich nerentabilnosti.<\/span><\/p>\n<p><span>Jak je to \u0161patn\u00e9, ukazuje\u00a0<\/span><a href=\"https:\/\/www.saarbruecker-zeitung.de\/saarland\/saar-wirtschaft\/ig-metall-erhebt-vorwuerfe-gegen-robert-habeck-stahl-branche-im-saarland-unter-druck-v20_aid-99603823\"><span>p\u0159\u00edklad s\u00e1rsk\u00e9ho ocel\u00e1\u0159sk\u00e9ho pr\u016fmyslu<\/span><\/a><span>\u00a0, kter\u00fd loni na podzim varoval p\u0159ed masivn\u00edm propou\u0161t\u011bn\u00edm.\u00a0Jen tam je ohro\u017eeno v\u00edce ne\u017e 14 000 pracovn\u00edch m\u00edst a Habeck nen\u00ed schopen zajistit podstatn\u00e9 zlep\u0161en\u00ed.\u00a0Pokud se to zhrout\u00ed, n\u011bmeck\u00fd ocel\u00e1\u0159sk\u00fd pr\u016fmysl jako celek ztrat\u00ed v\u00fdznamnou kapacitu do budoucna \u2013 nemluv\u011b o zb\u00edda\u010den\u00ed spolkov\u00e9 zem\u011b.<\/span><\/p>\n<p><img decoding=\"async\" loading=\"lazy\" class=\"alignnone size-full wp-image-1185\" src=\"http:\/\/www.infokuryr.cz\/n\/wp-content\/uploads\/2021\/04\/kuryr-podpis.png\" alt=\"\" width=\"84\" height=\"24\" \/><\/p>\n<p>&nbsp;<\/p>\n<p>&nbsp;<\/p>\n","protected":false},"excerpt":{"rendered":"<p>N\u011bmeck\u00fd ocel\u00e1\u0159sk\u00fd pr\u016fmysl trp\u00ed vysok\u00fdmi n\u00e1klady na energii.\u00a0To vede k poklesu v\u00fdroby oceli, kter\u00e1 nyn\u00ed&#8230;<\/p>\n","protected":false},"author":2,"featured_media":45937,"comment_status":"closed","ping_status":"closed","sticky":false,"template":"","format":"standard","meta":[],"categories":[7],"tags":[285,84,2281],"_links":{"self":[{"href":"https:\/\/www.infokuryr.cz\/n\/wp-json\/wp\/v2\/posts\/45936"}],"collection":[{"href":"https:\/\/www.infokuryr.cz\/n\/wp-json\/wp\/v2\/posts"}],"about":[{"href":"https:\/\/www.infokuryr.cz\/n\/wp-json\/wp\/v2\/types\/post"}],"author":[{"embeddable":true,"href":"https:\/\/www.infokuryr.cz\/n\/wp-json\/wp\/v2\/users\/2"}],"replies":[{"embeddable":true,"href":"https:\/\/www.infokuryr.cz\/n\/wp-json\/wp\/v2\/comments?post=45936"}],"version-history":[{"count":1,"href":"https:\/\/www.infokuryr.cz\/n\/wp-json\/wp\/v2\/posts\/45936\/revisions"}],"predecessor-version":[{"id":45938,"href":"https:\/\/www.infokuryr.cz\/n\/wp-json\/wp\/v2\/posts\/45936\/revisions\/45938"}],"wp:featuredmedia":[{"embeddable":true,"href":"https:\/\/www.infokuryr.cz\/n\/wp-json\/wp\/v2\/media\/45937"}],"wp:attachment":[{"href":"https:\/\/www.infokuryr.cz\/n\/wp-json\/wp\/v2\/media?parent=45936"}],"wp:term":[{"taxonomy":"category","embeddable":true,"href":"https:\/\/www.infokuryr.cz\/n\/wp-json\/wp\/v2\/categories?post=45936"},{"taxonomy":"post_tag","embeddable":true,"href":"https:\/\/www.infokuryr.cz\/n\/wp-json\/wp\/v2\/tags?post=45936"}],"curies":[{"name":"wp","href":"https:\/\/api.w.org\/{rel}","templated":true}]}}