{"id":4590,"date":"2021-09-07T04:19:20","date_gmt":"2021-09-07T02:19:20","guid":{"rendered":"http:\/\/www.infokuryr.cz\/n\/?p=4590"},"modified":"2021-09-07T04:19:20","modified_gmt":"2021-09-07T02:19:20","slug":"nedelnik-adama-b-bartose-52-o-mediich-mainstreamovych-i-alternativnich","status":"publish","type":"post","link":"https:\/\/www.infokuryr.cz\/n\/2021\/09\/07\/nedelnik-adama-b-bartose-52-o-mediich-mainstreamovych-i-alternativnich\/","title":{"rendered":"NED\u011aLN\u00cdK ADAMA B. BARTO\u0160E (52) O M\u00c9DI\u00cdCH MAINSTREAMOV\u00ddCH I ALTERNATIVN\u00cdCH"},"content":{"rendered":"<div id=\"fb-root\"><\/div>\n<p>A je to tu zas. Ned\u011bln\u00edk. \u00davodem na rovinu p\u0159izn\u00e1v\u00e1m, \u017ee slibovan\u00e1 recenze Babi\u0161ovy knihy se o t\u00fdden odkl\u00e1d\u00e1, neb jsem si ji nestihl do\u010d\u00edst. Ale nezoufejte, i tak bude dne\u0161n\u00ed ned\u011bln\u00edk v\u00fd\u017eivn\u00fd. Zase toti\u017e zkritizuji \u0159adu lid\u00ed a tentokr\u00e1t zabrous\u00edm i do vlasteneck\u00fdch \u0159ad. Proto\u017ee nen\u00ed v\u0161echno zlato, co se t\u0159pyt\u00ed.<span id=\"more-12270\"><\/span><\/p>\n<p>Za\u010dnu skand\u00e1ln\u00edm rozhovorem-nerozhovorem, kter\u00fd s p\u0159edsedkyn\u00ed ANS dr. Vladim\u00edrou V\u00edtovou vedl (sp\u00ed\u0161e v\u0161ak nevedl, byl to vlastn\u011b takov\u00fd jeho monolog) \u201enovin\u00e1\u0159\u201c DVTV Michael Rozsypal. Rozhovor vyvolal \u010detn\u00e9 reakce sympati\u00ed pro ANS a z\u00e1rove\u0148 opovr\u017een\u00ed nad \u201enovin\u00e1\u0159sk\u00fdmi\u201c praktikami t\u00e9to Bakalovy internetov\u00e9 televizn\u00ed stanice. Proto\u017ee p\u0159edm\u011btem tohoto desetiminutov\u00e9ho,\u00a0<a href=\"https:\/\/video.aktualne.cz\/dvtv\/zive-jsme-zase-best-in-covid-chlubi-se-babis-fakta-nebo-cyni\/r~6ebac3b80b4d11ec9322ac1f6b220ee8\/\" target=\"_blank\" rel=\"noopener\"><em><strong>p\u0159ed\u010dasn\u011b ukon\u010den\u00e9ho (v \u010dase 34:12 a\u017e 43:12)<\/strong><\/em><\/a>, rozhovoru (m\u011bl p\u016fvodn\u011b trvat 20-30 minut) jsem byl v\u00fdhradn\u011b j\u00e1 coby \u201eodsouzen\u00fd antisemita\u201c, ned\u00e1 mi to, abych se k tomu nevyj\u00e1d\u0159il.<\/p>\n<p>M\u00e9dia se navenek tv\u00e1\u0159\u00ed korektn\u011b a profesion\u00e1ln\u011b (<em>viz pozv\u00e1nka dole<\/em>), kdy\u017e v\u00e1s na svou p\u016fdu l\u00e1kaj\u00ed, ale v re\u00e1lu se pak ne\u0161t\u00edt\u00ed v\u016fbec ni\u010deho. Od prvn\u00edho nadechnut\u00ed vyp\u00e1lil redaktor na hosta demagogickou ot\u00e1zku, na kter\u00e9 se pak to\u010dil cel\u00fdch deset minut, tak\u017ee p\u0159edstaven\u00ed programu nebyla v\u011bnov\u00e1na ani jedna vte\u0159ina. Nebylo to nic nov\u00e9ho, u\u017e p\u0159ed lety se Petr Hannig coby prezidentsk\u00fd kandid\u00e1t nedostal podobn\u00fdm zp\u016fsobem ke slovu, kdy\u017e byl celou p\u016flhodinu \u2013 obdobn\u011b \u2013 vypt\u00e1v\u00e1n na moji osobu. Byl to tehdy\u00a0<a href=\"https:\/\/video.aktualne.cz\/dvtv\/antisemita-adam-b-bartos-z-tehle-etapy-uz-je-venku-praci-na\/r~929e6b22f0a811e786cf0cc47ab5f122\/\" target=\"_blank\" rel=\"noopener\"><em><strong>skute\u010dn\u011b z\u00e1ke\u0159n\u00fd rozhovor<\/strong><\/em><\/a>, za kter\u00fd si moder\u00e1tor Veselovsk\u00fd vyslou\u017eil od Hanniga \u2013 pro havlisty jist\u011b potupn\u00e9 \u2013 srovn\u00e1n\u00ed s novin\u00e1\u0159em Kojzarem z Rud\u00e9ho pr\u00e1va. Byl to odstra\u0161uj\u00edc\u00ed zp\u016fsob veden\u00ed rozhovoru, o kter\u00e9m by se m\u011blo u\u010dit na \u017eurnalistice, jak se to d\u011blat rozhodn\u011b nem\u00e1, poznamenal tehdy tak\u00e9 Hannig. M\u00e1lokdo si dovedl p\u0159edstavit je\u0161t\u011b n\u011bco hor\u0161\u00edho. Sna\u017eiv\u00fd Rozsypal v\u0161ak p\u0159esto pozvedl la\u0165ku medi\u00e1ln\u00ed sprostoty DVTV je\u0161t\u011b v\u00fd\u0161e. Vlastenci jsou obecn\u011b m\u00edrumilovn\u00ed lid\u00e9, ale dostal jsem mnoho zpr\u00e1v od t\u011bch, kte\u0159\u00ed psali, \u017ee by toho moder\u00e1tora u\u017e po p\u00e1r vte\u0159in\u00e1ch profackovali.<\/p>\n<p><img decoding=\"async\" loading=\"lazy\" class=\"alignnone size-full wp-image-12275 lazy-loaded\" src=\"https:\/\/narodnidemokracie.cz\/wp-content\/uploads\/2021\/09\/dvtv_pozvanka.jpg\" sizes=\"(max-width: 1170px) 100vw, 1170px\" srcset=\"https:\/\/narodnidemokracie.cz\/wp-content\/uploads\/2021\/09\/dvtv_pozvanka.jpg 1170w, https:\/\/narodnidemokracie.cz\/wp-content\/uploads\/2021\/09\/dvtv_pozvanka-300x123.jpg 300w, https:\/\/narodnidemokracie.cz\/wp-content\/uploads\/2021\/09\/dvtv_pozvanka-1024x421.jpg 1024w, https:\/\/narodnidemokracie.cz\/wp-content\/uploads\/2021\/09\/dvtv_pozvanka-768x316.jpg 768w, https:\/\/narodnidemokracie.cz\/wp-content\/uploads\/2021\/09\/dvtv_pozvanka-665x273.jpg 665w, https:\/\/narodnidemokracie.cz\/wp-content\/uploads\/2021\/09\/dvtv_pozvanka-632x260.jpg 632w\" alt=\"\" width=\"1170\" height=\"481\" data-lazy-type=\"image\" data-src=\"https:\/\/narodnidemokracie.cz\/wp-content\/uploads\/2021\/09\/dvtv_pozvanka.jpg\" data-srcset=\"\" \/><\/p>\n<p><em>Pozv\u00e1nka k rozhovoru z redakce DVTV zn\u011bla p\u0159esn\u011b takto\u2026<\/em><\/p>\n<p>Dr. V\u00edtov\u00e1, jakkoli se Rozsypal sna\u017eil ji celou dobu dostat do \u00fazk\u00fdch, vy\u0161la z rozhovoru jako v\u00edt\u011bz. Byla nad v\u011bc\u00ed, nenechala se vyto\u010dit, byla klidn\u00e1, neml\u017eila, nestyd\u011bla se za mne, nedistancovala se. V\u0161ak j\u00ed tak\u00e9 p\u0159i\u0161lo mnoho pochvaln\u00fdch reakc\u00ed a esemesek. Tohle video n\u00e1m paradoxn\u011b ve volb\u00e1ch pom\u016f\u017ee, shoduj\u00ed se mnoz\u00ed.<\/p>\n<p>Ale o tom jsem dnes ps\u00e1t necht\u011bl. Chci ps\u00e1t o tom, co se uk\u00e1zalo t\u00e9m\u011b\u0159 vz\u00e1p\u011bt\u00ed. Sympatizanti Voln\u00e9ho bloku za\u010dali hned ps\u00e1t, \u017ee Lubom\u00edr m\u011bl pravdu, kdy\u017e mne necht\u011bl anga\u017eovat na kandid\u00e1tce, proto\u017ee p\u0159esn\u011b takov\u00fd postoj m\u00e9di\u00ed p\u0159edpokl\u00e1dal. A na to hlavn\u011b chci reagovat, proto\u017ee ubo\u017e\u00e1k z DVTV mne nech\u00e1v\u00e1 chladn\u00fdm, ale vysv\u011btlit si mus\u00edme n\u011bco jin\u00e9ho. Vad\u00ed mi toti\u017e naivn\u00ed p\u0159edstava Voln\u00e9ho bloku, \u017ee kdy\u017e odstran\u00edme z na\u0161ich \u0159ad to \u201ek\u0159iklav\u00e9\u201c, m\u00e9dia na n\u00e1s budou hodn\u011bj\u0161\u00ed. Nic nen\u00ed vzd\u00e1len\u011bj\u0161\u00edho pravd\u011b. M\u00e9dia jsou na stran\u011b nep\u0159\u00edtele a nikdy tomu nebude jinak \u2013 pokud si nezalo\u017e\u00edme sv\u00e1 m\u00e9dia nebo \u2013 sv\u016fj re\u017eim. Lubom\u00edr Voln\u00fd tohle musel v\u011bd\u011bt, proto \u0161lo z jeho strany pouze o z\u00e1minku, pro\u010d s ND nespolupracovat\u2026<\/p>\n<p>Jak to v\u00edm? No tak se pod\u00edvejme na medi\u00e1ln\u00ed v\u00fdstupy Voln\u00e9ho bloku. Jsou jen negativn\u00ed. Ani k Voln\u00e9mu se v DVTV nechovali nijak p\u0159\u00e1telsky. V DVTV a ani nikde jinde. D\u016fvodem ale nebylo to, zda m\u00e1 na kandid\u00e1tce Barto\u0161e, nebo nem\u00e1, ale t\u00edm d\u016fvodem je Voln\u00fd s\u00e1m. On s\u00e1m m\u00e1 sv\u00e9 kauzy i trestn\u00ed \u0159\u00edzen\u00ed, m\u00e1 sv\u00e9 medi\u00e1ln\u00ed n\u00e1lepky, vzbuzuje nen\u00e1vist m\u00e9di\u00ed. Nev\u00edm, jestli si kdy myslel, \u017ee se ho m\u00e9dia budou pt\u00e1t na jeho program a zda mu daj\u00ed prostor na jeho vysv\u011btlov\u00e1n\u00ed. Pokud si to kdy myslel, byl hodn\u011b naivn\u00ed, ale jak jsem napsal v\u00fd\u0161e, mysl\u00edm, \u017ee tak hloup\u00fd nen\u00ed. Voln\u00fd toti\u017e nepot\u0159ebuje Barto\u0161e k tomu, aby se v jak\u00e9mkoli po\u0159adu t\u00e9m\u011b\u0159 nedostal ke slovu. Nepot\u0159ebuje Barto\u0161e, aby sebe a Voln\u00fd blok diskreditoval. \u00dapln\u011b si toti\u017e vysta\u010d\u00ed s\u00e1m. Je to on s\u00e1m, kdo se mus\u00ed obhajovat. Jin\u00fdmi slovy, p\u0159\u00edze\u0148 m\u00e9di\u00ed nikdy m\u00edt nebude.<\/p>\n<p>P\u011bkn\u011b to bylo vid\u011bt t\u0159eba na tom, \u017ee to jsou dokonce i kandid\u00e1ti Voln\u00e9ho bloku (jako nap\u0159\u00edklad radn\u00ed \u010cT Hana Lipovsk\u00e1 v DVTV), kte\u0159\u00ed jsou konfrontov\u00e1ni s Voln\u00e9ho v\u00fdroky. Sotva usednou ve studiu za st\u016fl, musej\u00ed vysv\u011btlovat, jak Voln\u00fd myslel ten kter\u00fd v\u00fdrok. To je obzvl\u00e1\u0161t\u011b vtipn\u00e9 \u2013 Voln\u00fd odm\u00edtl mne, aby pr\u00fd nemusel novin\u00e1\u0159\u016fm vysv\u011btlovat nep\u0159\u00edjemn\u00e9 dotazy, ale kandid\u00e1ti Voln\u00e9ho bloku se t\u00e9m\u011b\u0159 nedostanou ke slovu, proto\u017ee musej\u00ed vysv\u011btlovat nep\u0159\u00edjemn\u00e9 dotazy na Voln\u00e9ho. Mimochodem, Lipovsk\u00e1 z toho vybruslila celkem profesion\u00e1ln\u011b, ale i tak bylo velmi patrn\u00e9, jak si d\u00e1v\u00e1 z\u00e1le\u017eet na tom, aby se od n\u011bkter\u00fdch v\u00fdrok\u016f distancovala \u010di se v\u016f\u010di nim vymezila. A v\u016fbec \u2013 kolik \u010dasu z rozhovoru bylo v\u011bnov\u00e1no jen obhajob\u011b pana Voln\u00e9ho, ani\u017e by Lipovsk\u00e1 dostala mo\u017enost vysv\u011btlit program, za kter\u00fd kandiduje?<\/p>\n<p>Poj\u010fme ale d\u00e1le. A jakkoli jsem se dosud sna\u017eil pouk\u00e1zat, \u017ee jsme na tom s Voln\u00fdm stejn\u011b, uk\u00e1\u017eu, \u017ee na tom tak stejn\u011b nejsme. Pan Voln\u00fd je pro syst\u00e9m jist\u011b nepohodln\u00fd nebo se alespo\u0148 r\u00e1d do t\u00e9to role stylizuje, r\u00e1d p\u0159ipom\u00edn\u00e1, \u017ee je jeho ob\u011bt\u00ed. V DVTV, jak jsem ji\u017e vzpom\u00ednal, na n\u011bj nijak mil\u00ed nebyli. Ale ukon\u010dili s n\u00edm rozhovor p\u0159ed\u010dasn\u011b? Zaujali tak nesmi\u0159iteln\u00fd, nep\u0159\u00e1telsk\u00fd, nen\u00e1vistn\u00fd a arogantn\u00ed postoj jako v\u016f\u010di Vladim\u00ed\u0159e V\u00edtov\u00e9? Ne. Voln\u00fd toti\u017e tolik nevad\u00ed. Voln\u00fd jim je v podstat\u011b voln\u00fd. Voln\u00fd se syst\u00e9mem bojuje, ale jen do jist\u00e9 m\u00edry. Je t\u00edm pot\u00ed\u017eistou, nen\u00e1vid\u011bn\u00fdm poslancem, je t\u00edm, koho je t\u0159eba schovat za plexisklo, ale p\u0159esto ho syst\u00e9m sv\u00fdm zp\u016fsobem pot\u0159ebuje. Pot\u0159ebuj\u00ed se vz\u00e1jemn\u011b \u2013 podobn\u011b jako bulv\u00e1r pot\u0159ebuje celebrity a celebrity pot\u0159ebuj\u00ed bulv\u00e1r. Jako se pan Voln\u00fd sna\u017e\u00ed udr\u017eet sv\u00e9ho poslaneck\u00e9ho kopyta, pot\u0159ebuje i Syst\u00e9m, aby tam n\u011bkdo jako pan Voln\u00fd byl, proto\u017ee SPD u\u017e hru na opozici tak p\u0159esv\u011bd\u010div\u011b nezvl\u00e1d\u00e1. Je pot\u0159eba n\u011bkoho, kdo je p\u0159esv\u011bd\u010div\u011bj\u0161\u00ed. A takov\u00fd u\u010ditel, obzvl\u00e1\u0161t\u011b t\u011blocvik\u00e1\u0159, je jist\u011b dob\u0159e motivov\u00e1n poslaneck\u00fdm platem k tomu, aby se takov\u00e9 hry na opozici \u00fa\u010dastnil. Vzpome\u0148me jen, jak pan Voln\u00fd je\u0161t\u011b p\u0159ed rokem v\u016f\u010di covidov\u00e9 totalit\u011b nijak nebojoval a n\u00e1zory pan\u00ed V\u00edtov\u00e9, kter\u00e1 mu tehdy psala, aby toto t\u00e9ma ve Sn\u011bmovn\u011b zvednul, pova\u017eoval za konspirace, za kter\u00e9 se styd\u011bl. Mo\u017eno ocitovat z esemesek, kdyby mi n\u011bkdo nev\u011b\u0159il\u2026<\/p>\n<p>Naproti tomu ANS a ND jsou pro syst\u00e9m skute\u010dn\u00fd pr\u016f\u0161vih. Proto je t\u0159eba s nimi p\u0159esn\u011b takto jednat. Skandalizovat, nepustit ke slovu, nenechat dopov\u011bd\u011bt v\u011btu, pozvat sice, ale p\u0159ed\u010dasn\u011b rozhovor utnout, vyslat vzkaz a gesto, \u017ee s t\u011bmito lidmi nikdy\u2026 Tady se pozn\u00e1 skute\u010dn\u00e1 opozice od t\u00e9 p\u0159edst\u00edran\u00e9. Pokud re\u017eimu n\u011bco vad\u00ed, je to dlouhodob\u011b dehonestovan\u00e1 N\u00e1rodn\u00ed demokracie a v posledn\u00ed dob\u011b neuv\u011b\u0159iteln\u00fdm zp\u016fsobem dehonestovan\u00e1 Aliance n\u00e1rodn\u00edch sil.<\/p>\n<p>A zde nemus\u00edme pro p\u0159\u00edklad chodit jen na DVTV \u010di na podobn\u011b fanatick\u00e9 Svobodn\u00e9 r\u00e1dio, kde z Vladim\u00edra Kapala kape jedovat\u00fd sliz na v\u0161echny, kdo nejsou jeho kamar\u00e1di. I Svobodn\u00fd vys\u00edla\u010d se, k m\u00e9mu velk\u00e9mu zklam\u00e1n\u00ed, nechal zat\u00e1hnout do t\u011bchto intrik, kdy skupina b\u00fdval\u00fdch \u010dlen\u016f ANS, kter\u00e1 neusp\u011bla se sv\u00fdm pokusem o vnitrostranick\u00fd pu\u010d, se sna\u017e\u00ed svoji verzi p\u0159\u00edb\u011bhu prodat alespo\u0148 na alternativn\u00edch m\u00e9di\u00edch \u2013 a tak kydaj\u00ed \u0161p\u00ednu, pomlouvaj\u00ed, perou \u0161pinav\u00e9 pr\u00e1dlo. To je do jist\u00e9 m\u00edry pochopiteln\u00e9: klika, kter\u00e1 prohr\u00e1la, kope kolem sebe. Hor\u0161\u00ed ale je, kdy\u017e jim Svobodn\u00e9 r\u00e1dio, ale i Svobodn\u00fd vys\u00edla\u010d jdou \u201enaproti\u201c a organizuj\u00ed po\u0159ady, ve kter\u00fdch b\u00fdval\u00e9 kandid\u00e1ty ponoukaj\u00ed, aby tu \u0161p\u00ednu kydali. Jakoby nesta\u010dilo, \u017ee Petr Synek ve sv\u00e9m po\u0159adu leze do prdele Lubo\u0161ovi a Mari\u00e1novi tak hluboko, \u017ee se m\u00edsty a\u017e ztr\u00e1c\u00ed sign\u00e1l, on je\u0161t\u011b nav\u00edc \u00fato\u010d\u00ed na ANS a zve si do po\u0159adu vylou\u010den\u00e9 \u010dleny. Pro\u010d to tady p\u00ed\u0161i? Skand\u00e1ln\u00ed po\u010d\u00edn\u00e1n\u00ed DVTV jist\u011b v\u0161ichni svorn\u011b odsuzujeme \u2013 my, vlastenci. Pohor\u0161\u00edme se nad t\u00edm, jak si to ten novin\u00e1\u0159 m\u016f\u017ee dovolit. Ale ani Svobodn\u00fd vys\u00edla\u010d se neboj\u00ed \u00fato\u010dit na vlastence jen proto, \u017ee jsou z jin\u00e9 \u201est\u00e1je\u201c. Jist\u011b, ANS m\u00e1 vlastn\u00ed po\u0159ad a ob\u010das v n\u011bm reaguje na \u00fatoky ze strany VB, ale rozhodn\u011b ned\u011bl\u00e1 po\u0159ady proti VB, nezve si do sv\u00fdch po\u0159ad\u016f zhrzen\u00e9 kandid\u00e1ty t\u00e9to strany, aby na VB nad\u00e1vali a pomlouvali ho. Tak\u00e9 bych nerad generalizoval, proto\u017ee se nejedn\u00e1 o cel\u00fd Svobodn\u00fd vys\u00edla\u010d, ale jen o jednotliv\u00e1 studia, kter\u00e1 si takto po\u010d\u00ednaj\u00ed. Jin\u00e1 studia, jak jsem sly\u0161el, to zase pozoruj\u00ed s nelibost\u00ed.<\/p>\n<p>Co t\u00edm v\u0161\u00edm chci \u0159\u00edci a kam t\u00edm m\u00ed\u0159\u00edm? M\u00e1m posledn\u00ed dobou pocit, \u017ee si Voln\u00fd blok sponzoruje Svobodn\u00fd vys\u00edla\u010d, jako si Okamura koupil Svobodn\u00e9 r\u00e1dio. Pro\u010d Svobodn\u00fd vys\u00edla\u010d kope do ANS? Koupila si ho snad pan\u00ed Volfov\u00e1, jak je jej\u00edm zvykem (n\u011bkomu sl\u00edb\u00ed pr\u00e1vn\u00ed pomoc a ten n\u011bkdo se j\u00ed pak c\u00edt\u00ed zav\u00e1z\u00e1n, jako nap\u0159\u00edklad pan Voln\u00fd)? V\u00edm, \u017ee je Pavel Hl\u00e1vka v nep\u0159\u00edjemn\u00e9 situaci a souc\u00edt\u00edm s n\u00edm (n\u011bco o tom v\u00edm, s\u00e1m jsem si n\u011b\u010d\u00edm podobn\u00fdm pro\u0161el). Pokud mu pan\u00ed Volfov\u00e1 nab\u00eddla nezi\u0161tnou pomoc, je to dob\u0159e a \u0161lecht\u00ed j\u00ed to \u2013 a v tom p\u0159\u00edpad\u011b stoupla i v m\u00fdch o\u010d\u00edch, proto\u017ee jsem ji doposud pova\u017eoval sp\u00ed\u0161e za n\u011bkoho, kdo po pen\u011bz\u00edch jde. Ale je-li tomu tak, \u017ee za svoji pomoc n\u011bco protislu\u017ebou chce, po\u017eaduje \u2013 t\u0159eba podporu Svobodn\u00e9ho vys\u00edla\u010de pro Voln\u00fd Blok, podporu, kter\u00e1 je dnes u\u017e tak o\u010dividn\u00e1, \u017ee jsme nejen sv\u011bdky pravideln\u00e9 ka\u017edot\u00fddenn\u00ed dvouhodinov\u00e9 nekritick\u00e9 adorace Lubo\u0161e s Mari\u00e1nem, ale i po\u0159ad\u016f, ve kter\u00fdch se \u00fato\u010d\u00ed na vlasteneckou ANS \u2013, je n\u011bco \u0161patn\u011b.<\/p>\n<p>A aby bylo jasno \u2013 nemluv\u00ed ze mne z\u00e1vist, \u017ee tato podpora jde Voln\u00e9mu bloku a ne n\u00e1m v ND a ANS. Jsem toti\u017e p\u0159esv\u011bd\u010den, \u017ee Svobodn\u00fd vys\u00edla\u010d by m\u011bl z\u016fstat svobodn\u00fdm a nadstranick\u00fdm, jak o to usiluje i pan VK se sv\u00fdm Aeronetem. I on se toti\u017e u\u017e pou\u010dil a po podpo\u0159e SPD, kter\u00e1 ho (n\u00e1s v\u0161echny) vz\u00e1p\u011bt\u00ed zradila, rad\u011bji letos \u017e\u00e1dnou konkr\u00e9tn\u00ed stranu nedoporu\u010duje. Svobodn\u00fd vys\u00edla\u010d by se z toho m\u011bl pou\u010dit a udr\u017eet si stejn\u00fd nadhled. Jinak se m\u016f\u017ee st\u00e1t, \u017ee se do budoucna stane stejn\u011b nezaj\u00edmav\u00fdm r\u00e1diem, jako je to Kapalovo.<\/p>\n<p>A proto chci v\u0161echny povzbudit \u2013 nenechte se odradit ani Rozsypaly, ani Synky \u010di V\u00e1clavy nebo jak se vlastn\u011b jmenuj\u00ed, ale d\u011blejte si vlastn\u00ed \u00fasudek, sh\u00e1n\u011bjte si vlastn\u00ed informace, nespol\u00e9hejte se na to, co v\u00e1m \u0159ekne DVTV, ale nespol\u00e9hejte ani p\u0159\u00edli\u0161 na alternativn\u00ed m\u00e9dia, proto\u017ee n\u011bkter\u00e1 jejich studia rovn\u011b\u017e nejsou objektivn\u00ed. Ve volb\u00e1ch se rozhodujte podle sv\u00e9ho srdce. Pokud je n\u011bkdo esotericky zam\u011b\u0159en\u00fd, nech\u0165 vol\u00ed Prameny \u2013 bude to pro n\u011bj jist\u011b komfortn\u011bj\u0161\u00ed volba, ne\u017e aby pragmaticky volil jinou stranu. Pokud n\u011bkdo m\u00e1 r\u00e1d starou dobrou soc-dem zemanovsk\u00e9ho st\u0159ihu, nech\u0165 vol\u00ed blok Jany Volfov\u00e9. Pokud m\u00e1te na zdi plak\u00e1ty s R. Reaganem a M. Thatcherovou, volte Triko\u0161ku. No a pokud chcete opravdovou alternativu, hard-core alternativu, kter\u00e9 se boj\u00ed jak v DVTV, tak na studiu Midgard, volte ANS a ND na kandid\u00e1tce ANS.<\/p>\n<p><em>Adam B. Barto\u0161, p\u0159edseda N\u00e1rodn\u00ed demokracie a l\u00eddr kandid\u00e1tky Aliance n\u00e1rodn\u00edch sil pro \u00dasteck\u00fd kraj<\/em><\/p>\n<p>PS D\u011bkujeme za podporu v\u00a0<a href=\"https:\/\/2021.programydovoleb.cz\/predvolebni-anketa\" target=\"_blank\" rel=\"noopener\"><em><strong>t\u00e9to anket\u011b<\/strong><\/em><\/a>. P\u0159ed p\u00e1r dny jsme tam m\u011bli \u0161est procent a vyhoupli se do prvn\u00ed des\u00edtky. Ale s po\u010d\u00e1tkem nov\u00e9ho m\u011bs\u00edce se hlasy anuluj\u00ed a za\u010d\u00edn\u00e1 se volit znovu. Proto v\u00e1s chci i tentokr\u00e1t poprosit (a budu to tak d\u011blat ka\u017ed\u00fd ned\u011bln\u00edk), abyste n\u00e1s tam znovu zvolili. M\u016f\u017eete volit dv\u011b strany, tak\u017ee i kdy\u017e se rozhodujete mezi v\u00edcero, za\u0161krtn\u011bte i ANS. D\u00edky<\/p>\n<p><img decoding=\"async\" loading=\"lazy\" class=\"alignnone size-full wp-image-678\" src=\"http:\/\/www.infokuryr.cz\/n\/wp-content\/uploads\/2021\/04\/narodni_demokracie_logo.jpg\" alt=\"\" width=\"300\" height=\"85\" \/><\/p>\n<p>&nbsp;<\/p>\n","protected":false},"excerpt":{"rendered":"<p>A je to tu zas. Ned\u011bln\u00edk. \u00davodem na rovinu p\u0159izn\u00e1v\u00e1m, \u017ee slibovan\u00e1 recenze Babi\u0161ovy knihy&#8230;<\/p>\n","protected":false},"author":2,"featured_media":679,"comment_status":"closed","ping_status":"closed","sticky":false,"template":"","format":"standard","meta":[],"categories":[6],"tags":[367,29,27],"_links":{"self":[{"href":"https:\/\/www.infokuryr.cz\/n\/wp-json\/wp\/v2\/posts\/4590"}],"collection":[{"href":"https:\/\/www.infokuryr.cz\/n\/wp-json\/wp\/v2\/posts"}],"about":[{"href":"https:\/\/www.infokuryr.cz\/n\/wp-json\/wp\/v2\/types\/post"}],"author":[{"embeddable":true,"href":"https:\/\/www.infokuryr.cz\/n\/wp-json\/wp\/v2\/users\/2"}],"replies":[{"embeddable":true,"href":"https:\/\/www.infokuryr.cz\/n\/wp-json\/wp\/v2\/comments?post=4590"}],"version-history":[{"count":0,"href":"https:\/\/www.infokuryr.cz\/n\/wp-json\/wp\/v2\/posts\/4590\/revisions"}],"wp:featuredmedia":[{"embeddable":true,"href":"https:\/\/www.infokuryr.cz\/n\/wp-json\/wp\/v2\/media\/679"}],"wp:attachment":[{"href":"https:\/\/www.infokuryr.cz\/n\/wp-json\/wp\/v2\/media?parent=4590"}],"wp:term":[{"taxonomy":"category","embeddable":true,"href":"https:\/\/www.infokuryr.cz\/n\/wp-json\/wp\/v2\/categories?post=4590"},{"taxonomy":"post_tag","embeddable":true,"href":"https:\/\/www.infokuryr.cz\/n\/wp-json\/wp\/v2\/tags?post=4590"}],"curies":[{"name":"wp","href":"https:\/\/api.w.org\/{rel}","templated":true}]}}