{"id":45848,"date":"2024-01-29T06:17:13","date_gmt":"2024-01-29T05:17:13","guid":{"rendered":"http:\/\/www.infokuryr.cz\/n\/?p=45848"},"modified":"2024-01-29T06:39:26","modified_gmt":"2024-01-29T05:39:26","slug":"eva-hrindova-istanbulsky-zazrak","status":"publish","type":"post","link":"https:\/\/www.infokuryr.cz\/n\/2024\/01\/29\/eva-hrindova-istanbulsky-zazrak\/","title":{"rendered":"Eva Hrindov\u00e1: Istanbulsk\u00fd z\u00e1zrak"},"content":{"rendered":"<div id=\"fb-root\"><\/div>\n<p><strong>Neuv\u011b\u0159iteln\u00e9 se stalo skute\u010dnost\u00ed &#8211; \u0161patn\u00e1 a zbyte\u010dn\u00e1 \u00famluva nepro\u0161la. V situaci, kdy vl\u00e1dn\u00ed koalice spolu s prezidentem a \u00fastavn\u00edm soudem v\u00e1lcuje v\u0161e, co jim stoj\u00ed v cest\u011b, je hlasov\u00e1n\u00ed v sen\u00e1tu o ratifikaci Istanbulsk\u00e9 \u00famluvy mal\u00fdm z\u00e1zrakem.<\/strong><\/p>\n<p>Ano, sen\u00e1t smlouvu neratifikoval. Znamen\u00e1 to snad, \u017ee vl\u00e1dn\u00ed ma\u0161ina na schvalov\u00e1n\u00ed v\u0161eho, co je napadne, se zadrhla? Ne\u0159ekla bych. Sp\u00ed\u0161e se stala ona p\u0159\u00edslove\u010dn\u00e1 v\u00fdjimka, kter\u00e1 potvrzuje pravidlo.<\/p>\n<p>Na p\u0159\u00edkladu Istanbulsk\u00e9 \u00famluvy a jej\u00ed ratifikace m\u016f\u017eeme pozorovat neblah\u00e9 jevy sou\u010dasnosti. Medi\u00e1ln\u00ed hysterii a emotivn\u00ed nev\u011bcn\u00e9 projevy r\u00e1doby celebrit a n\u00e1lepkov\u00e1n\u00ed oponent\u016f, kter\u00e9 nem\u00e1 obdoby. Ve ve\u0159ejn\u00e9m prostoru se nediskutovaly skute\u010dn\u00e9 v\u00fdhrady kritik\u016f smlouvy. O tom se cudn\u011b ml\u010delo &#8211; jednotn\u00fd halas jen mluvil o n\u00e1sil\u00ed na \u017een\u00e1ch a kdo se protivil jakoby n\u00e1sil\u00ed s\u00e1m p\u00e1chal.<\/p>\n<p>Obzvl\u00e1\u0161t\u011b v tomto vynikaj\u00ed n\u011bkter\u00e9 here\u010dky a influencerky. Chovaj\u00ed se naprosto nezodpov\u011bdn\u011b a hloup\u011b. Sv\u00e9 sleduj\u00edc\u00ed je\u0161t\u011b v\u00edce rozpaluj\u00ed k nen\u00e1visti naprosto bez argument\u016f. Vrcholem bylo sd\u00edlen\u00ed statusu Daniely Kov\u00e1\u0159ov\u00e9 s c\u00edlem ji p\u0159edhodit nen\u00e1visti davu. Nikol Leitgeb (d\u0159\u00edve \u0160t\u00edbrov\u00e1) se tak definitivn\u011b st\u00e1v\u00e1 nebezpe\u010dnou a arogantn\u00ed hysterkou, kter\u00e1 sv\u00e9 sleduj\u00edc\u00ed zav\u00e1d\u00ed, kam se j\u00ed zamane, zcela bez zodpov\u011bdnosti a rozmyslu. A nikde \u017e\u00e1dn\u00e9 argumenty, \u017e\u00e1dn\u00e1 snaha vn\u00edmat oponentn\u00ed n\u00e1zory. Jen emoce.<\/p>\n<p><a href=\"https:\/\/stranapro.cz\/\"><img decoding=\"async\" loading=\"lazy\" class=\"alignnone  wp-image-40285 aligncenter\" src=\"http:\/\/www.infokuryr.cz\/n\/wp-content\/uploads\/2023\/11\/11pro-300x79.png\" alt=\"\" width=\"592\" height=\"156\" srcset=\"https:\/\/www.infokuryr.cz\/n\/wp-content\/uploads\/2023\/11\/11pro-300x79.png 300w, https:\/\/www.infokuryr.cz\/n\/wp-content\/uploads\/2023\/11\/11pro.png 363w\" sizes=\"(max-width: 592px) 100vw, 592px\" \/><\/a><\/p>\n<p>Nen\u00ed divu, \u017ee stejn\u00ed rozpalova\u010di davu tan\u010dili na rozsudku soudu, kter\u00fd si dovolil d\u011blat svou pr\u00e1ci a nerozhodl tak, jak si \u00fadajn\u00e1 ob\u011b\u0165 p\u0159edstavovala. Pot\u00e9, co si soud za\u017eil hejtov\u00e1n\u00ed neinformovan\u00fdch, ale dob\u011bla rozp\u00e1len\u00fdch zast\u00e1nc\u016f ob\u011bti zn\u00e1siln\u011bn\u00ed, vydal prohl\u00e1\u0161en\u00ed, kter\u00e9 vneslo trochu jasna do d\u016fvod\u016f soudce. Nikdo ze samozvan\u00fdch influencersk\u00fdch soudc\u016f se neomluvil.<\/p>\n<p>S Istanbulskou \u00famluvou je to stejn\u00e9. Nikdo se netr\u00e1p\u00ed fakty, vezme se jen n\u011bjak\u00fd povrchov\u00fd dojem, vystav\u00ed se na tom p\u0159\u00edb\u011bh a hraje se divadlo pln\u00e9 dojet\u00ed, l\u00edtosti a hran\u00e9 laskavosti. V\u0161ichni ti bojovn\u00edci proti n\u00e1sil\u00ed na \u017een\u00e1ch nijak nereflektuj\u00ed n\u00e1r\u016fst n\u00e1sil\u00ed v zem\u00edch, kter\u00e9 se otev\u0159ely migraci. \u017de ty n\u00e1r\u016fsty souvis\u00ed s isl\u00e1mem, nikdo nezmi\u0148uje. Ob\u011bti isl\u00e1msk\u00e9ho n\u00e1sil\u00ed nikoho nezaj\u00edmaj\u00ed. O t\u011bch se ml\u010d\u00ed. To se toti\u017e nehod\u00ed do sc\u00e9n\u00e1\u0159\u016f, kde hlavn\u00ed roli zloduch\u016f hraj\u00ed kritici isl\u00e1mu.<\/p>\n<p>Odm\u00edtnut\u00ed ratifikace Istanbulsk\u00e9 \u00famluvy Sen\u00e1tem \u010cR st\u00e1le vn\u00edm\u00e1m jako z\u00e1zrak. U\u017e jsem si toti\u017e zvykla na to, \u017ee \u017eiji v zemi, kde racionalita a fakta jsou c\u00edlen\u011b zadup\u00e1v\u00e1ny povrchn\u00edmi ideology a arogantn\u00edmi lidov\u00fdmi soudci. Ka\u017ed\u00fd z\u00e1van zdrav\u00e9ho rozumu a rozmyslu je n\u00e1lepkov\u00e1n jako extremismus a forma je mnohon\u00e1sobn\u011b nad\u0159azov\u00e1na obsahu. Zd\u00e1 se ale, \u017ee existuj\u00ed t\u00e9mata, kter\u00e1 zat\u00edm odol\u00e1vaj\u00ed a i politici, jinde selh\u00e1vaj\u00edc\u00ed a podl\u00e9haj\u00edc\u00ed, maj\u00ed nep\u0159ekro\u010diteln\u00e9 hranice. D\u00edky bohu a n\u011bkter\u00fdm sen\u00e1tor\u016fm za to.<\/p>\n<p><a href=\"https:\/\/www.evahrindova.cz\/istanbulsky-zazrak\">Eva Hrindov\u00e1<\/a><\/p>\n<p>&nbsp;<\/p>\n<p>&nbsp;<\/p>\n","protected":false},"excerpt":{"rendered":"<p>Neuv\u011b\u0159iteln\u00e9 se stalo skute\u010dnost\u00ed &#8211; \u0161patn\u00e1 a zbyte\u010dn\u00e1 \u00famluva nepro\u0161la. V situaci, kdy vl\u00e1dn\u00ed koalice&#8230;<\/p>\n","protected":false},"author":2,"featured_media":8157,"comment_status":"closed","ping_status":"closed","sticky":false,"template":"","format":"standard","meta":[],"categories":[6],"tags":[6717,29,164],"_links":{"self":[{"href":"https:\/\/www.infokuryr.cz\/n\/wp-json\/wp\/v2\/posts\/45848"}],"collection":[{"href":"https:\/\/www.infokuryr.cz\/n\/wp-json\/wp\/v2\/posts"}],"about":[{"href":"https:\/\/www.infokuryr.cz\/n\/wp-json\/wp\/v2\/types\/post"}],"author":[{"embeddable":true,"href":"https:\/\/www.infokuryr.cz\/n\/wp-json\/wp\/v2\/users\/2"}],"replies":[{"embeddable":true,"href":"https:\/\/www.infokuryr.cz\/n\/wp-json\/wp\/v2\/comments?post=45848"}],"version-history":[{"count":0,"href":"https:\/\/www.infokuryr.cz\/n\/wp-json\/wp\/v2\/posts\/45848\/revisions"}],"wp:featuredmedia":[{"embeddable":true,"href":"https:\/\/www.infokuryr.cz\/n\/wp-json\/wp\/v2\/media\/8157"}],"wp:attachment":[{"href":"https:\/\/www.infokuryr.cz\/n\/wp-json\/wp\/v2\/media?parent=45848"}],"wp:term":[{"taxonomy":"category","embeddable":true,"href":"https:\/\/www.infokuryr.cz\/n\/wp-json\/wp\/v2\/categories?post=45848"},{"taxonomy":"post_tag","embeddable":true,"href":"https:\/\/www.infokuryr.cz\/n\/wp-json\/wp\/v2\/tags?post=45848"}],"curies":[{"name":"wp","href":"https:\/\/api.w.org\/{rel}","templated":true}]}}