{"id":45769,"date":"2024-01-28T00:30:56","date_gmt":"2024-01-27T23:30:56","guid":{"rendered":"http:\/\/www.infokuryr.cz\/n\/?p=45769"},"modified":"2024-01-27T18:33:21","modified_gmt":"2024-01-27T17:33:21","slug":"istanbulska-umluva-jako-trojsky-kun-pro-skupinu-deviantu-a-socialnich-inzenyru-tak-samozrejme-nic-jineho-to-neni","status":"publish","type":"post","link":"https:\/\/www.infokuryr.cz\/n\/2024\/01\/28\/istanbulska-umluva-jako-trojsky-kun-pro-skupinu-deviantu-a-socialnich-inzenyru-tak-samozrejme-nic-jineho-to-neni\/","title":{"rendered":"Istanbulsk\u00e1 \u00famluva jako trojsk\u00fd k\u016f\u0148 pro skupinu deviant\u016f a soci\u00e1ln\u00edch in\u017een\u00fdr\u016f? Tak samoz\u0159ejm\u011b. Nic jin\u00e9ho to nen\u00ed"},"content":{"rendered":"<div id=\"fb-root\"><\/div>\n<p class=\"has-medium-font-size\">To, \u017ee tohle zv\u011brstvo nepro\u0161lo na\u0161\u00edm Sen\u00e1tem, je super. Nicm\u00e9n\u011b nepochybuji o to, \u017ee tento pokus n\u00e1m ji vecpat rozhodn\u011b nen\u00ed posledn\u00ed a my budeme sledovat, kam se ji budou sna\u017eit p\u0159ilepit a koho pro jej\u00ed podpis zmanipulovat.<\/p>\n<p>A nakonec usly\u0161\u00edme jako v p\u0159\u00edpad\u011b man\u017eelstv\u00ed pro v\u0161echny a koresponden\u010dn\u00ed volby, \u017ee ji ti zmetci protla\u010d\u00ed za ka\u017edou cenu. \u00dapln\u011b klidn\u011b\u00a0proti v\u016fli v\u011bt\u0161iny lid\u00ed, proto\u017ee jejich n\u00e1zor na to, v \u010dem budou muset \u017e\u00edt je jim ukraden\u00fd.<\/p>\n<p>Tady toti\u017e v\u016fbec nejde o n\u011bjakou ochranu nebo pr\u00e1va \u017een. To jsou jen populistick\u00e9, l\u00edbiv\u00e9 kecy, kter\u00e9 maj\u00ed zakr\u00fdt skute\u010dnou podstatu tohoto paktu. V ochran\u011b \u017een a v\u016fbec kohokoliv, nev\u00edm pro\u010d by \u017eeny m\u011bly b\u00fdt n\u011bco jako exotick\u00e1 zv\u00ed\u0159\u00e1tka, je n\u00e1\u0161 pr\u00e1vn\u00ed \u0159\u00e1d zcela dosta\u010duj\u00edc\u00ed. Co ale dosta\u010duj\u00edc\u00ed nen\u00ed, je nepochopiteln\u00e1 pr\u00e1ce na\u0161ich soudc\u016f. Jak je mo\u017en\u00e9, \u017ee migrant, kter\u00fd zn\u00e1siln\u00ed \u0161kola\u010dku v poli, dostane z na\u0161ich dan\u00ed luxus ve form\u011b \u00fastavn\u00ed l\u00e9\u010dby a m\u00e1 to za p\u00e1r. Jak je mo\u017en\u00e9, \u017ee n\u00e1siln\u00edci, kte\u0159\u00ed doma maj\u00ed \u0161tosy d\u011btsk\u00e9 pornografie a roky zn\u00e1sil\u0148uj\u00ed d\u011bti odch\u00e1zej\u00ed s podm\u00ednkou, proto\u017ee pr\u00fd ob\u011b\u0165 \u201ezas tak moc netrp\u011bla\u201c a \u00fachyl\u00e1k sl\u00edbil, \u017ee u\u017e bude hodn\u00fd a t\u011bm dal\u0161\u00edm d\u011btem v dom\u00e1cnosti u\u017e to d\u011blat nebude?<\/p>\n<p><a href=\"https:\/\/stranapro.cz\/\"><img decoding=\"async\" loading=\"lazy\" class=\"alignnone  wp-image-40285 aligncenter\" src=\"http:\/\/www.infokuryr.cz\/n\/wp-content\/uploads\/2023\/11\/11pro-300x79.png\" alt=\"\" width=\"619\" height=\"163\" srcset=\"https:\/\/www.infokuryr.cz\/n\/wp-content\/uploads\/2023\/11\/11pro-300x79.png 300w, https:\/\/www.infokuryr.cz\/n\/wp-content\/uploads\/2023\/11\/11pro.png 363w\" sizes=\"(max-width: 619px) 100vw, 619px\" \/><\/a><\/p>\n<p>To v\u00e1\u017een\u00ed \u017e\u00e1dn\u00e1 Istanbulsk\u00e1 \u00famluva nevy\u0159e\u0161\u00ed, proto\u017ee jestli tu m\u00e1me soudy, kter\u00e9 pedofilii a n\u00e1sil\u00ed toleruj\u00ed, tak je chyba v nich a ne v tom, \u017ee pot\u0159ebujeme p\u0159\u00edlepek, kter\u00fd r\u016fzn\u00e9 abnorm\u00e1ln\u00ed chov\u00e1n\u00ed naopak podporuje. Nebo je to c\u00edl? Skoro se zd\u00e1, \u017ee jo. \u017de jim ze sebe nen\u00ed na zvracen\u00ed, v\u0161em t\u011bm, co tohle podporuj\u00ed a v\u00e1s by nejrad\u011bji zav\u0159eli na roky do krimin\u00e1lu za to, \u017ee m\u00e1te nepohodln\u00fd n\u00e1zor, ale n\u011bkolikr\u00e1t t\u00fddn\u011b \u201ep\u0159efiknout\u201c nevlastn\u00ed nezletilou dceru je podle nich cajk.<\/p>\n<p>A v\u00fdsledky takov\u00e9to \u0161\u00edlen\u00e9 indoktrinace? V USA u\u017e je maj\u00ed. Podle NBC News se t\u00e9m\u011b\u0159 t\u0159etina Ameri\u010dan\u016f z generace Z (d\u011bti nov\u00e9ho tis\u00edcilet\u00ed) pova\u017euje za sou\u010d\u00e1st LGBT komunity. To je samoz\u0159ejm\u011b biologick\u00e1 hovadina, to je pouze zblblost propagandou. Mimochodem a\u017e tyhle zpitom\u011bl\u00e9 d\u011bti vyrostou, mnoh\u00e9 z nich taky m\u016f\u017eou zjistit, \u017ee mezit\u00edm prod\u011blali n\u011bjakou formu zm\u011bny pohlav\u00ed, kter\u00e1 te\u010f za\u010d\u00edn\u00e1 b\u00fdt leckde dostupn\u011bj\u0161\u00ed, ne\u017e \u00fav\u011br na auto, a budeme tu m\u00edt ne generaci Z, ale generaci frustrovan\u00fdch a neukotven\u00fdch ne\u0161\u0165astn\u00edk\u016f, kte\u0159\u00ed nev\u011bd\u00ed, jestli d\u0159\u00edv polknout hrst Neurol\u016f, nebo si j\u00edt koupit nov\u00e9 lodi\u010dky velikosti 45.<\/p>\n<p>No a ti co to rozchod\u00ed a biologick\u00e9 hodiny nahrad\u00ed sv\u00fdm pocitem, \u017ee maj\u00ed pr\u00e1vo na v\u0161echno, v\u010detn\u011b d\u00edt\u011bte, si ho p\u016fjdou koupit jako housku na kr\u00e1m\u011b. T\u0159eba v r\u00e1mci man\u017eelstv\u00ed pro v\u0161echny, \u017ee pla\u010d\u00edc\u00ed Mark\u00e9to Pekarov\u00e1. Co s takov\u00fdmi d\u011btmi bude, v\u016fbec nechci domyslet.<\/p>\n<p>Nedovolme jim tuhle likvidaci tradi\u010dn\u00ed rodiny. Nedovolme jim, aby na\u0161e d\u011bti skon\u010dily stejn\u011b. Nedovolme, aby zni\u010dili v\u0161echno, na \u010dem na\u0161e spole\u010dnost stoj\u00ed a co ji udr\u017euje ve zdrav\u00e9m chodu. Nepot\u0159ebujeme Istanbulskou \u00famluvu, pot\u0159ebujeme nez\u00e1visl\u00e9 a p\u0159\u00ed\u010detn\u00e9 soudce!<\/p>\n<p><a href=\"https:\/\/web.litterate.cz\/istambulska-umluva-jako-trojsky-kun-pro-skupinu-deviantu-a-socialnich-inzenyru-tak-samozrejme-nic-jineho-to-neni\/\">Jana Markov\u00e1<\/a><\/p>\n<p><img decoding=\"async\" loading=\"lazy\" class=\"alignnone size-full wp-image-34862\" src=\"http:\/\/www.infokuryr.cz\/n\/wp-content\/uploads\/2023\/08\/jana-markova.jpg\" alt=\"\" width=\"180\" height=\"180\" srcset=\"https:\/\/www.infokuryr.cz\/n\/wp-content\/uploads\/2023\/08\/jana-markova.jpg 180w, https:\/\/www.infokuryr.cz\/n\/wp-content\/uploads\/2023\/08\/jana-markova-150x150.jpg 150w\" sizes=\"(max-width: 180px) 100vw, 180px\" \/><\/p>\n<p>&nbsp;<\/p>\n","protected":false},"excerpt":{"rendered":"<p>To, \u017ee tohle zv\u011brstvo nepro\u0161lo na\u0161\u00edm Sen\u00e1tem, je super. Nicm\u00e9n\u011b nepochybuji o to, \u017ee tento&#8230;<\/p>\n","protected":false},"author":2,"featured_media":45770,"comment_status":"closed","ping_status":"closed","sticky":false,"template":"","format":"standard","meta":[],"categories":[6],"tags":[6717,29,122,164],"_links":{"self":[{"href":"https:\/\/www.infokuryr.cz\/n\/wp-json\/wp\/v2\/posts\/45769"}],"collection":[{"href":"https:\/\/www.infokuryr.cz\/n\/wp-json\/wp\/v2\/posts"}],"about":[{"href":"https:\/\/www.infokuryr.cz\/n\/wp-json\/wp\/v2\/types\/post"}],"author":[{"embeddable":true,"href":"https:\/\/www.infokuryr.cz\/n\/wp-json\/wp\/v2\/users\/2"}],"replies":[{"embeddable":true,"href":"https:\/\/www.infokuryr.cz\/n\/wp-json\/wp\/v2\/comments?post=45769"}],"version-history":[{"count":1,"href":"https:\/\/www.infokuryr.cz\/n\/wp-json\/wp\/v2\/posts\/45769\/revisions"}],"predecessor-version":[{"id":45771,"href":"https:\/\/www.infokuryr.cz\/n\/wp-json\/wp\/v2\/posts\/45769\/revisions\/45771"}],"wp:featuredmedia":[{"embeddable":true,"href":"https:\/\/www.infokuryr.cz\/n\/wp-json\/wp\/v2\/media\/45770"}],"wp:attachment":[{"href":"https:\/\/www.infokuryr.cz\/n\/wp-json\/wp\/v2\/media?parent=45769"}],"wp:term":[{"taxonomy":"category","embeddable":true,"href":"https:\/\/www.infokuryr.cz\/n\/wp-json\/wp\/v2\/categories?post=45769"},{"taxonomy":"post_tag","embeddable":true,"href":"https:\/\/www.infokuryr.cz\/n\/wp-json\/wp\/v2\/tags?post=45769"}],"curies":[{"name":"wp","href":"https:\/\/api.w.org\/{rel}","templated":true}]}}