{"id":45764,"date":"2024-01-28T00:33:40","date_gmt":"2024-01-27T23:33:40","guid":{"rendered":"http:\/\/www.infokuryr.cz\/n\/?p=45764"},"modified":"2024-01-27T18:12:08","modified_gmt":"2024-01-27T17:12:08","slug":"premysl-votava-peklo-zvane-auschwitz","status":"publish","type":"post","link":"https:\/\/www.infokuryr.cz\/n\/2024\/01\/28\/premysl-votava-peklo-zvane-auschwitz\/","title":{"rendered":"P\u0159emysl Votava: Peklo zvan\u00e9 Auschwitz"},"content":{"rendered":"<div id=\"fb-root\"><\/div>\n<p><strong>Nad tou hr\u016fzou p\u0159ed 79lety tekly slzy osvoboditel\u016f i t\u011bch 7650 p\u0159e\u017eiv\u0161\u00edch. 27. ledna 1945 vojska mar\u0161\u00e1la Kon\u011bva na cest\u011b do Berl\u00edna osvobodila n\u011bmeck\u00fd koncentra\u010dn\u00ed a vyhlazovac\u00ed t\u00e1bor Auschwitz \u2013 Birkenau (Osv\u011btim &#8211; B\u0159ezinka).<\/strong><\/p>\n<p>Osvoboditel\u00e9 uvid\u011bli Peklo. Auschwitz to byla v\u00fdkladn\u00ed sk\u0159\u00ed\u0148 nacistick\u00e9ho \u201ekone\u010dn\u00e9ho \u0159e\u0161en\u00ed \u017eidovsk\u00e9 ot\u00e1zky\u201c. Tedy smrt prac\u00ed nebo plynem. Obdobn\u00fd krut\u00fd osud \u010dekal i n\u00e1rody slovansk\u00e9. Kolik \u0159\u00e1dek v u\u010debnic\u00edch d\u011bjepisu, je v\u011bnov\u00e1no kapitole d\u011bjin II. sv\u011btov\u00e9 v\u00e1lky? Co v\u00ed nastupuj\u00edc\u00ed generace o t\u00e9to hrozn\u00e9 dob\u011b? V\u00e1lka, to p\u0159ece nen\u00ed hra na po\u010d\u00edta\u010di.<\/p>\n<p>S koncentra\u010dn\u00edm t\u00e1borem Auschwitz je spojena tak\u00e9 nejv\u011bt\u0161\u00ed hromadn\u00e1 vra\u017eda \u010deskoslovensk\u00fdch ob\u010dan\u016f sp\u00e1chan\u00e1 v dob\u011b \u0161estilet\u00e9 n\u011bmeck\u00e9 okupace. 8. b\u0159ezna 1944 zde bylo usmrceno v plynov\u00fdch komor\u00e1ch 3700 na\u0161ich ob\u010dan\u016f z tzv. rodinn\u00e9ho t\u00e1bora. T\u00e1bor Auschwitz zdaleka jedin\u00fdm, byl t\u00edm nejv\u011bt\u0161\u00edm. Nelze zapomenout ani na osud lidick\u00fdch \u017een a d\u011bti, kter\u00e9 byly zavle\u010deny do n\u011bmeck\u00fdch t\u00e1bor\u016f smrti, 82 lidick\u00fdch d\u011bt\u00ed bylo zavra\u017ed\u011bno plynem v Chelmu. Za hitlerovsk\u00fdm N\u011bmeckem z\u016fstaly des\u00edtky milion\u016f mrtv\u00fdch, zmrza\u010den\u00fdch, ale zni\u010den\u00e1 m\u011bsta, vyp\u00e1len\u00e9 vesnice. Je to neodpustiteln\u00e1 vina, kterou ponese n\u011bmeck\u00fd n\u00e1rod na v\u011bky. Na\u0161\u00ed povinnost\u00ed je udr\u017eovat odkaz t\u011bch milion\u016f zcela nevinn\u00fdch ob\u011bt\u00ed. Sou\u010dasn\u00fd sv\u011bt je op\u011bt pln\u00fd v\u00e1lek. Spir\u00e1la zbrojen\u00ed roste ka\u017ed\u00fdm dnem, op\u011bt um\u00edraj\u00ed \u017eeny, d\u011bti\u2026<\/p>\n<p><a href=\"https:\/\/stranapro.cz\/\"><img decoding=\"async\" loading=\"lazy\" class=\"alignnone  wp-image-40285 aligncenter\" src=\"http:\/\/www.infokuryr.cz\/n\/wp-content\/uploads\/2023\/11\/11pro-300x79.png\" alt=\"\" width=\"589\" height=\"155\" srcset=\"https:\/\/www.infokuryr.cz\/n\/wp-content\/uploads\/2023\/11\/11pro-300x79.png 300w, https:\/\/www.infokuryr.cz\/n\/wp-content\/uploads\/2023\/11\/11pro.png 363w\" sizes=\"(max-width: 589px) 100vw, 589px\" \/><\/a><\/p>\n<p>Nenarod\u00ed se op\u011bt v n\u011bjak\u00e9 zmaten\u00e9 hlav\u011b nov\u00e9 Drang nach Osten ? T\u011bch p\u0159\u00edklad\u016f choutek v posledn\u00ed dob\u011b je a\u017e p\u0159\u00edli\u0161 mnoho. \u010ceskou republiku nevyj\u00edmaje. P\u0159ed n\u011bjakou dobou jist\u00fd zmaten\u00fd starosta z jak\u00e9si zapadl\u00e9 pra\u017esk\u00e9 obce cht\u011bl vstoupit do d\u011bjin a tak na multik\u00e1\u0159e vyrazil do boje proti Rusku. Byl sm\u011b\u0161n\u00fd, p\u0159esto se dostal do m\u00e9di\u00ed.\u00a0Z nepochopiteln\u00fdch d\u016fvod\u016f pova\u017eovali za vhodn\u00e9 ho nav\u0161t\u00edvit a nechat se s n\u00edm fotografovat Petr Fiala, ale tak\u00e9 Petr Pavel nebo Danu\u0161e Nerudov\u00e1. Hodn\u011b to o nich vypov\u00edd\u00e1.<\/p>\n<p>Dokonce se mu tleskalo. Podobn\u011b se cht\u011bl n\u00e1rodu a sv\u011btu uk\u00e1zat dal\u0161\u00ed pra\u017esk\u00fd starosta &#8211; i on se rozhodl zm\u011bnit d\u011bjiny. V dob\u011b nouzov\u00e9ho stavu za rann\u00edho rozb\u0159esku nechal odstranit sochu I. S. Kon\u011bva, osvoboditele pr\u00e1v\u011b t\u00e9 vzpom\u00ednan\u00e9 Osv\u011btimi, ale i osvoboditele \u010ceskoslovenska, dokonce i v\u00edt\u011bze v bitv\u011b o Berl\u00edn.<\/p>\n<p>Nab\u00edz\u00ed se jeden moudr\u00fd cit\u00e1t \u201eV \u010cech\u00e1ch u\u017e tradi\u010dn\u011b oslavujeme, ale i zru\u010dn\u011b kamenujeme. A to bez velk\u00e9ho p\u0159em\u00fd\u0161len\u00ed. A tak zapom\u00edn\u00e1me, \u017ee le\u017e, \u010di historick\u00e1 polopravda, jakmile ji p\u0159ipust\u00edme, se s n\u00e1mi povle\u010de jako po\u010detn\u00ed chyba v matematick\u00e9m p\u0159\u00edkladu\u2026!\u201c<\/p>\n<p>27. leden si p\u0159ipom\u00edn\u00e1me jako \u201eDen pam\u00e1tky ob\u011bt\u00ed holocaustu a p\u0159edch\u00e1zen\u00ed zlo\u010din\u016fm proti lidskosti\u201c. Ct\u00edme toto memento? Nen\u00ed to jen pr\u00e1zdn\u00e1 fr\u00e1ze? P\u0159edch\u00e1z\u00edme zlo\u010din\u016fm proti lidskosti? Jak vypad\u00e1 dne\u0161n\u00ed sv\u011bt? Po roce 1989 jsme byli plni optimismu. Var\u0161avsk\u00e1 smlouva byla zru\u0161ena, sv\u011btov\u00ed politici n\u00e1m slibovali m\u00edr na v\u011b\u010dn\u00e9 \u010dasy. Dnes je tomu sp\u00ed\u0161e naopak, kousek od n\u00e1s sly\u0161\u00edme op\u011bt \u0159in\u010den\u00ed zbran\u00ed. Komu p\u0159inesou dnes \u010di z\u00edtra smrt?<\/p>\n<p><strong><em>P\u0159emysl Votava<\/em><\/strong><\/p>\n<p><img decoding=\"async\" loading=\"lazy\" class=\"alignnone size-medium wp-image-15746\" src=\"http:\/\/www.infokuryr.cz\/n\/wp-content\/uploads\/2022\/09\/votava-premysl-300x208.jpg\" alt=\"\" width=\"300\" height=\"208\" srcset=\"https:\/\/www.infokuryr.cz\/n\/wp-content\/uploads\/2022\/09\/votava-premysl-300x208.jpg 300w, https:\/\/www.infokuryr.cz\/n\/wp-content\/uploads\/2022\/09\/votava-premysl.jpg 318w\" sizes=\"(max-width: 300px) 100vw, 300px\" \/><\/p>\n<p>&nbsp;<\/p>\n","protected":false},"excerpt":{"rendered":"<p>Nad tou hr\u016fzou p\u0159ed 79lety tekly slzy osvoboditel\u016f i t\u011bch 7650 p\u0159e\u017eiv\u0161\u00edch. 27. ledna 1945&#8230;<\/p>\n","protected":false},"author":2,"featured_media":7863,"comment_status":"closed","ping_status":"closed","sticky":false,"template":"","format":"standard","meta":[],"categories":[6],"tags":[810,29,3289,40],"_links":{"self":[{"href":"https:\/\/www.infokuryr.cz\/n\/wp-json\/wp\/v2\/posts\/45764"}],"collection":[{"href":"https:\/\/www.infokuryr.cz\/n\/wp-json\/wp\/v2\/posts"}],"about":[{"href":"https:\/\/www.infokuryr.cz\/n\/wp-json\/wp\/v2\/types\/post"}],"author":[{"embeddable":true,"href":"https:\/\/www.infokuryr.cz\/n\/wp-json\/wp\/v2\/users\/2"}],"replies":[{"embeddable":true,"href":"https:\/\/www.infokuryr.cz\/n\/wp-json\/wp\/v2\/comments?post=45764"}],"version-history":[{"count":0,"href":"https:\/\/www.infokuryr.cz\/n\/wp-json\/wp\/v2\/posts\/45764\/revisions"}],"wp:featuredmedia":[{"embeddable":true,"href":"https:\/\/www.infokuryr.cz\/n\/wp-json\/wp\/v2\/media\/7863"}],"wp:attachment":[{"href":"https:\/\/www.infokuryr.cz\/n\/wp-json\/wp\/v2\/media?parent=45764"}],"wp:term":[{"taxonomy":"category","embeddable":true,"href":"https:\/\/www.infokuryr.cz\/n\/wp-json\/wp\/v2\/categories?post=45764"},{"taxonomy":"post_tag","embeddable":true,"href":"https:\/\/www.infokuryr.cz\/n\/wp-json\/wp\/v2\/tags?post=45764"}],"curies":[{"name":"wp","href":"https:\/\/api.w.org\/{rel}","templated":true}]}}