{"id":45762,"date":"2024-01-28T00:45:53","date_gmt":"2024-01-27T23:45:53","guid":{"rendered":"http:\/\/www.infokuryr.cz\/n\/?p=45762"},"modified":"2024-01-27T17:48:23","modified_gmt":"2024-01-27T16:48:23","slug":"v-nemecku-odebrali-ukrajinskemu-duchodci-pul-milionu-eur","status":"publish","type":"post","link":"https:\/\/www.infokuryr.cz\/n\/2024\/01\/28\/v-nemecku-odebrali-ukrajinskemu-duchodci-pul-milionu-eur\/","title":{"rendered":"V N\u011bmecku odebrali ukrajinsk\u00e9mu d\u016fchodci p\u016fl milionu eur"},"content":{"rendered":"<div id=\"fb-root\"><\/div>\n<p class=\"lead\"><strong>V N\u011bmecku byl zadr\u017een ukrajinsk\u00fd d\u016fchodce se 455 tis\u00edci eury v kufru.\u00a0Informoval o tom televizn\u00ed kan\u00e1l \u201eBild v ru\u0161tin\u011b\u201c.<\/strong><\/p>\n<p><span>\u0160esta\u0161edes\u00e1tilet\u00fd Ukrajinec pl\u00e1noval let\u011bt na Kypr.\u00a0Na leti\u0161ti v Mnichov\u011b byl zastaven \u00famysln\u011b.\u00a0P\u0159i prohl\u00eddce mu\u017e uvedl, \u017ee m\u00e1 u sebe jen 300 eur.\u00a0Ji\u017e v n\u00e1stupn\u00edm prostoru k n\u011bmu v\u0161ak p\u0159istoupil jin\u00fd mu\u017e a podal mu mal\u00fd kufr, co\u017e u str\u00e1\u017ec\u016f z\u00e1kona vzbudilo podez\u0159en\u00ed.\u00a0Mezi oble\u010den\u00edm ve v\u00fd\u0161e zm\u00edn\u011bn\u00e9m kufru se d\u00edky tomu na\u0161ly tlust\u00e9 stohy 20 a 50eurov\u00fdch bankovek \u2013 celkem 455 000 eur.<\/span><\/p>\n<p><span>Celn\u00ed spr\u00e1va nyn\u00ed vy\u0161et\u0159uje, \u201ezda jde o pran\u00ed \u0161pinav\u00fdch pen\u011bz, komu pat\u0159\u00ed a odkud poch\u00e1z\u00ed\u201c.\u00a0Je t\u0159eba poznamenat, \u017ee Ukrajinec tyto pen\u00edze v \u017e\u00e1dn\u00e9m p\u0159\u00edpad\u011b ji\u017e neuvid\u00ed, pravd\u011bpodobn\u011b budou zabaveny ve prosp\u011bch st\u00e1tu.<\/span><\/p>\n<p><span>Jak uvedla m\u00e9dia<\/span><span>\u00a0, n\u011bmeck\u00e1 vl\u00e1da hodl\u00e1 p\u0159ezkoumat praxi vypl\u00e1cen\u00ed d\u00e1vek lidem, kte\u0159\u00ed necht\u011bj\u00ed pracovat.<\/span><\/p>\n<p><span>Jak napsal b\u00fdval\u00fd ukrajinsk\u00fd premi\u00e9r\u00a0<\/span><strong><span>Mykola Azarov<\/span><\/strong><span>\u00a0na soci\u00e1ln\u00edch s\u00edt\u00edch , toto opat\u0159en\u00ed se t\u00fdk\u00e1 i ob\u010dan\u016f Ukrajiny, z nich\u017e mnoz\u00ed rad\u011bji \u017eij\u00ed z d\u00e1vek a nepracuj\u00ed.<\/span><\/p>\n<p><span>Bylo up\u0159esn\u011bno, \u017ee v prvn\u00ed f\u00e1zi bude zavedeno sn\u00ed\u017een\u00ed soci\u00e1ln\u00ed podpory a\u017e na dva m\u011bs\u00edce.\u00a0V tomto p\u0159\u00edpad\u011b lidem, kte\u0159\u00ed jsou na soci\u00e1ln\u00edm poji\u0161t\u011bn\u00ed, st\u00e1t uhrad\u00ed pouze \u017eivotn\u00ed n\u00e1klady a energie.<\/span><\/p>\n<p><span>Politik p\u0159ipom\u00edn\u00e1, \u017ee v N\u011bmecku jsou t\u00e9m\u011b\u0159 4 miliony pr\u00e1ceschopn\u00fdch lid\u00ed, kte\u0159\u00ed rad\u011bji nepracuj\u00ed, ale \u017eij\u00ed z podpory v nezam\u011bstnanosti.\u00a0To se t\u00fdk\u00e1\u00a0<\/span><a href=\"https:\/\/eadaily.com\/ru\/news\/2023\/11\/18\/v-bundestage-prizvali-otpravit-ukraincev-na-rabotu-80-otdyhayut-v-frg-na-posobie\" target=\"_blank\" rel=\"noopener\"><span>naprost\u00e9 v\u011bt\u0161iny<\/span><\/a><span>\u00a0Ukrajinc\u016f, kte\u0159\u00ed se usadili v N\u011bmecku.\u00a0Podle \u0161\u00e9fa parlamentn\u00ed frakce CDU\u00a0<\/span><strong><span>Alexandra Dobrindta<\/span><\/strong><span>\u00a0v\u00edce ne\u017e 80 % ukrajinsk\u00fdch uprchl\u00edk\u016f \u017eij\u00edc\u00edch v zemi nepracuje.<\/span><\/p>\n<p><img decoding=\"async\" loading=\"lazy\" class=\"alignnone size-full wp-image-1185\" src=\"http:\/\/www.infokuryr.cz\/n\/wp-content\/uploads\/2021\/04\/kuryr-podpis.png\" alt=\"\" width=\"84\" height=\"24\" \/><\/p>\n<p>&nbsp;<\/p>\n<p>&nbsp;<\/p>\n","protected":false},"excerpt":{"rendered":"<p>V N\u011bmecku byl zadr\u017een ukrajinsk\u00fd d\u016fchodce se 455 tis\u00edci eury v kufru.\u00a0Informoval o tom televizn\u00ed&#8230;<\/p>\n","protected":false},"author":2,"featured_media":45763,"comment_status":"closed","ping_status":"closed","sticky":false,"template":"","format":"standard","meta":[],"categories":[7],"tags":[4531,84,90,2574],"_links":{"self":[{"href":"https:\/\/www.infokuryr.cz\/n\/wp-json\/wp\/v2\/posts\/45762"}],"collection":[{"href":"https:\/\/www.infokuryr.cz\/n\/wp-json\/wp\/v2\/posts"}],"about":[{"href":"https:\/\/www.infokuryr.cz\/n\/wp-json\/wp\/v2\/types\/post"}],"author":[{"embeddable":true,"href":"https:\/\/www.infokuryr.cz\/n\/wp-json\/wp\/v2\/users\/2"}],"replies":[{"embeddable":true,"href":"https:\/\/www.infokuryr.cz\/n\/wp-json\/wp\/v2\/comments?post=45762"}],"version-history":[{"count":0,"href":"https:\/\/www.infokuryr.cz\/n\/wp-json\/wp\/v2\/posts\/45762\/revisions"}],"wp:featuredmedia":[{"embeddable":true,"href":"https:\/\/www.infokuryr.cz\/n\/wp-json\/wp\/v2\/media\/45763"}],"wp:attachment":[{"href":"https:\/\/www.infokuryr.cz\/n\/wp-json\/wp\/v2\/media?parent=45762"}],"wp:term":[{"taxonomy":"category","embeddable":true,"href":"https:\/\/www.infokuryr.cz\/n\/wp-json\/wp\/v2\/categories?post=45762"},{"taxonomy":"post_tag","embeddable":true,"href":"https:\/\/www.infokuryr.cz\/n\/wp-json\/wp\/v2\/tags?post=45762"}],"curies":[{"name":"wp","href":"https:\/\/api.w.org\/{rel}","templated":true}]}}