{"id":45742,"date":"2024-01-28T00:37:42","date_gmt":"2024-01-27T23:37:42","guid":{"rendered":"http:\/\/www.infokuryr.cz\/n\/?p=45742"},"modified":"2024-01-27T17:14:09","modified_gmt":"2024-01-27T16:14:09","slug":"usa-priznavaji-ztraty-po-utocich-na-tri-zakladny-v-iraku-a-syrii","status":"publish","type":"post","link":"https:\/\/www.infokuryr.cz\/n\/2024\/01\/28\/usa-priznavaji-ztraty-po-utocich-na-tri-zakladny-v-iraku-a-syrii\/","title":{"rendered":"USA p\u0159izn\u00e1vaj\u00ed ztr\u00e1ty po \u00fatoc\u00edch na t\u0159i z\u00e1kladny v Ir\u00e1ku a S\u00fdrii"},"content":{"rendered":"<div id=\"fb-root\"><\/div>\n<p><strong><span>Nov\u00e1 vlna \u00fatok\u016f se zam\u011b\u0159ila na s\u00edly Spojen\u00fdch st\u00e1t\u016f v Ir\u00e1ku a S\u00fdrii v reakci na nep\u0159etr\u017eitou podporu Washingtonu izraelsk\u00e9 v\u00e1lce v p\u00e1smu Gazy, kter\u00e1 si dosud vy\u017e\u00e1dala \u017eivoty v\u00edce ne\u017e 26 000 Palestinc\u016f.<\/span><\/strong><\/p>\n<p><span>27. ledna byla leteck\u00e1 z\u00e1kladna al-Asad v z\u00e1padoir\u00e1ck\u00e9 provincii al-Anbar, kter\u00e1 host\u00ed americk\u00e9 jednotky, dvakr\u00e1t napadena sebevra\u017eedn\u00fdmi drony, a to isl\u00e1msk\u00fdm odporem v Ir\u00e1ku (IRI), zast\u0159e\u0161uj\u00edc\u00ed skupinou ozbrojen\u00fdch frakc\u00ed podporovan\u00fdch \u00cdr\u00e1nem. , p\u0159ihl\u00e1sil se k odpov\u011bdnosti za oba \u00fatoky.<\/span><\/p>\n<p><span>IRI ozn\u00e1mila 27. ledna dal\u0161\u00ed dva dronov\u00e9 \u00fatoky proti z\u00e1kladn\u011b plynov\u00e9 elektr\u00e1rny Conoco a z\u00e1kladn\u011b Green Village na ropn\u00e9m poli al-Omar ve v\u00fdchodn\u00ed syrsk\u00e9 provincii Deir Ezzor.<\/span><\/p>\n<p><span>\u00datoky byly provedeny \u201ev reakci na masakry sionistick\u00e9 entity proti na\u0161emu lidu v Gaze\u201c, uvedla IRI v samostatn\u00fdch prohl\u00e1\u0161en\u00edch.<\/span><\/p>\n<p><span>\u00da\u0159edn\u00edk v USA Ministerstvo obrany potvrdilo Al-D\u017eaz\u00ed\u0159e, \u017ee v\u0161echny t\u0159i z\u00e1kladny byly zasa\u017eeny.\u00a0Hl\u00e1sil v\u0161ak pouze ztr\u00e1ty a materi\u00e1ln\u00ed ztr\u00e1ty na z\u00e1kladn\u011b plynov\u00e9 elektr\u00e1rny Conoco \u2013 kterou americk\u00e1 arm\u00e1da naz\u00fdv\u00e1 mise podpory mise Eufrat \u2013.\u00a0Nejmenovan\u00fd \u00fa\u0159edn\u00edk \u017e\u00e1dn\u00e9 dal\u0161\u00ed podrobnosti neuvedl.<\/span><\/p>\n<p><span>Od vypuknut\u00ed izraelsk\u00e9 v\u00e1lky v Gaze bylo c\u00edlem americk\u00fdch sil v Ir\u00e1ku a S\u00fdrii v\u00edce ne\u017e 150 \u00fatok\u016f, p\u0159i\u010dem\u017e za v\u011bt\u0161inu \u00fatok\u016f se p\u0159ihl\u00e1sila IRI.\u00a0Skupina tak\u00e9 zah\u00e1jila n\u011bkolik \u00fatok\u016f proti c\u00edl\u016fm v Izraeli pomoc\u00ed sebevra\u017eedn\u00fdch dron\u016f dlouh\u00e9ho doletu a pozemn\u00edch \u0159\u00edzen\u00fdch st\u0159el.<\/span><\/p>\n<p><span>USA odpov\u011bd\u011bly v\u00edce ne\u017e jednou, zabily ir\u00e1ck\u00e9 bojovn\u00edky a p\u0159im\u011bly vl\u00e1du v Bagd\u00e1du, aby po\u017eadovala ukon\u010den\u00ed vojensk\u00e9 p\u0159\u00edtomnosti Washingtonu v zemi.<\/span><\/p>\n<p><span>Rozhovory mezi USA a Ir\u00e1kem o sta\u017een\u00ed americk\u00fdch jednotek ze zem\u011b maj\u00ed za\u010d\u00edt za p\u00e1r dn\u00ed.\u00a0IRI ji\u017e varovala, \u017ee se Washington pokus\u00ed sabotovat rozhovory a uv\u00e9st ir\u00e1ckou stranu v omyl, aby si zachoval svou vojenskou p\u0159\u00edtomnost.<\/span><\/p>\n<p><img decoding=\"async\" loading=\"lazy\" class=\"alignnone size-full wp-image-1185\" src=\"http:\/\/www.infokuryr.cz\/n\/wp-content\/uploads\/2021\/04\/kuryr-podpis.png\" alt=\"\" width=\"84\" height=\"24\" \/><\/p>\n<p>&nbsp;<\/p>\n<p>&nbsp;<\/p>\n","protected":false},"excerpt":{"rendered":"<p>Nov\u00e1 vlna \u00fatok\u016f se zam\u011b\u0159ila na s\u00edly Spojen\u00fdch st\u00e1t\u016f v Ir\u00e1ku a S\u00fdrii v reakci&#8230;<\/p>\n","protected":false},"author":2,"featured_media":44609,"comment_status":"closed","ping_status":"closed","sticky":false,"template":"","format":"standard","meta":[],"categories":[7],"tags":[267,349,147,37,1210],"_links":{"self":[{"href":"https:\/\/www.infokuryr.cz\/n\/wp-json\/wp\/v2\/posts\/45742"}],"collection":[{"href":"https:\/\/www.infokuryr.cz\/n\/wp-json\/wp\/v2\/posts"}],"about":[{"href":"https:\/\/www.infokuryr.cz\/n\/wp-json\/wp\/v2\/types\/post"}],"author":[{"embeddable":true,"href":"https:\/\/www.infokuryr.cz\/n\/wp-json\/wp\/v2\/users\/2"}],"replies":[{"embeddable":true,"href":"https:\/\/www.infokuryr.cz\/n\/wp-json\/wp\/v2\/comments?post=45742"}],"version-history":[{"count":0,"href":"https:\/\/www.infokuryr.cz\/n\/wp-json\/wp\/v2\/posts\/45742\/revisions"}],"wp:featuredmedia":[{"embeddable":true,"href":"https:\/\/www.infokuryr.cz\/n\/wp-json\/wp\/v2\/media\/44609"}],"wp:attachment":[{"href":"https:\/\/www.infokuryr.cz\/n\/wp-json\/wp\/v2\/media?parent=45742"}],"wp:term":[{"taxonomy":"category","embeddable":true,"href":"https:\/\/www.infokuryr.cz\/n\/wp-json\/wp\/v2\/categories?post=45742"},{"taxonomy":"post_tag","embeddable":true,"href":"https:\/\/www.infokuryr.cz\/n\/wp-json\/wp\/v2\/tags?post=45742"}],"curies":[{"name":"wp","href":"https:\/\/api.w.org\/{rel}","templated":true}]}}