{"id":45740,"date":"2024-01-28T00:36:36","date_gmt":"2024-01-27T23:36:36","guid":{"rendered":"http:\/\/www.infokuryr.cz\/n\/?p=45740"},"modified":"2024-01-27T17:11:37","modified_gmt":"2024-01-27T16:11:37","slug":"houthis-zasahli-britsky-tanker-usa-reaguji-dalsimi-udery-na-jemen","status":"publish","type":"post","link":"https:\/\/www.infokuryr.cz\/n\/2024\/01\/28\/houthis-zasahli-britsky-tanker-usa-reaguji-dalsimi-udery-na-jemen\/","title":{"rendered":"Houthis zas\u00e1hli britsk\u00fd tanker, USA reaguj\u00ed dal\u0161\u00edmi \u00fadery na Jemen"},"content":{"rendered":"<div id=\"fb-root\"><\/div>\n<p><strong><span>Pozd\u011b 26. ledna zas\u00e1hli \u00cdr\u00e1nem podporovan\u00ed H\u00fas\u00edov\u00e9 (Ansar Allah) v Jemenu tanker v Adensk\u00e9m z\u00e1livu a zap\u00e1lili ho.<\/span><\/strong><\/p>\n<p><span>V prohl\u00e1\u0161en\u00ed vojensk\u00fd mluv\u010d\u00ed skupiny, brig\u00e1dn\u00ed gener\u00e1l Yahya Saree, uvedl, \u017ee tanker, M\/V Marlin Luanda, byl \u201eBrit.<\/span><\/p>\n<p><span>\u0158ekl, \u017ee \u00fatok byl na podporu \u201eutla\u010dovan\u00e9ho palestinsk\u00e9ho lidu\u201c a v reakci na \u201eamericko-britskou agresi proti na\u0161\u00ed zemi\u201c.<\/span><\/p>\n<p><span>&#8222;Za pou\u017eit\u00ed n\u011bkolika vhodn\u00fdch n\u00e1mo\u0159n\u00edch raket byl z\u00e1sah p\u0159\u00edm\u00fd a m\u011bl za n\u00e1sledek sp\u00e1len\u00ed plavidla,&#8220; dodal.<\/span><\/p>\n<p><span>V prohl\u00e1\u0161en\u00ed zve\u0159ejn\u011bn\u00e9m na X, d\u0159\u00edve zn\u00e1m\u00e9m jako Twitter, \u00dast\u0159edn\u00ed velen\u00ed Spojen\u00fdch st\u00e1t\u016f (CENTCOM) \u00fatok potvrdilo.\u00a0P\u00ed\u0161e se v n\u00ed, \u017ee \u201eterorist\u00e9 Houthi podporovan\u00ed \u00cdr\u00e1nem vyp\u00e1lili jednu protilodn\u00ed balistickou st\u0159elu z oblast\u00ed Jemenu kontrolovan\u00fdch Houthi a zas\u00e1hli ropn\u00fd tanker pod vlajkou Marshallov\u00fdch ostrov\u016f\u201c.<\/span><\/p>\n<p><span>Velen\u00ed dodalo, \u017ee lo\u010f vydala t\u00eds\u0148ov\u00e9 vol\u00e1n\u00ed a nahl\u00e1sila \u0161kody, ale zat\u00edm nebyla hl\u00e1\u0161ena \u017e\u00e1dn\u00e1 zran\u011bn\u00ed, a poznamenalo, \u017ee \u201eostatn\u00ed koali\u010dn\u00ed lod\u011b odpov\u011bd\u011bly a poskytuj\u00ed pomoc\u201c.<\/span><\/p>\n<p><span>Komoditn\u00ed skupina Trafigura odhalila, \u017ee tanker byl provozov\u00e1n jej\u00edm jm\u00e9nem.\u00a0Spole\u010dnost, kter\u00e1 m\u00e1 kancel\u00e1\u0159e ve Spojen\u00e9m kr\u00e1lovstv\u00ed, uvedla, \u017ee na palub\u011b bylo nasazeno hasic\u00ed za\u0159\u00edzen\u00ed, aby plameny dostaly pod kontrolu a \u017ee bezpe\u010dnost pos\u00e1dky byla jej\u00ed prioritou.<\/span><\/p>\n<p><em>&#8222;D\u0159\u00edve dne 26. ledna byla Marlin Luanda, tanker na ropn\u00e9 produkty provozovan\u00fd jm\u00e9nem Trafigury, zasa\u017eena raketou, kdy\u017e proplouvala Rud\u00fdm mo\u0159em,&#8220; \u0159ekl mluv\u010d\u00ed Trafigury. \u201ePo\u017e\u00e1rn\u00ed technika na palub\u011b je nasazena k potla\u010den\u00ed a kontrole po\u017e\u00e1ru zp\u016fsoben\u00e9ho v jednom n\u00e1kladn\u00edm tanku na pravoboku.\u00a0Bezpe\u010dnost pos\u00e1dky je na\u0161\u00ed prvo\u0159adou prioritou.&#8220;<\/em><\/p>\n<p><span>Mluv\u010d\u00ed britsk\u00e9 vl\u00e1dy pozd\u011bji \u0159ekl: \u201eJsme si v\u011bdomi zpr\u00e1v, \u017ee M\/V Marlin Luanda, tanker pluj\u00edc\u00ed pod vlajkou Marshallov\u00fdch ostrov\u016f, utrp\u011bl po\u0161kozen\u00ed p\u0159i \u00fatoku v Adensk\u00e9m z\u00e1livu.\u00a0Sou\u010dasn\u00e9 zpr\u00e1vy nazna\u010duj\u00ed, \u017ee na m\u00edst\u011b nejsou \u017e\u00e1dn\u00e9 ob\u011bti a bl\u00edzk\u00e9 koali\u010dn\u00ed lod\u011b.&#8220;<\/span><\/p>\n<p><em>\u201eBylo n\u00e1m jasn\u00e9, \u017ee jak\u00e9koli \u00fatoky na komer\u010dn\u00ed lodn\u00ed dopravu jsou naprosto nep\u0159ijateln\u00e9 a \u017ee Spojen\u00e9 kr\u00e1lovstv\u00ed a na\u0161i spojenci si vyhrazuj\u00ed pr\u00e1vo na odpov\u00eddaj\u00edc\u00ed reakci,\u201c dodal.<\/em><\/p>\n<p><span>Brzy r\u00e1no 27. ledna CENTCOM uvedl, \u017ee zas\u00e1hl protilodn\u00ed st\u0159elu Houthi nam\u00ed\u0159enou do Rud\u00e9ho mo\u0159e, kter\u00e1 byla p\u0159ipravena ke startu.<\/span><\/p>\n<p><em>\u201eAmerick\u00e9 s\u00edly identifikovaly raketu v oblastech Jemenu kontrolovan\u00fdch H\u00fas\u00edy a ur\u010dily, \u017ee p\u0159edstavuje bezprost\u0159edn\u00ed hrozbu pro obchodn\u00ed plavidla a lod\u011b americk\u00e9ho n\u00e1mo\u0159nictva v regionu.\u00a0Americk\u00e9 s\u00edly n\u00e1sledn\u011b zas\u00e1hly a zni\u010dily raketu v sebeobran\u011b,\u201c uvedlo velen\u00ed v prohl\u00e1\u0161en\u00ed zve\u0159ejn\u011bn\u00e9m na X.<\/em><\/p>\n<p><span>Jemensk\u00e1 televize Al-Masirah TV, kterou provozuj\u00ed H\u00fas\u00edov\u00e9, uvedla, \u017ee \u201eamericko-britsk\u00e1 agrese\u201c zam\u00ed\u0159ila dv\u011bma \u00fadery na pob\u0159e\u017en\u00ed oblast Ras Issa v z\u00e1padn\u00ed provincii al-Hudajda.\u00a0\u017d\u00e1dn\u00e9 ob\u011bti v\u0161ak nehl\u00e1silo.<\/span><\/p>\n<p><span>H\u00fas\u00edov\u00e9 se od 19. listopadu zam\u011b\u0159ili na des\u00edtky plavidel p\u0159idru\u017een\u00fdch k Izraeli a dal\u0161\u00edch, kter\u00e9 vlastn\u00ed USA a Spojen\u00e9 kr\u00e1lovstv\u00ed, v reakci na pokra\u010duj\u00edc\u00ed izraelskou v\u00e1lku a obl\u00e9h\u00e1n\u00ed v P\u00e1smu Gazy, kter\u00e9 si dosud vy\u017e\u00e1dalo \u017eivoty v\u00edce ne\u017e 26 000 Palestinc\u016f.<\/span><\/p>\n<p><span>USA a Spojen\u00e9 kr\u00e1lovstv\u00ed odv\u011btily na\u00a0ned\u00e1vn\u00e9 \u00fatoky H\u00fas\u00ed\u016f proveden\u00edm des\u00edtek \u00fader\u016f na vojensk\u00e9 c\u00edle v oblastech v Jemenu kontrolovan\u00fdch H\u00fas\u00edy b\u011bhem n\u011bkolika posledn\u00edch t\u00fddn\u016f.\u00a0Skupina v\u0161ak z\u016fst\u00e1v\u00e1 neodstra\u0161en\u00e1.<\/span><\/p>\n<p><img decoding=\"async\" loading=\"lazy\" class=\"alignnone size-full wp-image-1185\" src=\"http:\/\/www.infokuryr.cz\/n\/wp-content\/uploads\/2021\/04\/kuryr-podpis.png\" alt=\"\" width=\"84\" height=\"24\" \/><\/p>\n<p>&nbsp;<\/p>\n<p>&nbsp;<\/p>\n","protected":false},"excerpt":{"rendered":"<p>Pozd\u011b 26. ledna zas\u00e1hli \u00cdr\u00e1nem podporovan\u00ed H\u00fas\u00edov\u00e9 (Ansar Allah) v Jemenu tanker v Adensk\u00e9m z\u00e1livu&#8230;<\/p>\n","protected":false},"author":2,"featured_media":45741,"comment_status":"closed","ping_status":"closed","sticky":false,"template":"","format":"standard","meta":[],"categories":[7],"tags":[6184,979,303],"_links":{"self":[{"href":"https:\/\/www.infokuryr.cz\/n\/wp-json\/wp\/v2\/posts\/45740"}],"collection":[{"href":"https:\/\/www.infokuryr.cz\/n\/wp-json\/wp\/v2\/posts"}],"about":[{"href":"https:\/\/www.infokuryr.cz\/n\/wp-json\/wp\/v2\/types\/post"}],"author":[{"embeddable":true,"href":"https:\/\/www.infokuryr.cz\/n\/wp-json\/wp\/v2\/users\/2"}],"replies":[{"embeddable":true,"href":"https:\/\/www.infokuryr.cz\/n\/wp-json\/wp\/v2\/comments?post=45740"}],"version-history":[{"count":0,"href":"https:\/\/www.infokuryr.cz\/n\/wp-json\/wp\/v2\/posts\/45740\/revisions"}],"wp:featuredmedia":[{"embeddable":true,"href":"https:\/\/www.infokuryr.cz\/n\/wp-json\/wp\/v2\/media\/45741"}],"wp:attachment":[{"href":"https:\/\/www.infokuryr.cz\/n\/wp-json\/wp\/v2\/media?parent=45740"}],"wp:term":[{"taxonomy":"category","embeddable":true,"href":"https:\/\/www.infokuryr.cz\/n\/wp-json\/wp\/v2\/categories?post=45740"},{"taxonomy":"post_tag","embeddable":true,"href":"https:\/\/www.infokuryr.cz\/n\/wp-json\/wp\/v2\/tags?post=45740"}],"curies":[{"name":"wp","href":"https:\/\/api.w.org\/{rel}","templated":true}]}}