{"id":45739,"date":"2024-01-28T00:35:25","date_gmt":"2024-01-27T23:35:25","guid":{"rendered":"http:\/\/www.infokuryr.cz\/n\/?p=45739"},"modified":"2024-01-27T17:06:56","modified_gmt":"2024-01-27T16:06:56","slug":"hizballah-odpalil-tezke-rakety-falaq-1-na-izraelska-kasarna","status":"publish","type":"post","link":"https:\/\/www.infokuryr.cz\/n\/2024\/01\/28\/hizballah-odpalil-tezke-rakety-falaq-1-na-izraelska-kasarna\/","title":{"rendered":"Hizball\u00e1h odp\u00e1lil t\u011b\u017ek\u00e9 rakety Falaq-1 na izraelsk\u00e1 kas\u00e1rna"},"content":{"rendered":"<div id=\"fb-root\"><\/div>\n<p><strong><span>26. ledna Hizball\u00e1h ost\u0159eloval kas\u00e1rna Maale Golan izraelsk\u00fdch obrann\u00fdch sil (IDF) pod\u00e9l hranice s Libanonem.<\/span><\/strong><\/p>\n<p><span>Ve dvou samostatn\u00fdch prohl\u00e1\u0161en\u00edch skupina uvedla, \u017ee jej\u00ed bojovn\u00edci vyp\u00e1lili n\u011bkolik t\u011b\u017ek\u00fdch raket Falaq-1 a tak\u00e9 p\u0159\u00edval raket Ka\u0165u\u0161a na kas\u00e1rna a nedalek\u00e9 shrom\u00e1\u017ed\u011bn\u00ed izraelsk\u00fdch jednotek.<\/span><\/p>\n<p><span>\u00cdr\u00e1n vyr\u00e1b\u00ed t\u011b\u017ekou raketu Falaq-1 s doletem deset kilometr\u016f a hlavic\u00ed o hmotnosti 50 kg, ale st\u00e1le nen\u00ed jasn\u00e9, zda to byla zbra\u0148, kterou pou\u017e\u00edval Hizball\u00e1h.\u00a0Mezit\u00edm se term\u00edn Ka\u0165u\u0161a na Bl\u00edzk\u00e9m v\u00fdchod\u011b obvykle pou\u017e\u00edv\u00e1 k ozna\u010den\u00ed leh\u010d\u00edch raket, \u010dasto Fajr-1 \u00edr\u00e1nsk\u00e9 v\u00fdroby, kter\u00fd m\u00e1 dolet dev\u011bt kilometr\u016f a osmikilogramovou hlavici.<\/span><\/p>\n<p><span>Hizball\u00e1h v dal\u0161\u00edm prohl\u00e1\u0161en\u00ed ozn\u00e1mil, \u017ee jeho bojovn\u00edci zam\u00ed\u0159ili na shrom\u00e1\u017ed\u011bn\u00ed izraelsk\u00fdch voj\u00e1k\u016f za pou\u017eit\u00ed \u201evhodn\u00fdch zbran\u00ed.<\/span><\/p>\n<p><span>\u00datoky byly \u201ena podporu neochv\u011bjn\u00e9ho palestinsk\u00e9ho lidu v p\u00e1smu Gazy a na podporu jejich state\u010dn\u00e9ho a \u010destn\u00e9ho odporu,\u201c uvedla skupina ve sv\u00fdch prohl\u00e1\u0161en\u00edch.<\/span><\/p>\n<p><span>IDF a hebrejsk\u00e1 m\u00e9dia potvrdila, \u017ee z ji\u017en\u00edho Libanonu bylo odp\u00e1leno n\u011bkolik raket, ale nehl\u00e1sily \u017e\u00e1dn\u00e9 ob\u011bti.<\/span><\/p>\n<p><span>V reakci na ned\u00e1vn\u00e9 \u00fatoky IDF uvedla, \u017ee provedla \u00fadery proti c\u00edl\u016fm Hizball\u00e1hu v ji\u017en\u00edm Libanonu.\u00a0Izraelsk\u00e9 st\u00edha\u010dky zas\u00e1hly budovu pou\u017e\u00edvanou skupinou ve m\u011bst\u011b Bint Jbeil a naposledy byla zasa\u017eena dal\u0161\u00ed budova ve m\u011bst\u011b Khiam.\u00a0Nebyly hl\u00e1\u0161eny \u017e\u00e1dn\u00e9 ob\u011bti.<\/span><\/p>\n<p><span>Samostatn\u011b, vojensk\u00e1 m\u00e9dia Hizball\u00e1hu zve\u0159ejnila z\u00e1b\u011bry z dronu z m\u00edsta protivzdu\u0161n\u00e9 obrany IDF Iron Dome pobl\u00ed\u017e severoizraelsk\u00e9 osady Kfar Blum.\u00a0Skupina za\u00fato\u010dila na m\u00edsto sebevra\u017eedn\u00fdmi drony o den d\u0159\u00edve.\u00a0IDF v\u0161ak nehl\u00e1sila \u017e\u00e1dn\u00e9 ztr\u00e1ty.<\/span><\/p>\n<p><iframe loading=\"lazy\" src=\"https:\/\/s2.cdnstatic.space\/wp-content\/uploads\/2024\/01\/twitsave.com_wamsbndbQVYF1SiH.mp4\" width=\"600\" height=\"338\" data-mce-fragment=\"1\"><\/iframe><\/p>\n<p><span>St\u0159ety na libanonsko-izraelsk\u00e9 hranici poprv\u00e9 vypukly po za\u010d\u00e1tku v\u00e1lky v Gaze, kdy Hizball\u00e1h a jeho spojenci podnikali \u00fatoky na podporu P\u00e1sma.<\/span><\/p>\n<p><span>Dosavadn\u00ed st\u0159ety na libanonsko-izraelsk\u00e9 hranici si vy\u017e\u00e1daly \u0161est mrtv\u00fdch civilist\u016f na izraelsk\u00e9 stran\u011b a tak\u00e9 dev\u011bt mrtv\u00fdch voj\u00e1k\u016f IDF.\u00a0Na libanonsk\u00e9 stran\u011b bylo zabito v\u00edce ne\u017e 200 lid\u00ed.\u00a0Po\u010det zahrnuje 156 bojovn\u00edk\u016f Hizball\u00e1hu, z nich\u017e 14 bylo zabito v S\u00fdrii, 28 Palestinc\u016f, libanonsk\u00e9ho voj\u00e1ka a nejm\u00e9n\u011b 24 civilist\u016f.<\/span><\/p>\n<p><img decoding=\"async\" loading=\"lazy\" class=\"alignnone size-full wp-image-1185\" src=\"http:\/\/www.infokuryr.cz\/n\/wp-content\/uploads\/2021\/04\/kuryr-podpis.png\" alt=\"\" width=\"84\" height=\"24\" \/><\/p>\n<p>&nbsp;<\/p>\n<p>&nbsp;<\/p>\n","protected":false},"excerpt":{"rendered":"<p>26. ledna Hizball\u00e1h ost\u0159eloval kas\u00e1rna Maale Golan izraelsk\u00fdch obrann\u00fdch sil (IDF) pod\u00e9l hranice s Libanonem&#8230;.<\/p>\n","protected":false},"author":2,"featured_media":43547,"comment_status":"closed","ping_status":"closed","sticky":false,"template":"","format":"standard","meta":[],"categories":[7],"tags":[2306,107,349],"_links":{"self":[{"href":"https:\/\/www.infokuryr.cz\/n\/wp-json\/wp\/v2\/posts\/45739"}],"collection":[{"href":"https:\/\/www.infokuryr.cz\/n\/wp-json\/wp\/v2\/posts"}],"about":[{"href":"https:\/\/www.infokuryr.cz\/n\/wp-json\/wp\/v2\/types\/post"}],"author":[{"embeddable":true,"href":"https:\/\/www.infokuryr.cz\/n\/wp-json\/wp\/v2\/users\/2"}],"replies":[{"embeddable":true,"href":"https:\/\/www.infokuryr.cz\/n\/wp-json\/wp\/v2\/comments?post=45739"}],"version-history":[{"count":0,"href":"https:\/\/www.infokuryr.cz\/n\/wp-json\/wp\/v2\/posts\/45739\/revisions"}],"wp:featuredmedia":[{"embeddable":true,"href":"https:\/\/www.infokuryr.cz\/n\/wp-json\/wp\/v2\/media\/43547"}],"wp:attachment":[{"href":"https:\/\/www.infokuryr.cz\/n\/wp-json\/wp\/v2\/media?parent=45739"}],"wp:term":[{"taxonomy":"category","embeddable":true,"href":"https:\/\/www.infokuryr.cz\/n\/wp-json\/wp\/v2\/categories?post=45739"},{"taxonomy":"post_tag","embeddable":true,"href":"https:\/\/www.infokuryr.cz\/n\/wp-json\/wp\/v2\/tags?post=45739"}],"curies":[{"name":"wp","href":"https:\/\/api.w.org\/{rel}","templated":true}]}}