{"id":45733,"date":"2024-01-28T00:34:39","date_gmt":"2024-01-27T23:34:39","guid":{"rendered":"http:\/\/www.infokuryr.cz\/n\/?p=45733"},"modified":"2024-01-27T17:02:33","modified_gmt":"2024-01-27T16:02:33","slug":"ukrajinska-protiofenziva-v-zaporozskem-kraji-skoncila-ale-ukrajinske-ztraty-ne","status":"publish","type":"post","link":"https:\/\/www.infokuryr.cz\/n\/2024\/01\/28\/ukrajinska-protiofenziva-v-zaporozskem-kraji-skoncila-ale-ukrajinske-ztraty-ne\/","title":{"rendered":"Ukrajinsk\u00e1 protiofenz\u00edva v Z\u00e1poro\u017esk\u00e9m kraji skon\u010dila, ale ukrajinsk\u00e9 ztr\u00e1ty ne"},"content":{"rendered":"<div id=\"fb-root\"><\/div>\n<p><strong><span>Uprost\u0159ed pokra\u010duj\u00edc\u00edch boj\u016f v Z\u00e1poro\u017esk\u00e9 oblasti, h\u0159bitov\u011b zni\u010den\u00fdch ukrajinsk\u00fdch tank\u016f a tank\u016f NATO, roste obrn\u011bn\u00e1 vozidla.\u00a0Ukrajin\u0161t\u00ed voj\u00e1ci opou\u0161t\u011bj\u00ed nejen sv\u00e9 vybaven\u00ed, ale i t\u011bla mrtv\u00fdch a zran\u011bn\u00fdch spolubojovn\u00edk\u016f:<\/span><\/strong><\/p>\n<div style=\"width: 640px;\" class=\"wp-video\"><!--[if lt IE 9]><script>document.createElement('video');<\/script><![endif]-->\n<video class=\"wp-video-shortcode\" id=\"video-45733-1\" width=\"640\" height=\"338\" preload=\"metadata\" controls=\"controls\"><source type=\"video\/mp4\" src=\"http:\/\/www.infokuryr.cz\/n\/wp-content\/uploads\/2024\/01\/man.mp4?_=1\" \/><a href=\"http:\/\/www.infokuryr.cz\/n\/wp-content\/uploads\/2024\/01\/man.mp4\">http:\/\/www.infokuryr.cz\/n\/wp-content\/uploads\/2024\/01\/man.mp4<\/a><\/video><\/div>\n<p>&nbsp;<\/p>\n<div style=\"width: 640px;\" class=\"wp-video\"><video class=\"wp-video-shortcode\" id=\"video-45733-2\" width=\"640\" height=\"346\" preload=\"metadata\" controls=\"controls\"><source type=\"video\/mp4\" src=\"http:\/\/www.infokuryr.cz\/n\/wp-content\/uploads\/2024\/01\/2-1-3.mp4?_=2\" \/><a href=\"http:\/\/www.infokuryr.cz\/n\/wp-content\/uploads\/2024\/01\/2-1-3.mp4\">http:\/\/www.infokuryr.cz\/n\/wp-content\/uploads\/2024\/01\/2-1-3.mp4<\/a><\/video><\/div>\n<p>&nbsp;<\/p>\n<div style=\"width: 640px;\" class=\"wp-video\"><video class=\"wp-video-shortcode\" id=\"video-45733-3\" width=\"640\" height=\"360\" preload=\"metadata\" controls=\"controls\"><source type=\"video\/mp4\" src=\"http:\/\/www.infokuryr.cz\/n\/wp-content\/uploads\/2024\/01\/2-2-1.mp4?_=3\" \/><a href=\"http:\/\/www.infokuryr.cz\/n\/wp-content\/uploads\/2024\/01\/2-2-1.mp4\">http:\/\/www.infokuryr.cz\/n\/wp-content\/uploads\/2024\/01\/2-2-1.mp4<\/a><\/video><\/div>\n<p>&nbsp;<\/p>\n<p><span>Na Z\u00e1poro\u017esk\u00e9m sm\u011bru ru\u0161t\u00ed voj\u00e1ci roz\u0161i\u0159uj\u00ed z\u00f3nu sv\u00e9 kontroly v oblasti vesnic Rabotino a Verbovoe, narovn\u00e1vaj\u00ed frontu v oblasti Novoprokopovky.\u00a0Ukrajinsk\u00e9 s\u00edly se ve sv\u00e9m po\u0159ad\u00ed pokou\u0161ej\u00ed o m\u00edstn\u00ed proti\u00fatoky, ale bez v\u00fdrazn\u011bj\u0161\u00edho \u00fasp\u011bchu.<\/span><\/p>\n<p><span>Podle rusk\u00e9ho ministerstva obrany ztratila ukrajinsk\u00e1 arm\u00e1da b\u011bhem uplynul\u00e9ho dne v\u00edce ne\u017e 450 voj\u00e1k\u016f, t\u0159i tanky, \u010dty\u0159i bojov\u00e1 obrn\u011bn\u00e1 vozidla, 17 vozidel a 11 poln\u00edch d\u011bl.<\/span><\/p>\n<p><img decoding=\"async\" loading=\"lazy\" class=\"alignnone size-full wp-image-1185\" src=\"http:\/\/www.infokuryr.cz\/n\/wp-content\/uploads\/2021\/04\/kuryr-podpis.png\" alt=\"\" width=\"84\" height=\"24\" \/><\/p>\n<p>&nbsp;<\/p>\n<p>&nbsp;<\/p>\n","protected":false},"excerpt":{"rendered":"<p>Uprost\u0159ed pokra\u010duj\u00edc\u00edch boj\u016f v Z\u00e1poro\u017esk\u00e9 oblasti, h\u0159bitov\u011b zni\u010den\u00fdch ukrajinsk\u00fdch tank\u016f a tank\u016f NATO, roste obrn\u011bn\u00e1&#8230;<\/p>\n","protected":false},"author":2,"featured_media":45737,"comment_status":"closed","ping_status":"closed","sticky":false,"template":"","format":"standard","meta":[],"categories":[7],"tags":[26,5135,3034],"_links":{"self":[{"href":"https:\/\/www.infokuryr.cz\/n\/wp-json\/wp\/v2\/posts\/45733"}],"collection":[{"href":"https:\/\/www.infokuryr.cz\/n\/wp-json\/wp\/v2\/posts"}],"about":[{"href":"https:\/\/www.infokuryr.cz\/n\/wp-json\/wp\/v2\/types\/post"}],"author":[{"embeddable":true,"href":"https:\/\/www.infokuryr.cz\/n\/wp-json\/wp\/v2\/users\/2"}],"replies":[{"embeddable":true,"href":"https:\/\/www.infokuryr.cz\/n\/wp-json\/wp\/v2\/comments?post=45733"}],"version-history":[{"count":1,"href":"https:\/\/www.infokuryr.cz\/n\/wp-json\/wp\/v2\/posts\/45733\/revisions"}],"predecessor-version":[{"id":45738,"href":"https:\/\/www.infokuryr.cz\/n\/wp-json\/wp\/v2\/posts\/45733\/revisions\/45738"}],"wp:featuredmedia":[{"embeddable":true,"href":"https:\/\/www.infokuryr.cz\/n\/wp-json\/wp\/v2\/media\/45737"}],"wp:attachment":[{"href":"https:\/\/www.infokuryr.cz\/n\/wp-json\/wp\/v2\/media?parent=45733"}],"wp:term":[{"taxonomy":"category","embeddable":true,"href":"https:\/\/www.infokuryr.cz\/n\/wp-json\/wp\/v2\/categories?post=45733"},{"taxonomy":"post_tag","embeddable":true,"href":"https:\/\/www.infokuryr.cz\/n\/wp-json\/wp\/v2\/tags?post=45733"}],"curies":[{"name":"wp","href":"https:\/\/api.w.org\/{rel}","templated":true}]}}