{"id":45732,"date":"2024-01-28T00:33:08","date_gmt":"2024-01-27T23:33:08","guid":{"rendered":"http:\/\/www.infokuryr.cz\/n\/?p=45732"},"modified":"2024-01-27T16:51:49","modified_gmt":"2024-01-27T15:51:49","slug":"rada-bezpecnosti-osn-projedna-rozhodnuti-mezinarodniho-soudniho-dvora-v-pripadu-izraelske-genocidy-v-gaze","status":"publish","type":"post","link":"https:\/\/www.infokuryr.cz\/n\/2024\/01\/28\/rada-bezpecnosti-osn-projedna-rozhodnuti-mezinarodniho-soudniho-dvora-v-pripadu-izraelske-genocidy-v-gaze\/","title":{"rendered":"Rada bezpe\u010dnosti OSN projedn\u00e1 rozhodnut\u00ed Mezin\u00e1rodn\u00edho soudn\u00edho dvora v p\u0159\u00edpadu izraelsk\u00e9 genocidy v Gaze"},"content":{"rendered":"<div id=\"fb-root\"><\/div>\n<p><strong>Rada bezpe\u010dnosti Organizace spojen\u00fdch n\u00e1rod\u016f (BR OSN) se m\u00e1 p\u0159\u00ed\u0161t\u00ed t\u00fdden sej\u00edt kv\u016fli rozhodnut\u00ed nejvy\u0161\u0161\u00edho soudu glob\u00e1ln\u00ed organizace vyz\u00fdvaj\u00edc\u00ed Izrael, aby zabr\u00e1nil genocidn\u00edm \u010din\u016fm v Gaze.<\/strong><\/p>\n<p><span>Sch\u016fzku napl\u00e1novanou na st\u0159edu svolalo Al\u017e\u00edrsko, jeho\u017e ministerstvo zahrani\u010d\u00ed uvedlo, \u017ee \u201ez\u00e1vazn\u011b u\u010din\u00ed prohl\u00e1\u0161en\u00ed Mezin\u00e1rodn\u00edho soudn\u00edho dvora o prozat\u00edmn\u00edch opat\u0159en\u00edch uvalen\u00fdch na izraelskou okupaci\u201c.<\/span><\/p>\n<p><span>ICJ v p\u00e1tek\u00a0<\/span><a href=\"https:\/\/www.aljazeera.com\/program\/newsfeed\/2024\/1\/26\/what-the-uns-top-court-said-in-israel-genocide-case-ruling\"><span>\u0159ekl<\/span><\/a><span>\u00a0, \u017ee Izrael mus\u00ed zabr\u00e1nit genocidn\u00edm \u010din\u016fm ve v\u00e1lce s Hamasem a umo\u017enit pomoc do Gazy, ale zastavil se p\u0159ed vol\u00e1n\u00edm po ukon\u010den\u00ed boj\u016f.<\/span><\/p>\n<p><span>Rozhodnut\u00ed \u201evyd\u00e1v\u00e1 jasnou zpr\u00e1vu\u00a0<\/span><a href=\"https:\/\/www.aljazeera.com\/news\/2024\/1\/26\/what-has-the-icj-ordered-israel-to-do-on-gaza-war-and-whats-next\"><span>,<\/span><\/a><span>\u00a0\u017ee k tomu, abyste mohli ud\u011blat v\u0161echny v\u011bci, o kter\u00e9 \u017e\u00e1daj\u00ed, pot\u0159ebujete p\u0159\u00edm\u011b\u0159\u00ed, aby se tak stalo\u201c, \u0159ekl Riyad Mansour, palestinsk\u00fd velvyslanec p\u0159i OSN.<\/span><\/p>\n<p><span>Al\u017e\u00edrsko, arabsk\u00fd z\u00e1stupce v rad\u011b, po\u017e\u00e1dalo o sch\u016fzku v p\u00e1tek pozd\u011b po diskusi za zav\u0159en\u00fdmi dve\u0159mi 22\u010dlenn\u00e9 arabsk\u00e9 skupiny OSN.<\/span><\/p>\n<p><span>&#8222;Tak si zapn\u011bte bezpe\u010dnostn\u00ed p\u00e1sy,&#8220; \u0159ekl Mans\u00far a nazna\u010dil, \u017ee arabsk\u00e1 skupina bude tla\u010dit na zastaven\u00ed boj\u016f.<\/span><\/p>\n<p><span>Gabriel Elizondo z Al-D\u017eaz\u00edry, reportuj\u00edc\u00ed z OSN v New Yorku, uvedl, \u017ee diplomatick\u00e9 zdroje nazna\u010dily, \u017ee n\u00e1vrh Al\u017e\u00edrska pravd\u011bpodobn\u011b vy\u017eaduje okam\u017eit\u00e9 p\u0159\u00edm\u011b\u0159\u00ed.<\/span><\/p>\n<p><span>&#8222;V\u0161echny o\u010di se nyn\u00ed obracej\u00ed k Rad\u011b bezpe\u010dnosti,&#8220; \u0159ekl a dodal, \u017ee tento krok zem\u011b je velmi o\u010dek\u00e1van\u00fd.<\/span><\/p>\n<div class=\"container--ads in-article-ads\"><\/div>\n<h2 id=\"us-veto\"><span>USA-veto<\/span><\/h2>\n<p><span>Rada bezpe\u010dnosti OSN, kter\u00e1 je v izraelsko-palestinsk\u00e9 ot\u00e1zce dlouho rozd\u011blena, od 7. \u0159\u00edjna od \u00fatok\u016f Hamasu, kter\u00e9 vedly k masivn\u00ed izraelsk\u00e9\u00a0<\/span><a href=\"https:\/\/www.aljazeera.com\/news\/2024\/1\/27\/icj-ruling-in-gaza-genocide-case-renews-calls-to-end-israel-arms-transfers\"><span>ofenz\u00edv\u011b<\/span><\/a><span>\u00a0na p\u00e1smo Gazy, souhlasila pouze se dv\u011bma rezolucemi.<\/span><\/p>\n<p><span>V prosinci po\u017eadovala dod\u00e1vky pomoci \u201eve velk\u00e9m\u201c oble\u017een\u00e9mu obyvatelstvu Gazy, zat\u00edmco spojenec Izraele, Spojen\u00e9 st\u00e1ty, navzdory mezin\u00e1rodn\u00edmu tlaku zdr\u017eovaly vol\u00e1n\u00ed po p\u0159\u00edm\u011b\u0159\u00ed.<\/span><\/p>\n<p><span>\u00datoky Hamasu ze 7. \u0159\u00edjna zabily v Izraeli podle \u00fa\u0159ad\u016f asi 1140 lid\u00ed.<\/span><\/p>\n<p><span>Palestin\u0161t\u00ed bojovn\u00edci tak\u00e9 zajali asi 250 lid\u00ed a Izrael \u0159\u00edk\u00e1, \u017ee 132 z nich z\u016fst\u00e1v\u00e1 v Gaze, v\u010detn\u011b t\u011bl nejm\u00e9n\u011b 28 z nich.<\/span><\/p>\n<p><span>Izrael sl\u00edbil rozdrtit Ham\u00e1s a zah\u00e1jil vojenskou ofenz\u00edvu, kter\u00e1 podle ministerstva zdravotnictv\u00ed v Gaze zabila nejm\u00e9n\u011b 26 257 lid\u00ed, asi 70 procent z nich jsou \u017eeny a d\u011bti.<\/span><\/p>\n<p><span>ICJ se s\u00eddlem v Haagu sice nena\u0159\u00eddil okam\u017eit\u00e9 zastaven\u00ed t\u00e9m\u011b\u0159 \u010dty\u0159i m\u011bs\u00edce star\u00e9 v\u00e1lky, ale \u0159ekl, \u017ee Izrael mus\u00ed ud\u011blat v\u0161e, aby \u201ezabr\u00e1nil sp\u00e1ch\u00e1n\u00ed v\u0161ech \u010din\u016f v r\u00e1mci\u201c \u00damluvy OSN o genocid\u011b z roku 1948.<\/span><\/p>\n<p><span>Izraelsk\u00fd premi\u00e9r Benjamin Netanjahu rozhodnut\u00ed Mezin\u00e1rodn\u00edho soudn\u00edho dvora\u00a0<\/span><a href=\"https:\/\/www.aljazeera.com\/program\/newsfeed\/2024\/1\/26\/israels-netanyahu-reacts-to-icj-ruling#:~:text=Israeli%20Prime%20Minister%20Benjamin%20Netanyahu,while%20adhering%20to%20international%20law.\"><span>odm\u00edtl<\/span><\/a><span>\u00a0a prohl\u00e1sil, \u017ee jeho zem\u011b bude i nad\u00e1le br\u00e1nit sebe a sv\u00e9 ob\u010dany a z\u00e1rove\u0148 dodr\u017eovat mezin\u00e1rodn\u00ed pr\u00e1vo.<\/span><\/p>\n<div>\n<div class=\"video-player-facade-container\">\n<div class=\"aj-video-player in-article-bc-video-player aj-parsed-component\"><img decoding=\"async\" loading=\"lazy\" class=\"alignnone size-full wp-image-1185\" src=\"http:\/\/www.infokuryr.cz\/n\/wp-content\/uploads\/2021\/04\/kuryr-podpis.png\" alt=\"\" width=\"84\" height=\"24\" \/><\/div>\n<\/div>\n<div><\/div>\n<\/div>\n","protected":false},"excerpt":{"rendered":"<p>Rada bezpe\u010dnosti Organizace spojen\u00fdch n\u00e1rod\u016f (BR OSN) se m\u00e1 p\u0159\u00ed\u0161t\u00ed t\u00fdden sej\u00edt kv\u016fli rozhodnut\u00ed nejvy\u0161\u0161\u00edho&#8230;<\/p>\n","protected":false},"author":2,"featured_media":17766,"comment_status":"closed","ping_status":"closed","sticky":false,"template":"","format":"standard","meta":[],"categories":[7],"tags":[107,186,1408],"_links":{"self":[{"href":"https:\/\/www.infokuryr.cz\/n\/wp-json\/wp\/v2\/posts\/45732"}],"collection":[{"href":"https:\/\/www.infokuryr.cz\/n\/wp-json\/wp\/v2\/posts"}],"about":[{"href":"https:\/\/www.infokuryr.cz\/n\/wp-json\/wp\/v2\/types\/post"}],"author":[{"embeddable":true,"href":"https:\/\/www.infokuryr.cz\/n\/wp-json\/wp\/v2\/users\/2"}],"replies":[{"embeddable":true,"href":"https:\/\/www.infokuryr.cz\/n\/wp-json\/wp\/v2\/comments?post=45732"}],"version-history":[{"count":0,"href":"https:\/\/www.infokuryr.cz\/n\/wp-json\/wp\/v2\/posts\/45732\/revisions"}],"wp:featuredmedia":[{"embeddable":true,"href":"https:\/\/www.infokuryr.cz\/n\/wp-json\/wp\/v2\/media\/17766"}],"wp:attachment":[{"href":"https:\/\/www.infokuryr.cz\/n\/wp-json\/wp\/v2\/media?parent=45732"}],"wp:term":[{"taxonomy":"category","embeddable":true,"href":"https:\/\/www.infokuryr.cz\/n\/wp-json\/wp\/v2\/categories?post=45732"},{"taxonomy":"post_tag","embeddable":true,"href":"https:\/\/www.infokuryr.cz\/n\/wp-json\/wp\/v2\/tags?post=45732"}],"curies":[{"name":"wp","href":"https:\/\/api.w.org\/{rel}","templated":true}]}}