{"id":45730,"date":"2024-01-28T00:32:38","date_gmt":"2024-01-27T23:32:38","guid":{"rendered":"http:\/\/www.infokuryr.cz\/n\/?p=45730"},"modified":"2024-01-27T16:45:34","modified_gmt":"2024-01-27T15:45:34","slug":"113-den-den-po-rozhodnuti-icj-usa-a-spojenci-stahuji-financni-prostredky-unrwa","status":"publish","type":"post","link":"https:\/\/www.infokuryr.cz\/n\/2024\/01\/28\/113-den-den-po-rozhodnuti-icj-usa-a-spojenci-stahuji-financni-prostredky-unrwa\/","title":{"rendered":"113. den: Den po rozhodnut\u00ed ICJ USA a spojenci stahuj\u00ed finan\u010dn\u00ed prost\u0159edky UNRWA"},"content":{"rendered":"<div id=\"fb-root\"><\/div>\n<p><span style=\"font-size: 18pt;\"><strong>27.ledna 2024<\/strong><\/span><\/p>\n<p><span style=\"font-size: 14pt;\"><strong>Nejm\u00e9n\u011b p\u011bt zem\u00ed st\u00e1hlo sv\u00e9 finan\u010dn\u00ed prost\u0159edky z agentury OSN pro palestinsk\u00e9 uprchl\u00edky kv\u016fli izraelsk\u00fdm tvrzen\u00edm, \u017ee se \u010dlenov\u00e9 person\u00e1lu \u00fa\u010dastnili \u00fatoku ze 7. \u0159\u00edjna.\u00a0Izrael nad\u00e1le zab\u00edj\u00ed Palestince v Gaze a na Z\u00e1padn\u00edm b\u0159ehu Jord\u00e1nu.<\/strong><\/span><\/p>\n<h2 class=\"wp-block-heading\"><span>Ztr\u00e1ty:<\/span><\/h2>\n<ul>\n<li><span>26 257 zabit\u00fdch* a nejm\u00e9n\u011b 64 797 zran\u011bn\u00fdch v p\u00e1smu Gazy.<\/span><\/li>\n<li><span>Na okupovan\u00e9m Z\u00e1padn\u00edm b\u0159ehu a ve v\u00fdchodn\u00edm Jeruzal\u00e9m\u011b bylo zabito v\u00edce ne\u017e 387 Palestinc\u016f<\/span><\/li>\n<li><span>Izrael reviduje sv\u016fj odhadovan\u00fd po\u010det ob\u011bt\u00ed ze 7. \u0159\u00edjna na 1 400 na 1 147.<\/span><\/li>\n<li><span>Od 7. \u0159\u00edjna bylo zabito 556 izraelsk\u00fdch voj\u00e1k\u016f a nejm\u00e9n\u011b 3 221 zran\u011bno.**<\/span><\/li>\n<\/ul>\n<p><em><span>*Toto \u010d\u00edslo potvrdilo ministerstvo zdravotnictv\u00ed v Gaze v sobotu 27. ledna. N\u011bkter\u00e9 organizace na ochranu lidsk\u00fdch pr\u00e1v uv\u00e1d\u011bj\u00ed po\u010det ob\u011bt\u00ed na\u00a0<\/span><\/em><a href=\"https:\/\/twitter.com\/EuroMedHR\/status\/1750579587971481897\"><em><span>v\u00edce ne\u017e 33 000<\/span><\/em><\/a><em><span>\u00a0, kdy\u017e po\u010d\u00edtaj\u00ed s t\u011bmi, o kter\u00fdch se p\u0159edpokl\u00e1d\u00e1, \u017ee jsou mrtv\u00ed.<\/span><\/em><\/p>\n<p><em><span>** Tento \u00fadaj zve\u0159ejnila izraelsk\u00e1 arm\u00e1da.<\/span><\/em><\/p>\n<h2 class=\"wp-block-heading\"><strong><span>Kl\u00ed\u010dov\u00fd v\u00fdvoj<\/span><\/strong><\/h2>\n<ul>\n<li><span>P\u00e1te\u010dn\u00ed rozhodnut\u00ed Mezin\u00e1rodn\u00edho soudn\u00edho dvora sb\u00edr\u00e1 sm\u00ed\u0161en\u00e9 recenze, Izrael a USA tvrd\u00ed, \u017ee Izrael je nevinn\u00fd, Palestinci poukazuj\u00ed na to, \u017ee nic jin\u00e9ho ne\u017e p\u0159\u00edm\u011b\u0159\u00ed neskon\u010d\u00ed genocidu.<\/span><\/li>\n<li><span>UNRWA propou\u0161t\u00ed 12 \u010dlen\u016f person\u00e1lu a oznamuje zah\u00e1jen\u00ed nez\u00e1visl\u00e9ho vy\u0161et\u0159ov\u00e1n\u00ed po izraelsk\u00fdch tvrzen\u00edch, \u017ee se n\u011bkte\u0159\u00ed zam\u011bstnanci UNRWA \u00fa\u010dastnili \u00fatoku 7. \u0159\u00edjna.\u00a0<\/span><\/li>\n<li><span>USA, Velk\u00e1 Brit\u00e1nie, Austr\u00e1lie, It\u00e1lie a Kanada \u010derpaj\u00ed finan\u010dn\u00ed prost\u0159edky z UNRWA, ani\u017e by \u010dekaly na v\u00fdsledky vy\u0161et\u0159ov\u00e1n\u00ed, a to navzdory zoufal\u00e9 humanit\u00e1rn\u00ed pot\u0159eb\u011b na okupovan\u00fdch palestinsk\u00fdch \u00fazem\u00edch uprost\u0159ed ne\u00fanavn\u00e9ho izraelsk\u00e9ho \u00fatoku na Gazu.<\/span><\/li>\n<li><span>Izraelsk\u00e9 s\u00edly zabily v Gaze b\u011bhem 24 hodin nejm\u00e9n\u011b 174 Palestinc\u016f a 310 dal\u0161\u00edch zranily.\u00a0<\/span><\/li>\n<li><span>Objevuje se \u0159ada zpr\u00e1v o izraelsk\u00fdch sil\u00e1ch zab\u00edjej\u00edc\u00edch Palestince m\u00e1vaj\u00edc\u00edmi b\u00edl\u00fdmi vlajkami, v\u010detn\u011b dvou bratr\u016f ve v\u011bku 14 a 20 let prchaj\u00edc\u00edch z Khana Younise.<\/span><\/li>\n<li><span>Izraelsk\u00e9 s\u00edly p\u0159es noc zabily Palestince na severu okupovan\u00e9ho Z\u00e1padn\u00edho b\u0159ehu Jord\u00e1nu a zadr\u017eely nejm\u00e9n\u011b osm dal\u0161\u00edch.<\/span><\/li>\n<li><span>Americk\u00fd feder\u00e1ln\u00ed soud za\u010d\u00edn\u00e1 obvi\u0148ovat prezidenta Joea Bidena a dal\u0161\u00ed kl\u00ed\u010dov\u00e9 \u010dinitele ze spolu\u00fa\u010dasti na izraelsk\u00e9m poru\u0161ov\u00e1n\u00ed lidsk\u00fdch pr\u00e1v proti Palestinc\u016fm.\u00a0<\/span><\/li>\n<li><span>Izraelsk\u00e9 \u00fadery v ji\u017en\u00edm Libanonu zabily nejm\u00e9n\u011b \u010dty\u0159i \u010dleny hnut\u00ed Hizball\u00e1h.<\/span><\/li>\n<li><span>USA podnikaj\u00ed nov\u00e9 \u00fadery v Jemenu pot\u00e9, co Ansar Allah za\u00fato\u010dil na tanker v Rud\u00e9m mo\u0159i.<\/span><\/li>\n<\/ul>\n<h2 class=\"wp-block-heading\"><strong><span>Sv\u011bt reaguje na rozhodnut\u00ed ICJ<\/span><\/strong><\/h2>\n<p><span>P\u00e1te\u010dn\u00ed rozsudek Mezin\u00e1rodn\u00edho\u00a0<\/span><a href=\"https:\/\/mondoweiss.net\/2024\/01\/icj-orders-israel-to-prevent-genocidal-acts-in-gaza-and-punish-calls-for-incitement\/\"><span>soudn\u00edho dvora (ICJ)<\/span><\/a><span>\u00a0, kter\u00fd zjistil, \u017ee existuj\u00ed hodnov\u011brn\u00e9 d\u016fkazy o tom, \u017ee Izrael p\u00e1ch\u00e1 genocidn\u00ed \u010diny v Gaze, a na\u0159\u00eddil, aby Izrael do m\u011bs\u00edce prok\u00e1zal, \u017ee obracel sv\u016fj kurz na sv\u00e9 nevyb\u00edrav\u00e9 c\u00edlen\u00ed na civilisty v Gaze a obstrukce humanit\u00e1rn\u00ed pomoci, ale zastavil se p\u0159ed vol\u00e1n\u00edm po p\u0159\u00edm\u011b\u0159\u00ed \u2013 vyvolalo reakce v Izraeli, Palestin\u011b a po cel\u00e9m sv\u011bt\u011b.<\/span><\/p>\n<p><span>N\u011bkte\u0159\u00ed z izraelsk\u00e9ho tisku ozna\u010dili rozhodnut\u00ed nena\u0159\u00eddit okam\u017eit\u00e9 p\u0159\u00edm\u011b\u0159\u00ed za \u201e\u00a0<\/span><a href=\"https:\/\/www.jpost.com\/israel-hamas-war\/article-783874\"><span>v\u00edt\u011bzstv\u00ed<\/span><\/a><span>\u00a0\u201c a \u201e\u00a0<\/span><a href=\"https:\/\/www.ynetnews.com\/article\/s1esmrwqp#autoplay\"><span>nejlep\u0161\u00ed, v jak\u00e9 Izrael mohl doufat<\/span><\/a><span>\u00a0\u201c.\u00a0Jin\u00ed to interpretovali jako \u201e\u00a0<\/span><a href=\"https:\/\/www.haaretz.com\/israel-news\/2024-01-26\/ty-article\/.premium\/icj-fires-israel-a-warning-shot-over-genocide-case-this-is-why-netanyahu-should-worry\/0000018d-4625-dc44-a5bf-ceb7d5cf0000\"><span>varovn\u00fd v\u00fdst\u0159el<\/span><\/a><span>\u00a0\u201c, kter\u00fd by mohl d\u00e1le izolovat izraelskou vl\u00e1du a jej\u00edho nejbli\u017e\u0161\u00edho spojence, Spojen\u00e9 st\u00e1ty, na mezin\u00e1rodn\u00ed sc\u00e9n\u011b.<\/span><\/p>\n<p><span>Zat\u00edmco Izrael p\u0159ed rozsudkem sl\u00edbil, \u017ee nebude vyhovovat \u017e\u00e1dn\u00fdm v\u00fdzv\u00e1m Mezin\u00e1rodn\u00edho soudn\u00edho dvora k ukon\u010den\u00ed nel\u00edtostn\u00e9ho \u00fatoku na Gazu, izraelsk\u00ed analytici se domn\u00edvaj\u00ed, \u017ee Tel Aviv nebude otev\u0159en\u011b odm\u00edtat prozat\u00edmn\u00ed p\u0159\u00edkazy vydan\u00e9 soudem. Izraelsk\u00e1 vl\u00e1da nad\u00e1le tvrd\u00ed, navzdory rozs\u00e1hl\u00fdm d\u016fkaz\u016fm o opaku na m\u00edst\u011b, \u017ee ji\u017e d\u011bl\u00e1 maximum pro ochranu palestinsk\u00fdch civilist\u016f.<\/span><\/p>\n<p><span>ICJ zejm\u00e9na na\u0159\u00eddil, aby Izrael zabr\u00e1nil a potrestal \u00fa\u0159edn\u00edky podn\u011bcuj\u00edc\u00ed ke genocid\u011b.\u00a0Jihoafrick\u00e1 republika, kter\u00e1 p\u0159\u00edpad p\u0159edlo\u017eila ICJ, ve sv\u00fdch \u00fastn\u00edch argumentech citovala prohl\u00e1\u0161en\u00ed vysoce postaven\u00fdch \u010dlen\u016f izraelsk\u00e9 vl\u00e1dy, v\u010detn\u011b premi\u00e9ra Benjamina Netanjahua, jako d\u016fkaz genocidn\u00edch z\u00e1m\u011br\u016f proti Palestinc\u016fm.<\/span><\/p>\n<p><a href=\"https:\/\/www.timesofisrael.com\/liveblog_entry\/netanyahu-instructs-cabinet-members-to-refrain-from-responding-to-icj-ruling-to-no-avail\/\"><span>List The Times of Israel<\/span><\/a><span>\u00a0v p\u00e1tek uvedl, \u017ee Netanjahu marn\u011b na\u0159\u00eddil \u010dlen\u016fm sv\u00e9ho kabinetu, aby se zdr\u017eeli reakce na rozhodnut\u00ed ICJ.\u00a0Krajn\u011b pravicov\u00fd osadn\u00edk a ministr n\u00e1rodn\u00ed bezpe\u010dnosti Itamar Ben-Gvir, jeho\u017e vlastn\u00ed slova byla u soudu citov\u00e1na jako d\u016fkaz genocidn\u00edho z\u00e1m\u011bru, obvinil ICJ, \u017ee \u201enehled\u00e1 spravedlnost, ale sp\u00ed\u0161e pron\u00e1sledov\u00e1n\u00ed \u017eidovsk\u00e9ho lidu\u201c.<\/span><\/p>\n<p><span>S\u00e1m Netanjahu vyj\u00e1d\u0159il hn\u011bv, \u017ee soud p\u0159\u00edpad nezavrhl cel\u00fd.\u00a0&#8222;Ochota soudu o tom v\u016fbec diskutovat je zn\u00e1mkou ostudy, kter\u00e1 nebude vymaz\u00e1na po generace,&#8220; \u0159ekl\u00a0<\/span><a href=\"https:\/\/www.timesofisrael.com\/failure-to-throw-out-genocide-claims-a-mark-of-disgrace-on-icj-netanyahu-declares\/\"><span>v p\u00e1tek<\/span><\/a><span>\u00a0.<\/span><\/p>\n<p><span>V Palestin\u011b se p\u00e1te\u010dn\u00edmu rozsudku dostalo sm\u00ed\u0161en\u00e9ho p\u0159ijet\u00ed ze zcela jin\u00fdch d\u016fvod\u016f.<\/span><\/p>\n<p><span>\u010clen politbyra Ham\u00e1su Izzat al-Rishq rozhodnut\u00ed uv\u00edtal jako \u201ed\u016fle\u017eit\u00fd krok ke spravedlnosti pro n\u00e1\u0161 lid\u201c.\u00a0P\u0159edseda palestinsk\u00e9 samospr\u00e1vy\u00a0<\/span><a href=\"https:\/\/english.wafa.ps\/Pages\/Details\/141090\"><span>Mohammed Shtayyeh<\/span><\/a><span>\u00a0mezit\u00edm \u0159ekl, \u017ee rozhodnut\u00ed znamen\u00e1 \u201ekonec izraelsk\u00e9 \u00e9ry beztrestnosti\u201c.\u00a0Palestinsk\u00e9\u00a0<\/span><a href=\"https:\/\/english.wafa.ps\/Pages\/Details\/141105\"><span>ministerstvo zahrani\u010d\u00ed<\/span><\/a><span>\u00a0mezit\u00edm uvedlo, \u017ee okam\u017eit\u00e9 p\u0159\u00edm\u011b\u0159\u00ed je jedin\u00fdm zp\u016fsobem, jak zajistit, aby Izrael dodr\u017eoval soudn\u00ed p\u0159\u00edkazy.<\/span><\/p>\n<p><span>Jihoafrick\u00e1 republika, kter\u00e1 byla oslavov\u00e1na za p\u0159edlo\u017een\u00ed p\u0159\u00edpadu soudu, pochv\u00e1lila ICJ.<\/span><\/p>\n<p><span>\u201eJi\u017en\u00ed Afrika musela ud\u011blat, co bylo mo\u017en\u00e9, aby ochr\u00e1nila stovky tis\u00edc Palestinc\u016f a nest\u00e1la ne\u010dinn\u011b stranou.\u00a0<\/span><a href=\"https:\/\/english.wafa.ps\/Pages\/Details\/141089\"><span>Mus\u00ed ud\u011blat v\u0161e, co je v jej\u00edch sil\u00e1ch, aby ochr\u00e1nila stovky tis\u00edc Palestinc\u016f,\u201c \u0159ekl v p\u00e1tek<\/span><\/a><span>\u00a0jihoafrick\u00fd ministr zahrani\u010d\u00ed Naledi Pandor\u00a0.\u00a0&#8222;Izrael nem\u016f\u017ee pokra\u010dovat ve sv\u00fdch zlo\u010dinech proti palestinsk\u00fdm civilist\u016fm bez n\u00e1sledk\u016f.&#8220;\u00a0<\/span><\/p>\n<p><span>Podporu rozhodnut\u00ed vyj\u00e1d\u0159ilo tak\u00e9\u00a0<a href=\"https:\/\/english.wafa.ps\/Pages\/Details\/141095\">mnoho zem\u00ed po cel\u00e9m sv\u011bt\u011b, p\u0159i\u010dem\u017e\u00a0<\/a><\/span><a href=\"https:\/\/ec.europa.eu\/commission\/presscorner\/detail\/en\/statement_24_465\"><span>Evropsk\u00e1 unie<\/span><\/a><span>\u00a0uvedla, \u017ee o\u010dek\u00e1v\u00e1 jeho \u201e\u00fapln\u00e9, okam\u017eit\u00e9 a efektivn\u00ed proveden\u00ed\u201c.<\/span><\/p>\n<p><span>Nejv\u011brn\u011bj\u0161\u00ed spojenci Izraele v\u0161ak nad\u00e1le tvrdili, \u017ee soudn\u00ed spor byl nepodlo\u017een\u00fd.<\/span><\/p>\n<p><span>\u201eNic nenasv\u011bd\u010duje tomu, \u017ee bychom vid\u011bli tvrzen\u00ed o genocidn\u00edm z\u00e1m\u011bru nebo akci izraelsk\u00fdch obrann\u00fdch sil,\u201c\u00a0<\/span><a href=\"https:\/\/www.whitehouse.gov\/briefing-room\/press-briefings\/2024\/01\/26\/press-briefing-by-press-secretary-karine-jean-pierre-nsc-coordinator-for-strategic-communications-john-kirby-and-national-climate-advisor-ali-zaidi\/\"><span>\u0159ekl v p\u00e1tek novin\u00e1\u0159\u016fm<\/span><\/a><span>\u00a0mluv\u010d\u00ed Rady n\u00e1rodn\u00ed bezpe\u010dnosti USA John Kirby a dodal, \u017ee si stoj\u00ed za sv\u00fdmi p\u0159edchoz\u00edmi prohl\u00e1\u0161en\u00edmi, \u017ee p\u0159\u00edpad ICJ byl &#8222;bezd\u016fvodn\u00e9, kontraproduktivn\u00ed a zcela bez jak\u00e9hokoli faktick\u00e9ho z\u00e1kladu.&#8220;<\/span><\/p>\n<p><span>Ve Spojen\u00e9m kr\u00e1lovstv\u00ed mluv\u010d\u00ed \u00fa\u0159adu pro zahrani\u010dn\u00ed v\u011bci, spole\u010denstv\u00ed a rozvoj Spojen\u00e9ho kr\u00e1lovstv\u00ed v sobotu\u00a0<\/span><a href=\"https:\/\/www.aljazeera.com\/news\/liveblog\/2024\/1\/27\/israels-war-on-gaza-live-hospital-blackout-amid-khan-younis-assault\"><span>Al-D\u017eaz\u00ed\u0159e<\/span><\/a><span>\u00a0\u0159ekl : \u201eN\u00e1\u0161 n\u00e1zor je, \u017ee akce Izraele v Gaze nelze ozna\u010dit za genocidu, a proto jsme si mysleli, \u017ee rozhodnut\u00ed Jihoafrick\u00e9 republiky p\u0159edlo\u017eit p\u0159\u00edpad bylo \u0161patn\u00e9 a provokativn\u00ed.&#8220;<\/span><\/p>\n<p><span>Tato prohl\u00e1\u0161en\u00ed jsou pravd\u011bpodobn\u011b pr\u00e1zdn\u00e1 pro Palestince v Gaze, z nich\u017e mnoz\u00ed doufali, \u017ee ICJ vyzve k okam\u017eit\u00e9mu p\u0159\u00edm\u011b\u0159\u00ed, kter\u00e9 by mohlo ukon\u010dit zk\u00e1zu a b\u00eddu, jim\u017e \u010delili ji\u017e 113 dn\u00ed.<\/span><\/p>\n<p><span>\u201eNem\u00e1me nikoho, kdo by n\u00e1s podpo\u0159il.\u00a0Nikdo nem\u016f\u017ee Izrael zastavit, \u017e\u00e1dn\u00e1 soudn\u00ed rozhodnut\u00ed ani rezoluce OSN.\u00a0Dokud budou USA podporovat Izrael, budeme i nad\u00e1le trp\u011bt,\u201c \u0159ekl\u00a0<\/span><a href=\"https:\/\/www.aljazeera.com\/features\/2024\/1\/26\/this-court-is-a-failure-palestinians-in-gaza-decry-icjs-interim-ruling\"><span>Al-D\u017eaz\u00ed\u0159e<\/span><\/a><span>\u00a0Hassan Khalil, kter\u00fd byl b\u011bhem t\u0159\u00ed m\u011bs\u00edc\u016f p\u011btkr\u00e1t vnit\u0159n\u011b vys\u00eddlen .<\/span><\/p>\n<p><span>Pro skupiny palestinsk\u00fdch pr\u00e1v a zast\u00e1nce pr\u00e1v je nyn\u00ed na mezin\u00e1rodn\u00edm spole\u010denstv\u00ed, aby se \u0159\u00eddilo rozsudkem a \u017denevskou \u00famluvou a ukon\u010dilo vra\u017ed\u011bn\u00ed Palestinc\u016f.<\/span><\/p>\n<p><a href=\"https:\/\/www.mezan.org\/en\/post\/46363\/Palestinian-Organisations-Welcome-Landmark-ICJ-Provisional-Measures-Order-Finding-That-Israel%E2%80%99s-Actions-in-Gaza-Are-Plausibly-Genocidal\"><span>&#8222;Toto rozhodnut\u00ed m\u00e1 nesm\u00edrn\u00fd v\u00fdznam a slou\u017e\u00ed jako z\u00e1sadn\u00ed miln\u00edk v kolektivn\u00edm \u00fasil\u00ed p\u0159im\u011bt Izrael k odpov\u011bdnosti za stra\u0161liv\u00e9 zlo\u010diny sp\u00e1chan\u00e9 na palestinsk\u00e9m lidu,&#8220; \u0159ekl<\/span><\/a><span>\u00a0Issam Younis, gener\u00e1ln\u00ed \u0159editel st\u0159ediska Al-Mezan pro lidsk\u00e1 pr\u00e1va\u00a0.\u00a0\u201eOdpov\u011bdnost za ukon\u010den\u00ed prob\u00edhaj\u00edc\u00ed genocidy v Gaze nyn\u00ed le\u017e\u00ed na mezin\u00e1rodn\u00edm spole\u010denstv\u00ed, kter\u00e9 mus\u00ed splnit sv\u00e9 pr\u00e1vn\u00ed z\u00e1vazky a p\u0159ijmout rozhodn\u00e1 opat\u0159en\u00ed k ochran\u011b Palestinc\u016f p\u0159ed genocidn\u00edmi \u010diny sp\u00e1chan\u00fdmi Izraelem.\u00a0Hlavn\u00edm c\u00edlem by m\u011blo b\u00fdt ukon\u010den\u00ed prob\u00edhaj\u00edc\u00ed genocidn\u00ed izraelsk\u00e9 vojensk\u00e9 kampan\u011b v Gaze.<\/span><\/p>\n<h2 class=\"wp-block-heading\"><strong><span>Utrpen\u00ed v Gaze nekon\u010d\u00ed<\/span><\/strong><\/h2>\n<p><span>Podle o\u010dek\u00e1v\u00e1n\u00ed ud\u00e1losti v Haagu nezpomalily izraelskou v\u00e1le\u010dnou ma\u0161in\u00e9rii v p\u00e1smu Gazy.<\/span><\/p>\n<p><span>Boje mezi ozbrojen\u00fdmi palestinsk\u00fdmi skupinami a izraelsk\u00fdmi pozemn\u00edmi silami byly hl\u00e1\u0161eny za posledn\u00edch 24 hodin v al-Bureij, Khan Younis, al-Maghazi, Shuja&#8217;iyya, al-Masdar, Beit Lahia a v\u00fdchodn\u011b od Rafahu.<\/span><\/p>\n<p><span>Ministerstvo zdravotnictv\u00ed Gazy v sobotu ozn\u00e1milo, \u017ee izraelsk\u00e9 s\u00edly zabily nejm\u00e9n\u011b 174 Palestinc\u016f a 310 dal\u0161\u00edch zranily b\u011bhem 24 hodin, \u010d\u00edm\u017e se celkov\u00e1 odhadovan\u00e1 bilance, kter\u00e1 nezahrnuje tis\u00edce lid\u00ed st\u00e1le uv\u011bzn\u011bn\u00fdch pod troskami, zv\u00fd\u0161ila na 26 257 zabit\u00fdch. a 64 797 zran\u011bn\u00fdch.\u00a0<\/span><\/p>\n<p><a href=\"https:\/\/english.wafa.ps\/Pages\/Details\/141103\"><span>Tiskov\u00e1 agentura WAFA<\/span><\/a><span>\u00a0informovala o smrt\u00edc\u00edch izraelsk\u00fdch \u00faderech\u00a0<\/span><a href=\"https:\/\/english.wafa.ps\/Pages\/Details\/141093\"><span>na stany<\/span><\/a><span>\u00a0a\u00a0<\/span><a href=\"https:\/\/english.wafa.ps\/Pages\/Details\/141101\"><span>domy<\/span><\/a><span>\u00a0, kde se vys\u00eddlen\u00ed lid\u00e9 ukr\u00fdvali v d\u011bsiv\u011b p\u0159epln\u011bn\u00e9m Rafahu, stejn\u011b jako v Khan Younis, Deir al-Balah a\u00a0<\/span><a href=\"https:\/\/english.wafa.ps\/Pages\/Details\/141112\"><span>Gaza City<\/span><\/a><span>\u00a0.\u00a0Palestinsk\u00e1 spole\u010dnost \u010cerven\u00e9ho p\u016flm\u011bs\u00edce mezit\u00edm ozn\u00e1mila, \u017ee\u00a0<\/span><a href=\"https:\/\/reliefweb.int\/report\/occupied-palestinian-territory\/palestine-red-crescent-society-response-report-saturday-october-7th-2023-1800-pm-until-tuesday-january-23-2024-2400-am-enar?utm_source=rw-subscriptions&amp;utm_medium=email&amp;utm_campaign=country_updates_180\"><span>nemocnice Al-Amal<\/span><\/a><span>\u00a0v Khan Younis je nad\u00e1le v oble\u017een\u00ed izraelsk\u00fdmi silami, kter\u00e9 v sobotu\u00a0<\/span><a href=\"https:\/\/twitter.com\/PalestineRCS\/status\/1751207884413604266\"><span>zast\u0159elily<\/span><\/a><span>\u00a0mlad\u00e9ho mu\u017ee, kter\u00fd se uch\u00fdlil na n\u00e1dvo\u0159\u00ed nemocnice.<\/span><\/p>\n<p><a href=\"https:\/\/euromedmonitor.org\/en\/article\/6121\"><span>Euro-Med Human Rights Monitor<\/span><\/a><span>\u00a0v p\u00e1tek informoval o zabit\u00ed dvou bratr\u016f izraelsk\u00fdmi odst\u0159elova\u010di na za\u010d\u00e1tku tohoto t\u00fddne, kdy\u017e se pokusili evakuovat nemocnici Al-Amal \u2013 posledn\u00ed z mnoha \u00fadajn\u00fdch p\u0159\u00edpad\u016f \u00famysln\u00e9ho a nerozli\u0161uj\u00edc\u00edho zab\u00edjen\u00ed palestinsk\u00fdch civilist\u016f izraelsk\u00fdmi silami v Gaze. .<\/span><\/p>\n<p><span>\u010ctrn\u00e1ctilet\u00fd Nahed Barbakh, kter\u00fd podle o\u010dit\u00fdch sv\u011bdk\u016f dr\u017eel b\u00edlou vlajku, byl t\u0159ikr\u00e1t zast\u0159elen izraelsk\u00fdmi odst\u0159elova\u010di a zabit.\u00a0Jeho bratr Ramez (20) byl tak\u00e9 st\u0159elen do hlavy, kdy\u017e se sna\u017eil chlapce zachr\u00e1nit.\u00a0<\/span><\/p>\n<p><span>V p\u00e1tek \u00da\u0159ad vysok\u00e9ho komisa\u0159e OSN pro lidsk\u00e1 pr\u00e1va (OHCHR) odsoudil izraelsk\u00e9 ne\u00faprosn\u00e9 masov\u00e9 vys\u00eddlov\u00e1n\u00ed asi 85 procent obyvatel Gazy do st\u00e1le men\u0161\u00edch kousk\u016f zem\u011b, p\u0159i\u010dem\u017e je nad\u00e1le bombardovalo, a\u0165 jdou kamkoli.<\/span><\/p>\n<p><span>\u201eM\u00e1m velmi v\u00e1\u017en\u00e9 obavy, \u017ee tyto chaotick\u00e9 a masov\u00e9 p\u0159\u00edkazy k evakuaci jsou ne\u00fa\u010dinn\u00e9 p\u0159i zaji\u0161\u0165ov\u00e1n\u00ed bezpe\u010dnosti palestinsk\u00fdch civilist\u016f, m\u00edsto toho je umis\u0165uj\u00ed do st\u00e1le zraniteln\u011bj\u0161\u00edch a nebezpe\u010dn\u011bj\u0161\u00edch situac\u00ed,\u201c Ajith Sunghay, \u0159editel OHCHR na okupovan\u00fdch palestinsk\u00fdch \u00fazem\u00edch.\u00a0&#8222;Takov\u00e9 selh\u00e1n\u00ed poru\u0161uje z\u00e1vazky Izraele podle mezin\u00e1rodn\u00edho pr\u00e1va.&#8220;<\/span><\/p>\n<p><span>Zpr\u00e1va\u00a0<\/span><a href=\"https:\/\/www.groundtruthsolutions.org\/library\/community-priorities-and-perceptions-of-aid-and-support-in-gaza\"><span>Ground Truth Solutions<\/span><\/a><span>\u00a0, kter\u00e1 v posledn\u00edch m\u011bs\u00edc\u00edch vedla rozhovory s mnoha vnit\u0159n\u011b vys\u00eddlen\u00fdmi Palestinci, uvedla, \u017ee \u201evelmi m\u00e1lo lid\u00ed\u201c v Gaze m\u011blo p\u0159\u00edstup k form\u00e1ln\u00ed humanit\u00e1rn\u00ed pomoci uprost\u0159ed v\u00fdpadk\u016f v komunikaci a pot\u00ed\u017e\u00edch s p\u0159\u00edstupem, tak\u017ee mnoz\u00ed se spol\u00e9hali jen jeden na druh\u00e9ho. .<\/span><\/p>\n<p><span>\u201eLid\u00e9 mezi sebou sd\u00edlej\u00ed zdroje.\u00a0Jejich prim\u00e1rn\u00edm zdrojem podpory jsou rodinn\u00ed p\u0159\u00edslu\u0161n\u00edci.\u00a0Lid\u00e9 tak\u00e9 d\u00e1vaj\u00ed a dost\u00e1vaj\u00ed j\u00eddlo, vodu, p\u0159\u00edst\u0159e\u0161\u00ed, elekt\u0159inu a zdravotn\u00ed p\u00e9\u010di nez\u00e1visle na syst\u00e9mu pomoci.\u00a0Staraj\u00ed se o d\u011bti jin\u00fdch lid\u00ed a spol\u00e9haj\u00ed na podporu komunity p\u0159i doprav\u011b a \u0159\u00edzen\u00ed ka\u017edodenn\u00edch \u00fakol\u016f, jako je zaji\u0161\u0165ov\u00e1n\u00ed j\u00eddla, sh\u00e1n\u011bn\u00ed paliva, organizov\u00e1n\u00ed p\u0159\u00edst\u0159e\u0161k\u016f a tak d\u00e1le,\u201c uv\u00e1d\u00ed zpr\u00e1va.<\/span><\/p>\n<h2 class=\"wp-block-heading\"><strong><span>UNRWA op\u011bt v hled\u00e1\u010dku<\/span><\/strong><\/h2>\n<p><span>P\u0159esn\u011b v den, kdy ICJ na\u0159\u00eddil Izraeli, aby zajistil neru\u0161en\u00fd vstup humanit\u00e1rn\u00ed pomoci do Gazy, pova\u017eoval Washington za vhodn\u00e9 p\u0159eru\u0161it\u00a0<\/span><a href=\"https:\/\/mondoweiss.net\/2024\/01\/biden-cuts-off-life-saving-aid-to-palestinians-based-on-israeli-allegations-against-unrwa\/\"><span>ve\u0161ker\u00e9 financov\u00e1n\u00ed UNRWA<\/span><\/a><span>\u00a0, agentury OSN pro palestinsk\u00e9 uprchl\u00edky.<\/span><\/p>\n<p><span>Rozhodnut\u00ed p\u0159i\u0161lo pot\u00e9, co Izrael tvrdil, \u017ee do \u00fatoku ze 7. \u0159\u00edjna bylo zapojeno 12 pracovn\u00edk\u016f UNRWA.\u00a0UNRWA uvedla, \u017ee ukon\u010dila\u00a0<\/span><a href=\"https:\/\/www.unrwa.org\/newsroom\/official-statements\/serious-allegations-against-unrwa-staff-gaza-strip\"><span>smlouvy<\/span><\/a><span>\u00a0s t\u011bmito pracovn\u00edky, proto\u017ee zad\u00e1v\u00e1\u00a0<\/span><a href=\"https:\/\/reliefweb.int\/report\/occupied-palestinian-territory\/horrified-allegations-implicating-un-staff-7-october-terror-attacks-israel-secretary-general-orders-investigation-termination-staff-found-be-involved\"><span>nez\u00e1visl\u00e9 vy\u0161et\u0159ov\u00e1n\u00ed<\/span><\/a><span>\u00a0obvin\u011bn\u00ed \u2013 ale Spojen\u00e9 kr\u00e1lovstv\u00ed, Austr\u00e1lie, It\u00e1lie a Kanada n\u00e1sledovaly\u00a0<\/span><a href=\"https:\/\/www.politico.eu\/article\/italy-canada-australia-united-states-funding-unrwa-united-nations-hamas-israel\/\"><span>p\u0159\u00edkladu USA<\/span><\/a><span>\u00a0a st\u00e1hly sv\u00e9 financov\u00e1n\u00ed organizace.<\/span><\/p>\n<p><span>Ve volebn\u00edm roce, b\u011bhem kter\u00e9ho se sna\u017e\u00ed p\u0159esv\u011bd\u010dit americkou ve\u0159ejnost, \u017ee je jedinou alternativou k n\u00e1vratu Donalda Trumpa do B\u00edl\u00e9ho domu, sleduje americk\u00fd prezident Joe Biden p\u0159\u00edklad sv\u00e9ho p\u0159edch\u016fdce, proto\u017ee Trump v r \u010d\u00e1ste\u010dn\u011b pozastavil financov\u00e1n\u00ed UNRWA. 2018.<\/span><\/p>\n<p><span>\u201eVyz\u00fdv\u00e1me zem\u011b, kter\u00e9 ozn\u00e1mily ukon\u010den\u00ed sv\u00e9 podpory UNRWA, aby okam\u017eit\u011b zm\u011bnily sv\u00e9 rozhodnut\u00ed, kter\u00e9 s sebou nese velk\u00e1 politick\u00e1 a humanit\u00e1rn\u00ed rizika pomoci, proto\u017ee v t\u00e9to konkr\u00e9tn\u00ed dob\u011b a ve sv\u011btle pokra\u010duj\u00edc\u00ed agrese proti palestinsk\u00e9mu lidu pot\u0159ebujeme maxim\u00e1ln\u00ed podporu t\u00e9to mezin\u00e1rodn\u00ed organizaci a nezastavov\u00e1n\u00ed podpory a pomoci j\u00ed,\u201c\u00a0<\/span><a href=\"https:\/\/twitter.com\/HusseinSheikhpl\/status\/1751185380160741646\"><span>napsal gener\u00e1ln\u00ed tajemn\u00edk Organizace pro osvobozen\u00ed Palestiny Hussein al-Sheikh na<\/span><\/a><span>\u00a0X.<\/span><\/p>\n<p><span>Hamas mezit\u00edm vyzval Organizaci spojen\u00fdch n\u00e1rod\u016f, \u201eaby se nepodd\u00e1vala hrozb\u00e1m a vyd\u00edr\u00e1n\u00ed\u201c.<\/span><\/p>\n<p><span>&#8222;Zd\u016fraz\u0148ujeme d\u016fle\u017eitost role t\u011bchto agentur p\u0159i poskytov\u00e1n\u00ed pomoci na\u0161im lidem a dokumentov\u00e1n\u00ed zlo\u010din\u016f okupace, kter\u00e9 p\u0159esahuj\u00ed ty nejstra\u0161n\u011bj\u0161\u00ed zlo\u010diny, jak\u00e9 lidstvo v na\u0161\u00ed modern\u00ed dob\u011b zn\u00e1,&#8220; uvedlo hnut\u00ed v prohl\u00e1\u0161en\u00ed.<\/span><\/p>\n<p><span>I kdy\u017e se zd\u00e1, \u017ee USA pevn\u011b stoj\u00ed na stran\u011b Izraele, Biden \u010del\u00ed\u00a0<\/span><a href=\"https:\/\/mondoweiss.net\/2024\/01\/palestinians-are-taking-the-biden-administration-to-court-this-week\/\"><span>doma pr\u00e1vn\u00edm probl\u00e9m\u016fm<\/span><\/a><span>\u00a0kv\u016fli tomu, \u017ee jeho administrativa nedok\u00e1zala zastavit prob\u00edhaj\u00edc\u00ed genocidu v Gaze.<\/span><\/p>\n<p><span>Palestinci\u00a0<\/span><a href=\"https:\/\/theintercept.com\/2024\/01\/26\/palestinians-biden-genocide-lawsuit-ccr\/\"><span>sv\u011bd\u010dili v p\u00e1tek<\/span><\/a><span>\u00a0p\u0159ed feder\u00e1ln\u00edm soudem v p\u0159\u00edpadu, kter\u00fd zah\u00e1jilo Centrum pro \u00fastavn\u00ed pr\u00e1va (CCR) proti Bidenovi, ministru zahrani\u010d\u00ed Antonymu Blinkenovi a ministru obrany Lloydu Austinovi a tvrdili, \u017ee odpov\u011bdn\u00ed jsou t\u0159i vysoce postaven\u00ed \u00fa\u0159edn\u00edci. podle pr\u00e1va USA za spolu\u00fa\u010dast na izraelsk\u00e9m poru\u0161ov\u00e1n\u00ed \u00damluvy o genocid\u011b.\u00a0<\/span><\/p>\n<h2 class=\"wp-block-heading\"><strong><span>Izraelsk\u00e9 s\u00edly zab\u00edjej\u00ed Palestince na Z\u00e1padn\u00edm b\u0159ehu, p\u0159est\u0159elky pokra\u010duj\u00ed na v\u0161ech front\u00e1ch<\/span><\/strong><\/h2>\n<p><span>Na okupovan\u00e9m Z\u00e1padn\u00edm b\u0159ehu zabily izraelsk\u00e9 s\u00edly p\u0159es noc nejm\u00e9n\u011b jednoho Palestince.<\/span><\/p>\n<p><span>Qassam Ahmad Yasin, 27, byl zast\u0159elen ve vesnici\u00a0<\/span><a href=\"https:\/\/english.wafa.ps\/Pages\/Details\/141096\"><span>Deir Abu Deif<\/span><\/a><span>\u00a0pobl\u00ed\u017e Jeninu, kde byly hl\u00e1\u0161eny no\u010dn\u00ed st\u0159ety mezi izraelsk\u00fdmi silami a palestinsk\u00fdmi obyvateli.\u00a0Ozbrojen\u00e9 st\u0159ety byly hl\u00e1\u0161eny tak\u00e9 v Qalqilya pobl\u00ed\u017e neleg\u00e1ln\u00ed izraelsk\u00e9 osady Etzion a izraelsk\u00e9ho kontroln\u00edho stanovi\u0161t\u011b v Beit Furik.<\/span><\/p>\n<p><span>Izraelsk\u00e9 s\u00edly v posledn\u00edch dnech z\u0159izuj\u00ed v\u00edce\u00a0<\/span><a href=\"https:\/\/english.wafa.ps\/Pages\/Details\/141113\"><span>l\u00e9taj\u00edc\u00edch kontroln\u00edch bod\u016f<\/span><\/a><span>\u00a0nap\u0159\u00ed\u010d provinci\u00ed Jenin, \u00fato\u010d\u00ed na Palestince a strh\u00e1vaj\u00ed vlajky.<\/span><\/p>\n<p><span>Izraelsk\u00e9 s\u00edly zadr\u017eely p\u0159es noc na Z\u00e1padn\u00edm b\u0159ehu nejm\u00e9n\u011b osm Palestinc\u016f,\u00a0<\/span><a href=\"https:\/\/english.wafa.ps\/Pages\/Details\/141107\"><span>uvedla WAFA<\/span><\/a><span>\u00a0.<\/span><\/p>\n<p><span>Mezit\u00edm se v p\u00e1tek stal \u0161estn\u00e1ct\u00fdm t\u00fddnem izraelsk\u00fdch omezen\u00ed pro v\u011b\u0159\u00edc\u00ed, kte\u0159\u00ed se cht\u011bj\u00ed modlit v me\u0161it\u011b Al-Aks\u00e1 v okupovan\u00e9m v\u00fdchodn\u00edm Jeruzal\u00e9m\u011b.\u00a0Izraelsk\u00e9 s\u00edly\u00a0<\/span><a href=\"https:\/\/english.wafa.ps\/Pages\/Details\/141084\"><span>pou\u017eily slzn\u00fd plyn a vodu<\/span><\/a><span>\u00a0na Palestince, kte\u0159\u00ed se sna\u017eili vstoupit na posv\u00e1tn\u00e9 m\u00edsto v muslimsk\u00fd den uct\u00edv\u00e1n\u00ed.<\/span><\/p>\n<p><span>D\u00e1le na sever hnut\u00ed Hizball\u00e1h uvedlo, \u017ee izraelsk\u00fd n\u00e1let na jiholibanonskou vesnici Bejt Lif v p\u00e1tek ve\u010der zabil \u010dty\u0159i jeho \u010dleny, proto\u017ee libanonsk\u00e9 hnut\u00ed odporu pokra\u010duje ve v\u00fdm\u011bn\u011b palby s Izraelem p\u0159es modrou linii.<\/span><\/p>\n<p><span>Jemen\u0161t\u00ed povstalci Houthi mezit\u00edm\u00a0<\/span><a href=\"https:\/\/www.bbc.co.uk\/news\/world-middle-east-68110358\"><span>v p\u00e1tek<\/span><\/a><span>\u00a0za\u00fato\u010dili na tanker napojen\u00fd na Brity v Adensk\u00e9m z\u00e1livu .\u00a0Americk\u00e9 s\u00edly zah\u00e1jily v sobotu n\u00e1let na Hodeidah jako odvetu.<\/span><\/p>\n<p><span style=\"font-size: 10pt;\"><em><strong>\u00davodn\u00ed fotografie:<\/strong> PALESTINCI, KTE\u0158\u00cd ZTRATILI SV\u00c9 MILOVAN\u00c9, TRUCHL\u00cd, KDY\u017d JSOU T\u011aLA ZESNUL\u00ddCH VYVEZENA Z M\u00c1RNICE NEMOCNICE AL-AKS\u00c1 K POH\u0158BU V DAIR EL-BALAH V GAZE 26. LEDNA 2024. (OMAR ASHTAWY\/APAIMAGES)<\/em><\/span><\/p>\n<p><span class=\"post-author\"><span class=\"by\"><span>OD\u00a0<\/span><\/span><a class=\"author url fn\" title=\"P\u0159\u00edsp\u011bvky od Mondoweiss Palestine Bureau\" href=\"https:\/\/mondoweiss.net\/author\/mondoweiss-palestine-bureau\/\" rel=\"author\"><span>MONDOWEISS PALESTINE BUREAU<\/span><\/a><\/span><\/p>\n<p>&nbsp;<\/p>\n","protected":false},"excerpt":{"rendered":"<p>27.ledna 2024 Nejm\u00e9n\u011b p\u011bt zem\u00ed st\u00e1hlo sv\u00e9 finan\u010dn\u00ed prost\u0159edky z agentury OSN pro palestinsk\u00e9 uprchl\u00edky&#8230;<\/p>\n","protected":false},"author":2,"featured_media":45731,"comment_status":"closed","ping_status":"closed","sticky":false,"template":"","format":"standard","meta":[],"categories":[7],"tags":[348,107,6518,40],"_links":{"self":[{"href":"https:\/\/www.infokuryr.cz\/n\/wp-json\/wp\/v2\/posts\/45730"}],"collection":[{"href":"https:\/\/www.infokuryr.cz\/n\/wp-json\/wp\/v2\/posts"}],"about":[{"href":"https:\/\/www.infokuryr.cz\/n\/wp-json\/wp\/v2\/types\/post"}],"author":[{"embeddable":true,"href":"https:\/\/www.infokuryr.cz\/n\/wp-json\/wp\/v2\/users\/2"}],"replies":[{"embeddable":true,"href":"https:\/\/www.infokuryr.cz\/n\/wp-json\/wp\/v2\/comments?post=45730"}],"version-history":[{"count":0,"href":"https:\/\/www.infokuryr.cz\/n\/wp-json\/wp\/v2\/posts\/45730\/revisions"}],"wp:featuredmedia":[{"embeddable":true,"href":"https:\/\/www.infokuryr.cz\/n\/wp-json\/wp\/v2\/media\/45731"}],"wp:attachment":[{"href":"https:\/\/www.infokuryr.cz\/n\/wp-json\/wp\/v2\/media?parent=45730"}],"wp:term":[{"taxonomy":"category","embeddable":true,"href":"https:\/\/www.infokuryr.cz\/n\/wp-json\/wp\/v2\/categories?post=45730"},{"taxonomy":"post_tag","embeddable":true,"href":"https:\/\/www.infokuryr.cz\/n\/wp-json\/wp\/v2\/tags?post=45730"}],"curies":[{"name":"wp","href":"https:\/\/api.w.org\/{rel}","templated":true}]}}