{"id":45677,"date":"2024-01-27T00:44:33","date_gmt":"2024-01-26T23:44:33","guid":{"rendered":"http:\/\/www.infokuryr.cz\/n\/?p=45677"},"modified":"2024-01-26T16:56:17","modified_gmt":"2024-01-26T15:56:17","slug":"icj-naridil-izraeli-aby-zabranil-genocidnim-cinum-v-gaze-a-potrestal-vyzvy-k-podnecovani","status":"publish","type":"post","link":"https:\/\/www.infokuryr.cz\/n\/2024\/01\/27\/icj-naridil-izraeli-aby-zabranil-genocidnim-cinum-v-gaze-a-potrestal-vyzvy-k-podnecovani\/","title":{"rendered":"ICJ na\u0159\u00eddil Izraeli, aby zabr\u00e1nil genocidn\u00edm \u010din\u016fm v Gaze a potrestal v\u00fdzvy k podn\u011bcov\u00e1n\u00ed"},"content":{"rendered":"<div id=\"fb-root\"><\/div>\n<p><span style=\"font-size: 14pt;\"><strong>V historick\u00e9m rozsudku proti Izraeli za zlo\u010din genocidy vyzval Mezin\u00e1rodn\u00ed soudn\u00ed dv\u016fr Izrael, aby okam\u017eit\u011b zabr\u00e1nil genocidn\u00edm \u010din\u016fm v Gaze a potrestal v\u00fdzvy k podn\u011bcov\u00e1n\u00ed.\u00a0P\u0159\u00edpad proti Izraeli bude nyn\u00ed pokra\u010dovat.<\/strong><\/span><\/p>\n<p><span>Prezidentka Joan Donoghue jm\u00e9nem 17 soudc\u016f Sv\u011btov\u00e9ho soudu, z nich\u017e dva jsou ad hoc (z Ji\u017en\u00ed Afriky a Izraele), p\u0159ednesla odpov\u011b\u010f soudu na \u017e\u00e1dost Jihoafrick\u00e9 republiky proti Izraeli podle \u00damluvy o genocid\u011b z roku 1948 a po\u017e\u00e1dala o nal\u00e9hav\u00fd soudn\u00ed p\u0159\u00edkaz \u2013 <strong><em>\u201eprozat\u00edmn\u00ed opat\u0159en\u00ed\u201c<\/em> <\/strong>, v pr\u00e1vnick\u00e9m \u017eargonu, proti Izraeli.<\/span><\/p>\n<p><span>Donoghue poskytla vy\u010derp\u00e1vaj\u00edc\u00ed shrnut\u00ed situace, kter\u00e9 \u010del\u00ed 2,3 milionu obyvatel Gazy po \u0161estn\u00e1cti t\u00fddnech neutuchaj\u00edc\u00edho izraelsk\u00e9ho n\u00e1sil\u00ed, v\u010detn\u011b \u010din\u016f, kter\u00e9 jsou podle \u010dl\u00e1nku II \u00damluvy o genocid\u011b z roku 1948 v\u011brohodn\u011b definov\u00e1ny jako genocidn\u00ed.<\/span><\/p>\n<p><span>Prezidentka Donoghue ve sv\u00e9 45minutov\u00e9 prezentaci p\u0159ed zapln\u011bnou komorou advok\u00e1t\u016f a diplomat\u016f citovala \u0159adu vysoce postaven\u00fdch zdroj\u016f OSN, zvl\u00e1\u0161tn\u00edch zpravodaj\u016f OSN a samotn\u00e9ho gener\u00e1ln\u00edho tajemn\u00edka OSN a popsala situaci v Gaze, kter\u00e1 vypad\u00e1, zn\u00ed a zav\u00e1n\u00ed genocidou.<\/span><\/p>\n<p><span>Citovala tak\u00e9 prohl\u00e1\u0161en\u00ed izraelsk\u00e9ho ministra obrany Yoava Gallanta, izraelsk\u00e9ho prezidenta Isaaca Herzoga a dal\u0161\u00edch vysok\u00fdch izraelsk\u00fdch p\u0159edstavitel\u016f, o nich\u017e Ji\u017en\u00ed Afrika tvrd\u00ed, \u017ee jsou genocidn\u00ed.<\/span><\/p>\n<p><span>Po podrobn\u00e9m p\u0159ezkoum\u00e1n\u00ed procesn\u00edch po\u017eadavk\u016f na soud, aby \u201euvedl p\u0159edb\u011b\u017en\u00e1 opat\u0159en\u00ed\u201c (jak\u00fdsi soudn\u00ed p\u0159\u00edkaz) \u2013 kter\u00e9 byly v\u0161echny v \u017e\u00e1dosti Jihoafrick\u00e9 republiky spln\u011bny, potvrdila \u2013 soudkyn\u011b Donoghue a p\u0159e\u010detla p\u016fl tuctu <\/span><a href=\"https:\/\/www.icj-cij.org\/sites\/default\/files\/case-related\/192\/192-20240126-ord-01-00-en.pdf\"><span>p\u0159edb\u011b\u017en\u00fdch opat\u0159en\u00ed, kter\u00e1<\/span><\/a><span>\u00a0soud o\u010dek\u00e1v\u00e1 od Izraele prov\u00e9st jako smluvn\u00ed strana \u00damluvy o genocid\u011b z roku 1948.\u00a0\u010cty\u0159i ze \u0161esti opat\u0159en\u00ed pro\u0161la pom\u011brem hlas\u016f 15-2.\u00a0Dva pro\u0161li pom\u011brem hlas\u016f 16-1.<\/span><\/p>\n<p><span style=\"font-size: 18pt;\"><strong>Izrael, prohl\u00e1sila p\u0159edsedkyn\u011b Donoghue, mus\u00ed:<\/strong><\/span><\/p>\n<p><span><span style=\"font-size: 18pt;\"><strong>1)<\/strong> <\/span>p\u0159ijmout ve\u0161ker\u00e1 opat\u0159en\u00ed k zaji\u0161t\u011bn\u00ed toho, aby v Gaze nedoch\u00e1zelo k \u010din\u016fm pova\u017eovan\u00fdm za genocidn\u00ed podle \u00damluvy o genocid\u011b;\u00a0<\/span><\/p>\n<p><span><span style=\"font-size: 18pt;\"><strong>2)<\/strong><\/span> zajistit, aby jej\u00ed arm\u00e1da nep\u00e1chala genocidn\u00ed \u010diny;\u00a0<\/span><\/p>\n<p><span><span style=\"font-size: 18pt;\"><strong>3)<\/strong><\/span> p\u0159edch\u00e1zet a trestat podn\u011bcov\u00e1n\u00ed ke genocid\u011b a r\u00e9toriku;\u00a0<\/span><\/p>\n<p><span><span style=\"font-size: 18pt;\"><strong>4)<\/strong> <\/span>umo\u017enit a usnadnit poskytov\u00e1n\u00ed z\u00e1kladn\u00edch slu\u017eeb a humanit\u00e1rn\u00ed pomoci obyvatel\u016fm Gazy;\u00a0<\/span><\/p>\n<p><span><span style=\"font-size: 18pt;\"><strong>5)<\/strong><\/span> p\u0159edch\u00e1zet ni\u010den\u00ed a uchov\u00e1vat d\u016fkazy o genocid\u011b ve sv\u00fdch vojensk\u00fdch operac\u00edch a\u00a0<\/span><\/p>\n<p><span><span style=\"font-size: 18pt;\"><strong>6)<\/strong><\/span> ohl\u00e1sit soudu do jednoho m\u011bs\u00edce a informovat soud o tom, \u017ee dodr\u017euje dne\u0161n\u00ed na\u0159\u00edzen\u00ed o p\u0159edb\u011b\u017en\u00fdch opat\u0159en\u00edch, a v reakci na st\u00ed\u017enost Jihoafrick\u00e9 republiky na genocidu.<\/span><\/p>\n<p><strong>Soud v\u0161ak nedal Izraeli pokyn k pozastaven\u00ed vojensk\u00fdch operac\u00ed v oble\u017een\u00e9 enkl\u00e1v\u011b, jak po\u017eadovala Ji\u017en\u00ed Afrika ve sv\u00e9 \u017e\u00e1dosti.<\/strong><\/p>\n<p><span>Ve sv\u00e9 pe\u010dliv\u011b podrobn\u00e9, 84str\u00e1nkov\u00e9 \u017e\u00e1dosti k ICJ, kter\u00e1 zah\u00e1jila \u0159\u00edzen\u00ed proti Izraeli podle \u00damluvy o genocid\u011b, Ji\u017en\u00ed Afrika po\u017e\u00e1dala soud, aby do doby, ne\u017e ur\u010d\u00ed fakta, kter\u00e1 jsou z\u00e1kladem jej\u00edch obvin\u011bn\u00ed (n\u011bco, co bude trvat roky), dal Izraeli pokyn, aby \u201e okam\u017eit\u011b pozastavit sv\u00e9 vojensk\u00e9 operace v Gaze a proti Gaze.<\/span><\/p>\n<p><span>Izrael, u\u0161et\u0159en v\u00fdslovn\u00e9ho p\u0159\u00edkazu k p\u0159\u00edm\u011b\u0159\u00ed, nyn\u00ed m\u016f\u017ee svobodn\u011b prohl\u00e1sit, \u017ee genocida nem\u016f\u017ee b\u00fdt d\u00e1le od jeho v\u016fle; \u017ee od za\u010d\u00e1tku sv\u00e9ho \u00fatoku se sklonil dozadu, aby chr\u00e1nil civilisty, zat\u00edmco se br\u00e1nil proti \u201eterorist\u016fm\u201c Ham\u00e1su, kte\u0159\u00ed se mezi nimi skr\u00fdvali, a \u017ee jeho \u0161t\u011bdr\u00e9 dod\u00e1vky humanit\u00e1rn\u00ed pomoci do enkl\u00e1vy se zdvojn\u00e1sob\u00ed.<\/span><\/p>\n<p><span>Izrael\u0161t\u00ed pr\u00e1vn\u00edci si mohou myslet, \u017ee se dnes u Mezin\u00e1rodn\u00edho soudn\u00edho dvora v Haagu vyhnuli kulce.<\/span><\/p>\n<p><span>Maj\u00ed ale m\u00e1lo d\u016fvod\u016f k oslav\u011b a v\u011bd\u00ed to.<\/span><\/p>\n<p><span>Dne\u0161n\u00ed na\u0159\u00edzen\u00ed o p\u0159edb\u011b\u017en\u00fdch opat\u0159en\u00edch definitivn\u011b nech\u00e1v\u00e1 Izrael na h\u00e1ku v Haagu a na mezin\u00e1rodn\u00ed \u00farovni.\u00a0Podle \u00damluvy o genocid\u011b z roku 1948 se 153 smluvn\u00edch st\u00e1t\u016f \u00damluvy \u201ezavazuje zabr\u00e1nit\u00a0<\/span><em><span>\u201c<\/span><\/em><span> genocid\u011b d\u0159\u00edve, ne\u017e k n\u00ed skute\u010dn\u011b dojde nebo dos\u00e1hne pln\u00e9ho rozsahu.\u00a0Jihoafrick\u00e1 republika tento bod zd\u016fraznila ve \u201everb\u00e1ln\u00ed\u00a0n\u00f3t\u011b\u201c Izraeli 21. prosince, t\u00fdden p\u0159ed pod\u00e1n\u00edm sv\u00e9 \u017e\u00e1dosti soudu.<\/span><\/p>\n<p><span>\u201e[Jako] st\u00e1t, kter\u00fd je smluvn\u00ed stranou \u00famluvy,\u201c st\u00e1lo v pozn\u00e1mce Jihoafrick\u00e9 republiky, \u201eJi\u017en\u00ed Afrika m\u00e1 smluvn\u00ed z\u00e1vazek zabr\u00e1nit genocid\u011b.\u201c<\/span><\/p>\n<p><span>Na cel\u00e9m glob\u00e1ln\u00edm jihu (odkud poch\u00e1z\u00ed t\u00e9m\u011b\u0159 polovina soudc\u016f ICJ) bude mezi p\u0159\u00e1teli Palestiny rezonovat z\u00e1sadn\u00ed p\u0159\u00edkaz \u00damluvy o genocid\u011b k potla\u010den\u00ed genocidy v z\u00e1rodku, v jej\u00edch nejran\u011bj\u0161\u00edch f\u00e1z\u00edch.\u00a0Dne\u0161n\u00ed na\u0159\u00edzen\u00ed o p\u0159edb\u011b\u017en\u00fdch opat\u0159en\u00edch jim pravd\u011bpodobn\u011b poskytne d\u016fvody pro uvalen\u00ed ekonomick\u00fdch a diplomatick\u00fdch sankc\u00ed na Izrael.<\/span><\/p>\n<h2 class=\"wp-block-heading\"><span>O\u010dek\u00e1v\u00e1n\u00ed reakce USA<\/span><\/h2>\n<p><span>Horko poc\u00edt\u00ed i p\u0159\u00e1tel\u00e9 Izraele. N\u011bkte\u0159\u00ed pozorovatel\u00e9 nazna\u010duj\u00ed, \u017ee Bidenova administrativa hled\u00e1 d\u016fvod, pro\u010d \u201ezatvrdit\u201c se sv\u00fdm klientsk\u00fdm st\u00e1tem.<\/span><\/p>\n<p><span>USA tak\u00e9 cht\u011bj\u00ed b\u00fdt pova\u017eov\u00e1ny za podporuj\u00edc\u00ed ICJ.\u00a0Washington z\u00e1vis\u00ed na Sv\u011btov\u00e9m soudu, kdy\u017e to vyhovuje jeho \u00fa\u010del\u016fm (nap\u0159.\u00a0<\/span><em><span>Ukrajina versus Rusko<\/span><\/em><span>\u00a0), a bude nucen uznat legitimitu p\u0159edb\u011b\u017en\u00fdch opat\u0159en\u00ed, kter\u00e1 dnes soud vydal.<\/span><\/p>\n<p><span>Stejn\u011b tak ostatn\u00ed z\u00e1padn\u00ed spojenci Izraele.<\/span><\/p>\n<p><span>Kanada, D\u00e1nsko, Francie, N\u011bmecko, Nizozemsko a Spojen\u00e9 kr\u00e1lovstv\u00ed pravd\u011bpodobn\u011b v polovin\u011b listopadu, ani\u017e by si byly v\u011bdomy nadch\u00e1zej\u00edc\u00edho pod\u00e1n\u00ed Jihoafrick\u00e9 republiky k soudu, podaly k ICJ spole\u010dn\u00e9 pod\u00e1n\u00ed t\u00fdkaj\u00edc\u00ed se genocidy\u00a0<\/span><em><span>Gambie v. Myanmar,<\/span><\/em><span>\u00a0kter\u00e9 je nyn\u00ed p\u0159ed soudem.\u00a0\u0160est z\u00e1padn\u00edch mocnost\u00ed doporu\u010dilo soudu roz\u0161\u00ed\u0159it svou \u201ekonstrukci\u201c \u00damluvy o genocid\u011b s ohledem na ozbrojen\u00fd konflikt \u201ev\u00e1\u017en\u00e9 t\u011blesn\u00e9 nebo du\u0161evn\u00ed \u00fajmy\u201c hrani\u010d\u00edc\u00ed s genocidou na d\u011btech a roli nucen\u00e9ho vys\u00eddlen\u00ed p\u0159i shroma\u017e\u010fov\u00e1n\u00ed genocid.<\/span><\/p>\n<p><span>&#8222;Zam\u011b\u0159en\u00ed na d\u011bti je zn\u00e1mkou \u00famyslu zni\u010dit skupinu jako takovou, alespo\u0148 \u010d\u00e1ste\u010dn\u011b,&#8220; uvedlo \u0161est st\u00e1t\u016f u soudu.<\/span><\/p>\n<p><span>Kdyby v\u011bd\u011bli, \u017ee se Ji\u017en\u00ed Afrika chyst\u00e1 podat \u017e\u00e1dost o genocidu proti Izraeli \u2013 \u017e\u00e1dost, kter\u00e1 m\u016f\u017ee b\u00fdt pos\u00edlena jejich vlastn\u00edm doporu\u010den\u00edm ICJ \u2013 mo\u017en\u00e1 se rozhodli ml\u010det, \u0159ekl kanadsk\u00fd odborn\u00edk na genocidu William Schabas\u00a0<\/span><em><span>Mondoweissovi<\/span><\/em><span>\u00a0.<\/span><\/p>\n<p><span>Zat\u00edmco spojenci a kritici Izraele str\u00e1v\u00ed obludnost dne\u0161n\u00edch p\u0159edb\u011b\u017en\u00fdch opat\u0159en\u00ed vynesen\u00fdch v Haagu, tato opat\u0159en\u00ed pravd\u011bpodobn\u011b povzbud\u00ed instituce OSN, aby vyv\u00edjely tlak na Izrael.<\/span><\/p>\n<p><span>Vzhledem k americk\u00e9mu vetu z\u016fstane Rada bezpe\u010dnosti \u2013 nomin\u00e1ln\u011b odpov\u011bdn\u00e1 za prosazov\u00e1n\u00ed rozhodnut\u00ed Mezin\u00e1rodn\u00edho soudn\u00edho dvora \u2013 t\u00e9m\u011b\u0159 jist\u011b paralyzov\u00e1na.\u00a0<\/span><\/p>\n<h2 class=\"wp-block-heading\"><span>Jin\u00e9 cesty OSN<\/span><\/h2>\n<p><span>Mnohem pravd\u011bpodobn\u011bji bude jednat \u2013 V\u00fdbor pro odstran\u011bn\u00ed rasov\u00e9 diskriminace (CERD), pravd\u011bpodobn\u011b nejmocn\u011bj\u0161\u00ed z deseti org\u00e1n\u016f OSN zalo\u017een\u00fdch na smlouv\u00e1ch.<\/span><\/p>\n<p><span>Od roku 2018 CERD \u0159e\u0161\u00ed st\u00ed\u017enost podanou Palestinou proti Izraeli podle \u010dl\u00e1nku III smlouvy CERD a obvi\u0148uje Izrael z institucionalizovan\u00e9ho rasismu a apartheidu.\u00a0Tato st\u00ed\u017enost je nyn\u00ed ve f\u00e1zi \u201esm\u00edr\u010d\u00edho \u0159\u00edzen\u00ed\u201c.\u00a0Izrael \u00fa\u010dast odm\u00edt\u00e1.\u00a0Sm\u00edr\u010d\u00ed \u0159\u00edzen\u00ed zma\u0159eno, posledn\u00edm krokem CERDu bude vyd\u00e1n\u00ed rozhodnut\u00ed o opodstatn\u011bnosti pozice Palestiny.\u00a0Dne\u0161n\u00ed na\u0159\u00edzen\u00ed o p\u0159edb\u011b\u017en\u00fdch opat\u0159en\u00edch mus\u00ed urychlit posun jej\u00edho rozhodnut\u00ed \u2013 sv\u00e1d\u011bj\u00edc\u00ed k p\u0159edpov\u011bdi.\u00a0\u00a0<\/span><\/p>\n<p><span>T\u00fdden p\u0159ed pod\u00e1n\u00edm \u017e\u00e1dosti o genocidu Jihoafrick\u00e9 republiky k Mezin\u00e1rodn\u00edmu soudn\u00edmu dvoru podal CERD ve\u0159ejn\u00e9 prohl\u00e1\u0161en\u00ed v r\u00e1mci neobvykl\u00e9ho \u201ePostupu v\u010dasn\u00e9ho varov\u00e1n\u00ed a nal\u00e9hav\u00e9 akce\u201c, \u010d\u00edm\u017e do\u0161lo k propojen\u00ed \u00fadajn\u00e9ho izraelsk\u00e9ho apartheidu a genocidy v Gaze.<\/span><\/p>\n<p><span>CERD zn\u00e1 svou historii.\u00a0Od nacistick\u00e9ho N\u011bmecka po Rwandu, b\u00fdvalou Jugosl\u00e1vii a Myanmar se institucionalizovan\u00fd rasismus, nen\u00e1vistn\u00e9 projevy a diskriminace snadno prom\u011bnily v genocidu, zejm\u00e9na v kontextu \u201eprotiteroristick\u00fdch\u201c kampan\u00ed a ozbrojen\u00fdch konflikt\u016f.\u00a0\u00a0<\/span><\/p>\n<p><span>CERD s odvol\u00e1n\u00edm na \u201erasistick\u00e9 nen\u00e1vistn\u00e9 projevy\u201c a \u201edehumanizuj\u00edc\u00ed r\u00e9toriku\u201c p\u0159edn\u00edch izraelsk\u00fdch vl\u00e1d a ve\u0159ejn\u00fdch \u010dinitel\u016f a \u201ev\u00e1\u017en\u00e9 obavy t\u00fdkaj\u00edc\u00ed se povinnosti Izraele&#8230; zabr\u00e1nit zlo\u010din\u016fm proti lidskosti a genocid\u011b\u201c vyzval CERD Izrael, aby v Gaze zavedl p\u0159\u00edm\u011b\u0159\u00ed a dodr\u017eovat sv\u00e9 z\u00e1vazky podle \u00famluvy CERD a \u00famluvy o genocid\u011b.<\/span><\/p>\n<p><span>Ve sv\u00e9 \u017e\u00e1dosti o p\u0159edb\u011b\u017en\u00e1 opat\u0159en\u00ed u ICJ Jihoafrick\u00e1 republika odkazovala jak na prohl\u00e1\u0161en\u00ed CERD, tak na organick\u00fd vztah mezi izraelskou genocidou a apartheidem.\u00a0A v dne\u0161n\u00edm p\u0159edb\u011b\u017en\u00e9m opat\u0159en\u00ed soud citoval CERD.<\/span><\/p>\n<p><span>\u201e[Akty] genocidy nevyhnuteln\u011b tvo\u0159\u00ed sou\u010d\u00e1st kontinua,\u201c uv\u00e1d\u00ed se v \u017e\u00e1dosti Jihoafrick\u00e9 republiky.\u00a0\u201eZ tohoto d\u016fvodu je d\u016fle\u017eit\u00e9 za\u0159adit [\u00fadajn\u00e9 \u010diny izraelsk\u00e9 genocidy] do \u0161ir\u0161\u00edho kontextu chov\u00e1n\u00ed Izraele v\u016f\u010di Palestinc\u016fm b\u011bhem jeho 75 let trvaj\u00edc\u00edho apartheidu\u2026 a dal\u0161\u00edch v\u00e1le\u010dn\u00fdch zlo\u010din\u016f a zlo\u010din\u016f proti lidskosti.\u00a0<\/span><\/p>\n<p><span>Vskutku, jihoafrick\u00e1 \u017e\u00e1dost o genocidu \u201eby mohla b\u00fdt ch\u00e1p\u00e1na jako druh fantomov\u00e9 aplikace t\u00fdkaj\u00edc\u00ed se apartheidu,\u201c p\u00ed\u0161\u00ed pr\u00e1vn\u00ed v\u011bdci Victor Kattan a Gerhard Kemp ve v\u010dera zve\u0159ejn\u011bn\u00e9m\u00a0<\/span><a href=\"https:\/\/www.ejiltalk.org\/apartheid-as-a-form-of-genocide-reflections-on-south-africa-v-israel\/\"><span>akademick\u00e9m \u010dl\u00e1nku<\/span><\/a><span>\u00a0.\u00a0<\/span><\/p>\n<h2 class=\"wp-block-heading\"><span>Diplomatick\u00fd a pr\u00e1vn\u00ed dopad<\/span><\/h2>\n<p><span>P\u00e1te\u010dn\u00ed na\u0159\u00edzen\u00ed o p\u0159edb\u011b\u017en\u00fdch opat\u0159en\u00edch je teoreticky z\u00e1vazn\u00e9, ale soud nem\u00e1 prost\u0159edky k jeho v\u00fdkonu. Izrael to pravd\u011bpodobn\u011b bude ignorovat, jako to ud\u011blal p\u0159elomov\u00fd rozsudek ICJ v roce 2004.<\/span><\/p>\n<p><span>Ale po\u0161kozen\u00ed reputace a diplomatick\u00fd dopad vypl\u00fdvaj\u00edc\u00ed z p\u00e1te\u010dn\u00edho odpoledn\u00edho na\u0159\u00edzen\u00ed o p\u0159edb\u011b\u017en\u00fdch opat\u0159en\u00edch v Haagu mohou jen nar\u016fstat.<\/span><\/p>\n<p><span>Kr\u00e1tce p\u0159edt\u00edm, ne\u017e Izrael 19. \u00fanora p\u0159edlo\u017e\u00ed svou zpr\u00e1vu o pokroku na\u0159\u00edzenou ICJ, soud zah\u00e1j\u00ed d\u0159\u00edve napl\u00e1novan\u00fd t\u00fdden sly\u0161en\u00ed poradn\u00edho stanoviska o \u201epr\u00e1vn\u00edch d\u016fsledc\u00edch\u201c vypl\u00fdvaj\u00edc\u00edch z 57let\u00e9 izraelsk\u00e9 okupace Z\u00e1padn\u00edho b\u0159ehu, v\u00fdchodn\u00edho Jeruzal\u00e9ma a Gazy. , jak po\u017eadovalo Valn\u00e9 shrom\u00e1\u017ed\u011bn\u00ed OSN.<\/span><\/p>\n<p><span>Mezi mezin\u00e1rodn\u00edmi zlo\u010diny je Izrael ob\u017ealov\u00e1n na stovk\u00e1ch stran dokument\u016f p\u0159edlo\u017een\u00fdch Valn\u00fdm shrom\u00e1\u017ed\u011bn\u00edm nejvy\u0161\u0161\u00edmu soudu OSN \u2013 z\u00edsk\u00e1n\u00ed \u00fazem\u00ed n\u00e1sil\u00edm, kolonialismus osadn\u00edk\u016f, faktick\u00e1 anexe, odep\u0159en\u00ed pr\u00e1va na sebeur\u010den\u00ed, perzekuce a apartheidu.<\/span><\/p>\n<p><span>A genocida.\u00a0\u00a0\u00a0\u00a0\u00a0\u00a0\u00a0<\/span><\/p>\n<p><span>Izrael si mo\u017en\u00e1 mysl\u00ed, \u017ee se dnes r\u00e1no v Haagu vyhnul kulce.\u00a0K jeho cest\u011b ale m\u00ed\u0159\u00ed salva leg\u00e1ln\u00edch raket.<\/span><\/p>\n<p><span class=\"post-author\"><span class=\"by\"><span>OD\u00a0<\/span><\/span><a class=\"author url fn\" title=\"P\u0159\u00edsp\u011bvky od Davida Kattenburga\" href=\"https:\/\/mondoweiss.net\/author\/kattenbu\/\" rel=\"author\"><span>DAVIDA KATTENBURGA<\/span><\/a><\/span><\/p>\n<p>&nbsp;<\/p>\n<p>&nbsp;<\/p>\n","protected":false},"excerpt":{"rendered":"<p>V historick\u00e9m rozsudku proti Izraeli za zlo\u010din genocidy vyzval Mezin\u00e1rodn\u00ed soudn\u00ed dv\u016fr Izrael, aby okam\u017eit\u011b&#8230;<\/p>\n","protected":false},"author":2,"featured_media":45678,"comment_status":"closed","ping_status":"closed","sticky":false,"template":"","format":"standard","meta":[],"categories":[7],"tags":[178,107,700,520],"_links":{"self":[{"href":"https:\/\/www.infokuryr.cz\/n\/wp-json\/wp\/v2\/posts\/45677"}],"collection":[{"href":"https:\/\/www.infokuryr.cz\/n\/wp-json\/wp\/v2\/posts"}],"about":[{"href":"https:\/\/www.infokuryr.cz\/n\/wp-json\/wp\/v2\/types\/post"}],"author":[{"embeddable":true,"href":"https:\/\/www.infokuryr.cz\/n\/wp-json\/wp\/v2\/users\/2"}],"replies":[{"embeddable":true,"href":"https:\/\/www.infokuryr.cz\/n\/wp-json\/wp\/v2\/comments?post=45677"}],"version-history":[{"count":0,"href":"https:\/\/www.infokuryr.cz\/n\/wp-json\/wp\/v2\/posts\/45677\/revisions"}],"wp:featuredmedia":[{"embeddable":true,"href":"https:\/\/www.infokuryr.cz\/n\/wp-json\/wp\/v2\/media\/45678"}],"wp:attachment":[{"href":"https:\/\/www.infokuryr.cz\/n\/wp-json\/wp\/v2\/media?parent=45677"}],"wp:term":[{"taxonomy":"category","embeddable":true,"href":"https:\/\/www.infokuryr.cz\/n\/wp-json\/wp\/v2\/categories?post=45677"},{"taxonomy":"post_tag","embeddable":true,"href":"https:\/\/www.infokuryr.cz\/n\/wp-json\/wp\/v2\/tags?post=45677"}],"curies":[{"name":"wp","href":"https:\/\/api.w.org\/{rel}","templated":true}]}}