{"id":45647,"date":"2024-01-26T04:26:20","date_gmt":"2024-01-26T03:26:20","guid":{"rendered":"http:\/\/www.infokuryr.cz\/n\/?p=45647"},"modified":"2024-01-26T04:26:20","modified_gmt":"2024-01-26T03:26:20","slug":"michael-svatos-kyjev-vydal-prikazy-k-zahajeni-vyuky-polstiny-jako-druheho-jazyka-na-ukrajine","status":"publish","type":"post","link":"https:\/\/www.infokuryr.cz\/n\/2024\/01\/26\/michael-svatos-kyjev-vydal-prikazy-k-zahajeni-vyuky-polstiny-jako-druheho-jazyka-na-ukrajine\/","title":{"rendered":"Michael Svato\u0161:  Kyjev vydal p\u0159\u00edkazy k zah\u00e1jen\u00ed v\u00fduky Pol\u0161tiny jako druh\u00e9ho jazyka na Ukrajin\u011b!"},"content":{"rendered":"<div id=\"fb-root\"><\/div>\n<p><span style=\"font-size: 14pt;\"><strong>Kyjev vydal p\u0159\u00edkazy k zah\u00e1jen\u00ed v\u00fduky Pol\u0161tiny jako druh\u00e9ho jazyka na Ukrajin\u011b! Koz\u00e1ck\u00fd Ataman \u017didkov na Putin\u016fv rozkaz vyhl\u00e1sil obnoven\u00ed Z\u00e1poro\u017esk\u00e9 \u0160i\u010de a za\u010dal shroma\u017e\u010fovat ukrajinsk\u00e9 a rusk\u00e9 koz\u00e1ky k ta\u017een\u00ed na Kyjev a obnoven\u00ed Svobodn\u00e9 koz\u00e1ck\u00e9 republiky na Dn\u011bpru!<\/strong><\/span><\/p>\n<p>5. ledna 2024 se u Melitopolu na \u201cna nov\u011b osvobozen\u00e9m rusk\u00e9m \u00fazem\u00ed\u201d konalo, k nelibosti Kyjeva i CIA, velk\u00e9 setk\u00e1n\u00ed koz\u00e1ck\u00fdch ataman\u016f Ruska a Ukrajiny. Shrom\u00e1\u017ed\u011bn\u00ed svolal Putinem nov\u011b jmenovan\u00fd ataman Z\u00e1poro\u017esk\u00e9 Si\u010de Andrej \u017didkov, a vyhl\u00e1sil na n\u011bm ta\u017een\u00ed za osvobozen\u00ed koz\u00e1ck\u00fdch \u00fazem\u00ed z moci Kyjeva, a obnoven\u00ed Z\u00e1poro\u017esk\u00e9 s\u00ed\u010de, kter\u00e1 je nyn\u011bj\u0161\u00edm kyjevsk\u00fdm re\u017eimem pova\u017eov\u00e1na za historick\u00fd z\u00e1klad sou\u010dasn\u00e9 ukrajinsk\u00e9 st\u00e1tnosti.<\/p>\n<p>Vznikla tak na prvn\u00ed pohled komick\u00e9 situace. Z\u00e1poro\u017eskou S\u00ed\u010d zlikvidoval v roce 1775 rusk\u00fd gener\u00e1l \u010corba na p\u0159\u00edkaz carevny Kate\u0159iny Velik\u00e9 a posledn\u00ed ko\u0161ov\u00fd ataman Z\u00e1poro\u017esk\u00e9 S\u00ed\u010de\u00a0<span class=\"mw-page-title-main\"><a href=\"https:\/\/uk.wikipedia.org\/wiki\/%D0%9F%D0%B5%D1%82%D1%80%D0%BE_%D0%9A%D0%B0%D0%BB%D0%BD%D0%B8%D1%88%D0%B5%D0%B2%D1%81%D1%8C%D0%BA%D0%B8%D0%B9\">Petro Kalnyshevskyi<\/a>\u00a0zem\u0159el v roce 1803 ve v\u011bku 112 let ve vyhnanstv\u00ed na pov\u011bstn\u00fdch rusk\u00fdch\u00a0<a href=\"https:\/\/cs.wikipedia.org\/wiki\/Soloveck%C3%A9_ostrovy\">Soloveck\u00fdch ostrovech<\/a>. Na prvn\u00ed pohled se tak zdaj\u00ed Putinovy nov\u00e9 kroky na rozvr\u00e1cen\u00ed Ukrajiny nelogick\u00e9, le\u010d tomu tak nen\u00ed.\u00a0<\/span><\/p>\n<p><a href=\"https:\/\/stranapro.cz\/\"><img decoding=\"async\" loading=\"lazy\" class=\"alignnone  wp-image-40285 aligncenter\" src=\"http:\/\/www.infokuryr.cz\/n\/wp-content\/uploads\/2023\/11\/11pro-300x79.png\" alt=\"\" width=\"577\" height=\"152\" srcset=\"https:\/\/www.infokuryr.cz\/n\/wp-content\/uploads\/2023\/11\/11pro-300x79.png 300w, https:\/\/www.infokuryr.cz\/n\/wp-content\/uploads\/2023\/11\/11pro.png 363w\" sizes=\"(max-width: 577px) 100vw, 577px\" \/><\/a><\/p>\n<p>200 km severn\u011b od Z\u00e1poro\u017e\u00ed le\u017e\u00ed m\u011bsto<a href=\"https:\/\/cs.wikipedia.org\/wiki\/Poltava\">\u00a0Poltava<\/a>, kter\u00e9 je pova\u017eov\u00e1no za m\u00edsto zrodu modern\u00edho ukrajinsk\u00e9ho n\u00e1roda, a je spr\u00e1vn\u00edm centrem jednoho z ukrajinsk\u00fdch samospr\u00e1vn\u00fdch st\u00e1tn\u00edch region\u016f.\u00a0<a href=\"https:\/\/poltava.to\/news\/74983\/\">V\u010dera 25. ledna vyhl\u00e1sil \u0161\u00e9f tamn\u00ed region\u00e1ln\u00ed rady Oleksandr Bilenkoy<\/a>\u00a0p\u0159\u00edkaz k n\u00e1boru u\u010ditel\u016f Pol\u0161tiny, kter\u00e1 se bude jako druh\u00fd ciz\u00ed jazyk vyu\u010dov\u00e1na na ukrajinsk\u00fdch \u0161kol\u00e1ch. Jde o spole\u010dn\u00fd projekt Polsk\u00e9 republiky, M\u011bsta Lvov a Region\u00e1ln\u00ed rady Poltava s n\u00e1zvem \u201ePos\u00edlen\u00ed ob\u010dansk\u00e9 spole\u010dnosti realizac\u00ed participativn\u00edch a inkluzivn\u00edch \u0159e\u0161en\u00ed\u201c. Vybran\u00ed u\u010ditel\u00e9 maj\u00ed vlakem odjet do Polska na soust\u0159ed\u011bn\u00ed a pro\u0161kolen\u00ed!<\/p>\n<p>V Poltav\u011b nyn\u00ed panuje siln\u00fd rusk\u00fd sentiment. Jak jsme informovali v minul\u00fdch anal\u00fdz\u00e1ch \u2013 Poltavan\u00e9 se vzp\u00edraj\u00ed vojensk\u00e9 slu\u017eb\u011b \u2013 a situace se d\u00e1le zhor\u0161uje. V Poltav\u011b u\u017e jezd\u00ed ve\u0159ejn\u00e1 doprava jen do 18 hodin, proto\u017ee \u0159idi\u010de MHD odvedl Kyjev do v\u00e1lky, a ka\u017ed\u00e9ho nov\u00e9ho \u0159idi\u010de, kter\u00e9ho provozovatel m\u00edstn\u00ed MHD sehnal a poslal k povinn\u00e9 l\u00e9ka\u0159sk\u00e9 prohl\u00eddce, aby mohl nastoupit do pr\u00e1ce \u0159idi\u010de MHD, kyjev\u0161t\u00ed n\u00e1bor\u00e1\u0159i na prohl\u00eddce okam\u017eit\u011b zkonfiskovali a poslali na frontu. Po\u010det padl\u00fdch obyvatel Poltavy je u\u017e astronomick\u00fd \u2013\u00a0<a href=\"https:\/\/poltava.to\/news\/74980\/\">podle v\u00fdsledku v\u010derej\u0161\u00edho v\u00fdb\u011brov\u00e9ho \u0159\u00edzen\u00ed na vzty\u010den\u00ed pam\u00e1tn\u00edku padl\u00fdch Poltavan\u016f<\/a>, bude tento pam\u00e1tn\u00edk obsahovat 800 jmen a fotografi\u00ed, a na dal\u0161\u00ed pam\u00e1tn\u00edk se u\u017e vypsalo v\u00fdb\u011brov\u00e9 \u0159\u00edzen\u00ed.\u00a0<a href=\"https:\/\/www.michalapetr.com\/map-1834-jen-letos-padlo-pres-200-tisic-ukrajincu-ukazuje-ukrajinska-statistika-v-poslednich-tydnech-pocty-padlych-rapidne-rostou-proc\/\">Jak jsme informovali v MAP 1834 loni do 13. listopadu padlo na front\u011b 881 Poltavan\u016f<\/a>. Po\u010det obyvatel m\u011bsta p\u0159ed v\u00e1lkou byl 225 tis\u00edc \u2013 tedy v boji proti Putinovi padlo u\u017e 0.71% p\u0159edv\u00e1le\u010dn\u00e9ho po\u010dtu obyvatel, cca tak ka\u017ed\u00ed 2 mu\u017ei ze 100! (Po\u010d\u00edt\u00e1no jako dv\u011b v\u00fdb\u011brov\u00e1 \u0159\u00edzen\u00ed na dva kr\u00e1t 800 jmen padl\u00fdch.)<\/p>\n<p><img decoding=\"async\" loading=\"lazy\" class=\"wp-image-8947 aligncenter\" src=\"https:\/\/www.michalapetr.com\/wp-content\/uploads\/2024\/01\/filestoragetemp-987.jpg\" sizes=\"(max-width: 930px) 100vw, 930px\" srcset=\"https:\/\/www.michalapetr.com\/wp-content\/uploads\/2024\/01\/filestoragetemp-987.jpg 930w, https:\/\/www.michalapetr.com\/wp-content\/uploads\/2024\/01\/filestoragetemp-987-300x142.jpg 300w, https:\/\/www.michalapetr.com\/wp-content\/uploads\/2024\/01\/filestoragetemp-987-768x364.jpg 768w, https:\/\/www.michalapetr.com\/wp-content\/uploads\/2024\/01\/filestoragetemp-987-705x334.jpg 705w, https:\/\/www.michalapetr.com\/wp-content\/uploads\/2024\/01\/filestoragetemp-987-450x213.jpg 450w\" alt=\"\" width=\"922\" height=\"437\" \/><\/p>\n<p>Jak nyn\u00ed v cel\u00e9 ukrajinsk\u00e9 spole\u010dnosti roste rusk\u00fd sentiment, je z\u0159ejm\u00e9 i ze v\u010derej\u0161\u00edho skand\u00e1lu zn\u00e1m\u00e9 a popul\u00e1rn\u00ed ukrajinsk\u00e9 blogerky Anny Alkhimov\u00e9. Ta ve m\u011bst\u011b\u00a0<a href=\"https:\/\/cs.wikipedia.org\/wiki\/Chmelnyckyj\">Chmelnickyj<\/a>, (270 tis\u00edc obyvatel),\u00a0<a href=\"https:\/\/eng.obozrevatel.com\/section-entertainment\/news-the-controversial-blogger-alkhim-made-a-cynical-video-against-the-backdrop-of-fallen-heroes-to-a-russian-track-25-01-2024.html\">nato\u010dila cynick\u00e9 video<\/a>, ve kter\u00e9m tan\u010d\u00ed na ruskou hudbu, sm\u011bje se, a j\u00e1s\u00e1, na m\u00edstn\u00ed t\u0159\u00edd\u011b hrdin\u016f! Pozad\u00ed jej\u00edho videa je tak cynicky tvo\u0159eno portr\u00e9ty padl\u00fdch ve v\u00e1lce proti Putinovi. Akhimov\u00e1 na kritiku m\u00e9di\u00ed a nacionalist\u016f odv\u011btila, \u017ee nat\u00e1\u010d\u00ed videa o kr\u00e1se \u017eivota, a ne o smrti. A v\u00e1lka, \u017ee ji nezaj\u00edm\u00e1. A sklidila zna\u010dn\u00fd \u00fasp\u011bch mezi Ukrajinci, co\u017e \u0161okovalo re\u017eimn\u00ed m\u00e9dia.<\/p>\n<p>Pro pochopen\u00ed Putinovy n\u00e1hl\u00e9 podpory koz\u00e1ck\u00fdm ataman\u016fm, aby obnovili slavnou Z\u00e1poro\u017eskou S\u00ed\u010d, je d\u016fle\u017eit\u00fd jak rostouc\u00ed rusk\u00fd sentiment na Ukrajin\u011b, tak rostouc\u00ed odpor k v\u00e1lce a k marn\u00e9 smrti na front\u011b mezi obyvatelstvem Ukrajiny, tak samotn\u00e1 historie Z\u00e1poro\u017esk\u00e9 S\u00ed\u010de. Ta nebyla historicky tvo\u0159ena Ukrajinci, ale byla multikulturn\u00ed. Slo\u017een\u00ed S\u00ed\u010de:\u00a0<a href=\"https:\/\/ru.wikipedia.org\/wiki\/%D0%97%D0%B0%D0%BF%D0%BE%D1%80%D0%BE%D0%B6%D1%81%D0%BA%D0%B0%D1%8F_%D0%A1%D0%B5%D1%87%D1%8C#cite_note-25\">Do poloviny 17. stol.\u00a0n\u00e1rodnostn\u00ed slo\u017een\u00ed\u00a0<\/a>bylo n\u00e1sleduj\u00edc\u00ed: Slovan\u00e9 (Rusov\u00e9, Ukrajinci, Pol\u00e1ci, Chorvati, Slov\u00e1ci, \u010ce\u0161i, B\u011blorusov\u00e9, Srbov\u00e9, Bulha\u0159i) \u2013 35-40 %;\u00a0Asiat\u00e9 (Turci, Tata\u0159i, dokonce i Per\u0161an\u00e9, Hinduist\u00e9, Arabov\u00e9, Kyrgyzov\u00e9 a Kalmykov\u00e9) \u2013 a\u017e 30 %;\u00a0n\u00e1rody Kavkazu (\u010cerkesov\u00e9 nebo \u010cerkesov\u00e9, Gruz\u00ednci, Arm\u00e9ni atd.) \u2013 20 %;\u00a0St\u0159edomo\u0159sk\u00e9 n\u00e1rody (Italov\u00e9, \u0160pan\u011bl\u00e9, Francouzi, Portugalci, \u0158ekov\u00e9, Alb\u00e1nci) \u2013 10 %-15 %! Putinovo pojet\u00ed Ruska je spole\u010denstv\u00ed r\u016fzn\u00fdch kultur, kter\u00e9 se spojily pod ochranou rusk\u00e9ho st\u00e1tu, aby si zachovaly sv\u00e9 tradice, a zabr\u00e1nily plundrovan\u00ed sv\u00e9ho bohatstv\u00ed hlavn\u011b z\u00e1padn\u00edmi cizinci.<\/p>\n<div id=\"attachment_8948\" class=\"wp-caption aligncenter\" style=\"width: 923px;\"><img decoding=\"async\" loading=\"lazy\" class=\" wp-image-8948\" src=\"https:\/\/www.michalapetr.com\/wp-content\/uploads\/2024\/01\/photo_2024-01-05_21-49-21-1024x682-1.jpg\" sizes=\"(max-width: 1024px) 100vw, 1024px\" srcset=\"https:\/\/www.michalapetr.com\/wp-content\/uploads\/2024\/01\/photo_2024-01-05_21-49-21-1024x682-1.jpg 1024w, https:\/\/www.michalapetr.com\/wp-content\/uploads\/2024\/01\/photo_2024-01-05_21-49-21-1024x682-1-300x200.jpg 300w, https:\/\/www.michalapetr.com\/wp-content\/uploads\/2024\/01\/photo_2024-01-05_21-49-21-1024x682-1-768x512.jpg 768w, https:\/\/www.michalapetr.com\/wp-content\/uploads\/2024\/01\/photo_2024-01-05_21-49-21-1024x682-1-705x470.jpg 705w, https:\/\/www.michalapetr.com\/wp-content\/uploads\/2024\/01\/photo_2024-01-05_21-49-21-1024x682-1-450x300.jpg 450w\" alt=\"\" width=\"923\" height=\"615\" aria-describedby=\"caption-attachment-8948\" \/><\/p>\n<p id=\"caption-attachment-8948\" class=\"wp-caption-text\">Putinem nov\u011b jmenovan\u00fd hlavn\u00ed Z\u00e1poro\u017esk\u00fd ataman Andrej \u017didkov! Putin po 249 letech obnovil Z\u00e1poro\u017eskou S\u00ed\u010d, a t\u00edmto mazan\u00fdm tahem rozzu\u0159il jak Kyjev tak CIA!<\/p>\n<\/div>\n<p><a href=\"http:\/\/voinlife.com\/bez-rubriki\/5-yanvarya-sostoyalos-istoricheskoe-sobytie-pervyj-shod-atamanov-zaporozhskoj-oblasti-na-osvobozhdennoj-zaporozhskoj-zemle\/\">5. ledna na shrom\u00e1\u017ed\u011bn\u00ed Z\u00e1poro\u017esk\u00fdch ataman\u016f<\/a>\u00a0byl schv\u00e1len znak, vlajka a struktura obnoven\u00e9 arm\u00e1dy Z\u00e1poro\u017esk\u00e9 S\u00ed\u010de, a byla napl\u00e1nov\u00e1na prvn\u00ed v\u0161eobecn\u00e1 akce \u2013 shrom\u00e1\u017ed\u011bn\u00ed koz\u00e1k\u016f a slo\u017een\u00ed koz\u00e1ck\u00e9 p\u0159\u00edsahy, kter\u00e9 se uskute\u010dnila 19. ledna. Dal\u0161\u00ed pl\u00e1ny zahrnuj\u00ed m\u011bs\u00ed\u010dn\u00ed vojensk\u00fd v\u00fdcvik koz\u00e1k\u016f nov\u00e9 Z\u00e1poro\u017esk\u00e9 arm\u00e1dy. Zku\u0161en\u00ed instrukto\u0159i maj\u00ed nau\u010dit Koz\u00e1ky nejen st\u0159elbu z ru\u010dn\u00edch zbran\u00ed, ale tak\u00e9 taktiku boje v z\u00e1kopech a budov\u00e1ch, a nau\u010d\u00ed je ovl\u00e1dat r\u016fzn\u00e9 typy dron\u016f. V\u0161ichni shrom\u00e1\u017ed\u011bn\u00ed ukrajin\u0161t\u00ed z\u00e1poro\u017e\u0161t\u00ed atamani se jednomysln\u011b rozhodli zahrnout v\u0161echny koz\u00e1ck\u00e9 spole\u010dnosti existuj\u00edc\u00ed v oblasti Z\u00e1poro\u017e\u00ed do st\u00e1tn\u00edho rejst\u0159\u00edku Rusk\u00e9 federace!<\/p>\n<p><a href=\"https:\/\/jamestown.org\/program\/moscow-moves-to-establish-zaporizhzhian-cossack-host\/\">Podle CIA se nyn\u00ed dal\u0161\u00ed koz\u00e1ci aktivizuj\u00ed i v oblasti severoz\u00e1padn\u00edho Ruska a Pobalt\u00ed<\/a>. Plukovn\u00edk Maxim Buga\u00a0<a href=\"https:\/\/vsko.ru\/sozdano-severo-zapadnoe-vojskovoe-kazache-obshhestvo\/\">u\u017e za\u010dal organizovat<\/a>\u00a0Baltsk\u00fd samostatn\u00fd koz\u00e1ck\u00fd svaz, kter\u00fd se podle CIA m\u00e1 zapojit do rusk\u00e9 operace na ovl\u00e1dnut\u00ed tzv. Koridoru Suwalki, a pobaltsk\u00fdch zem\u00ed.<\/p>\n<div id=\"attachment_8950\" class=\"wp-caption aligncenter\" style=\"width: 773px;\"><img decoding=\"async\" loading=\"lazy\" class=\" wp-image-8950\" src=\"https:\/\/www.michalapetr.com\/wp-content\/uploads\/2024\/01\/1647008-548785-756x425-1.jpg\" sizes=\"(max-width: 637px) 100vw, 637px\" srcset=\"https:\/\/www.michalapetr.com\/wp-content\/uploads\/2024\/01\/1647008-548785-756x425-1.jpg 637w, https:\/\/www.michalapetr.com\/wp-content\/uploads\/2024\/01\/1647008-548785-756x425-1-300x200.jpg 300w, https:\/\/www.michalapetr.com\/wp-content\/uploads\/2024\/01\/1647008-548785-756x425-1-450x300.jpg 450w\" alt=\"\" width=\"773\" height=\"516\" aria-describedby=\"caption-attachment-8950\" \/><\/p>\n<p id=\"caption-attachment-8950\" class=\"wp-caption-text\">Gener\u00e1l von Sandrart (vlevo),\u00a0<a href=\"https:\/\/www.lrt.lt\/en\/news-in-english\/19\/2137509\/russia-has-started-rebuilding-its-capabilities-and-this-threatens-our-region-nato-general\">kter\u00fd byl pov\u011b\u0159en p\u0159\u00edpravou vojsk Z\u00e1padu proti Putinovi<\/a>\u00a0v oblasti Pobalt\u00ed a Suwalki Gap, m\u00e1 podle lednov\u00e9 zpr\u00e1vy CIA obavy z aktivizace a r\u016fstu sil rusk\u00fdch koz\u00e1k\u016f v oblasti!<\/p>\n<\/div>\n<p><a href=\"https:\/\/www.michalapetr.com\/map-1894-kyjev-vydal-prikazy-k-zahajeni-vyuky-polstiny-jako-druheho-jazyka-na-ukrajine-kozacky-ataman-zidkov-na-putinuv-rozkaz-vyhlasil-obnoveni-zaporozske-sice-a-zacal-shromazdovat-ukrajinske-a-rusk\/\">Michael Svato\u0161<\/a><\/p>\n<p><img decoding=\"async\" loading=\"lazy\" class=\"alignnone size-full wp-image-27204\" src=\"http:\/\/www.infokuryr.cz\/n\/wp-content\/uploads\/2023\/05\/Michael_Svatos.png\" alt=\"\" width=\"180\" height=\"180\" srcset=\"https:\/\/www.infokuryr.cz\/n\/wp-content\/uploads\/2023\/05\/Michael_Svatos.png 180w, https:\/\/www.infokuryr.cz\/n\/wp-content\/uploads\/2023\/05\/Michael_Svatos-150x150.png 150w\" sizes=\"(max-width: 180px) 100vw, 180px\" \/><\/p>\n<p>&nbsp;<\/p>\n<p>&nbsp;<\/p>\n","protected":false},"excerpt":{"rendered":"<p>Kyjev vydal p\u0159\u00edkazy k zah\u00e1jen\u00ed v\u00fduky Pol\u0161tiny jako druh\u00e9ho jazyka na Ukrajin\u011b! Koz\u00e1ck\u00fd Ataman \u017didkov&#8230;<\/p>\n","protected":false},"author":2,"featured_media":45648,"comment_status":"closed","ping_status":"closed","sticky":false,"template":"","format":"standard","meta":[],"categories":[6],"tags":[1042,2430,31,22,26],"_links":{"self":[{"href":"https:\/\/www.infokuryr.cz\/n\/wp-json\/wp\/v2\/posts\/45647"}],"collection":[{"href":"https:\/\/www.infokuryr.cz\/n\/wp-json\/wp\/v2\/posts"}],"about":[{"href":"https:\/\/www.infokuryr.cz\/n\/wp-json\/wp\/v2\/types\/post"}],"author":[{"embeddable":true,"href":"https:\/\/www.infokuryr.cz\/n\/wp-json\/wp\/v2\/users\/2"}],"replies":[{"embeddable":true,"href":"https:\/\/www.infokuryr.cz\/n\/wp-json\/wp\/v2\/comments?post=45647"}],"version-history":[{"count":0,"href":"https:\/\/www.infokuryr.cz\/n\/wp-json\/wp\/v2\/posts\/45647\/revisions"}],"wp:featuredmedia":[{"embeddable":true,"href":"https:\/\/www.infokuryr.cz\/n\/wp-json\/wp\/v2\/media\/45648"}],"wp:attachment":[{"href":"https:\/\/www.infokuryr.cz\/n\/wp-json\/wp\/v2\/media?parent=45647"}],"wp:term":[{"taxonomy":"category","embeddable":true,"href":"https:\/\/www.infokuryr.cz\/n\/wp-json\/wp\/v2\/categories?post=45647"},{"taxonomy":"post_tag","embeddable":true,"href":"https:\/\/www.infokuryr.cz\/n\/wp-json\/wp\/v2\/tags?post=45647"}],"curies":[{"name":"wp","href":"https:\/\/api.w.org\/{rel}","templated":true}]}}