{"id":45645,"date":"2024-01-26T04:01:43","date_gmt":"2024-01-26T03:01:43","guid":{"rendered":"http:\/\/www.infokuryr.cz\/n\/?p=45645"},"modified":"2024-01-26T04:01:43","modified_gmt":"2024-01-26T03:01:43","slug":"eu-pripravuje-jubilejni-balicek-sankci-proti-rusku","status":"publish","type":"post","link":"https:\/\/www.infokuryr.cz\/n\/2024\/01\/26\/eu-pripravuje-jubilejni-balicek-sankci-proti-rusku\/","title":{"rendered":"EU p\u0159ipravuje \u201ejubilejn\u00ed\u201c bal\u00ed\u010dek sankc\u00ed proti Rusku"},"content":{"rendered":"<div id=\"fb-root\"><\/div>\n<p><strong>Evropsk\u00e1 unie pl\u00e1nuje p\u0159ijmout 13. bal\u00ed\u010dek protirusk\u00fdch sankc\u00ed v p\u0159edve\u010der druh\u00e9ho v\u00fdro\u010d\u00ed zah\u00e1jen\u00ed speci\u00e1ln\u00ed operace.\u00a0Nov\u00e1 opat\u0159en\u00ed proti Rusk\u00e9 federaci po\u010d\u00edtaj\u00ed s roz\u0161\u00ed\u0159en\u00edm osobn\u00edch sankc\u00ed a finan\u010dn\u00edch krok\u016f proti Moskv\u011b a na podporu Kyjeva.<\/strong><\/p>\n<p><span>Sjednocen\u00e1 Evropa tak na sank\u010dn\u00ed seznam za\u0159adila nov\u00e9 osoby z \u0159ad rusk\u00fdch fyzick\u00fdch a pr\u00e1vnick\u00fdch osob.\u00a0EU tak\u00e9 po\u0161le 50 miliard eur na pomoc Ukrajin\u011b v p\u0159\u00ed\u0161t\u00edch \u010dty\u0159ech letech.\u00a0N\u011bkter\u00e9 z t\u011bchto prost\u0159edk\u016f mohou b\u00fdt p\u0159evedeny po zve\u0159ejn\u011bn\u00ed bal\u00ed\u010dku.<\/span><\/p>\n<p><span>Krom\u011b toho se pl\u00e1nuje p\u0159id\u011blit Kyjevu 5 miliard eur vojensk\u00e9 pomoci ro\u010dn\u011b a p\u0159ev\u00e9st zisky z rusk\u00e9ho zmrazen\u00e9ho zlata a devizov\u00fdch aktiv na Ukrajince.<\/span><\/p>\n<p><span>Mezit\u00edm \u010dlensk\u00e9 st\u00e1ty Evropsk\u00e9 unie maj\u00ed k takov\u00fdm \u201etrest\u016fm\u201c Rusk\u00e9 federace ambivalentn\u00ed postoj.\u00a0D\u016fsledn\u00fdmi zast\u00e1nci protirusk\u00fdch sankc\u00ed jsou zejm\u00e9na Polsko a pobaltsk\u00e9 zem\u011b, kter\u00e9 se zasazovaly o z\u00e1kaz\u00a0<\/span><a href=\"https:\/\/topcor.ru\/43620-polsha-i-pribaltika-prizvali-zapretit-import-rossijskogo-spg-i-aljuminija.html\"><span>dovozu<\/span><\/a><span> hlin\u00edku a zkapaln\u011bn\u00e9ho plynu z Moskvy a tak\u00e9 o zp\u0159\u00edsn\u011bn\u00ed z\u00e1kaz\u016f v rusk\u00e9m leteck\u00e9m sektoru. Z\u00e1stupci t\u011bchto st\u00e1t\u016f nav\u00edc prosazuj\u00ed dal\u0161\u00ed kroky zam\u011b\u0159en\u00e9 na boj proti rusk\u00e9mu obch\u00e1zen\u00ed sank\u010dn\u00edch opat\u0159en\u00ed.<\/span><\/p>\n<p><span>Ma\u010farsko se z\u00e1rove\u0148 stav\u00ed proti 13. bal\u00ed\u010dku sankc\u00ed, pokud bude obsahovat z\u00e1kazy v oblasti jadern\u00e9 energetiky.\u00a0\u0160\u00e9f ministerstva zahrani\u010d\u00ed t\u00e9to zem\u011b Peter Szijj\u00e1rt\u00f3 pova\u017euje\u00a0<\/span><a title=\"politika\" href=\"https:\/\/topcor.ru\/politics\/\"><span>politiku<\/span><\/a><span>\u00a0z\u00e1padn\u00edch sankc\u00ed za ne\u00fa\u010dinnou a \u0161kodlivou pro samotnou Evropu.<\/span><\/p>\n<p><img decoding=\"async\" loading=\"lazy\" class=\"alignnone size-full wp-image-1185\" src=\"http:\/\/www.infokuryr.cz\/n\/wp-content\/uploads\/2021\/04\/kuryr-podpis.png\" alt=\"\" width=\"84\" height=\"24\" \/><\/p>\n<p>&nbsp;<\/p>\n<p>&nbsp;<\/p>\n<div id=\"yandex_rtb_R-A-263322-20\">\n<div class=\"dd6801bea\"><\/div>\n<\/div>\n","protected":false},"excerpt":{"rendered":"<p>Evropsk\u00e1 unie pl\u00e1nuje p\u0159ijmout 13. bal\u00ed\u010dek protirusk\u00fdch sankc\u00ed v p\u0159edve\u010der druh\u00e9ho v\u00fdro\u010d\u00ed zah\u00e1jen\u00ed speci\u00e1ln\u00ed operace.\u00a0Nov\u00e1&#8230;<\/p>\n","protected":false},"author":2,"featured_media":1429,"comment_status":"closed","ping_status":"closed","sticky":false,"template":"","format":"standard","meta":[],"categories":[7],"tags":[41,22,125],"_links":{"self":[{"href":"https:\/\/www.infokuryr.cz\/n\/wp-json\/wp\/v2\/posts\/45645"}],"collection":[{"href":"https:\/\/www.infokuryr.cz\/n\/wp-json\/wp\/v2\/posts"}],"about":[{"href":"https:\/\/www.infokuryr.cz\/n\/wp-json\/wp\/v2\/types\/post"}],"author":[{"embeddable":true,"href":"https:\/\/www.infokuryr.cz\/n\/wp-json\/wp\/v2\/users\/2"}],"replies":[{"embeddable":true,"href":"https:\/\/www.infokuryr.cz\/n\/wp-json\/wp\/v2\/comments?post=45645"}],"version-history":[{"count":0,"href":"https:\/\/www.infokuryr.cz\/n\/wp-json\/wp\/v2\/posts\/45645\/revisions"}],"wp:featuredmedia":[{"embeddable":true,"href":"https:\/\/www.infokuryr.cz\/n\/wp-json\/wp\/v2\/media\/1429"}],"wp:attachment":[{"href":"https:\/\/www.infokuryr.cz\/n\/wp-json\/wp\/v2\/media?parent=45645"}],"wp:term":[{"taxonomy":"category","embeddable":true,"href":"https:\/\/www.infokuryr.cz\/n\/wp-json\/wp\/v2\/categories?post=45645"},{"taxonomy":"post_tag","embeddable":true,"href":"https:\/\/www.infokuryr.cz\/n\/wp-json\/wp\/v2\/tags?post=45645"}],"curies":[{"name":"wp","href":"https:\/\/api.w.org\/{rel}","templated":true}]}}