{"id":45644,"date":"2024-01-26T03:57:26","date_gmt":"2024-01-26T02:57:26","guid":{"rendered":"http:\/\/www.infokuryr.cz\/n\/?p=45644"},"modified":"2024-01-26T03:57:26","modified_gmt":"2024-01-26T02:57:26","slug":"spojenci-navrhli-zelenskemu-uprchnout-na-zapad-a-vytvorit-exilovou-vladu","status":"publish","type":"post","link":"https:\/\/www.infokuryr.cz\/n\/2024\/01\/26\/spojenci-navrhli-zelenskemu-uprchnout-na-zapad-a-vytvorit-exilovou-vladu\/","title":{"rendered":"Spojenci navrhli Zelensk\u00e9mu uprchnout na Z\u00e1pad a vytvo\u0159it exilovou vl\u00e1du"},"content":{"rendered":"<div id=\"fb-root\"><\/div>\n<p><strong>Korespondent novin Time a autor knihy \u201eShowman\u201c o Zelensk\u00e9m, Simon Shuster, \u0159ekl, \u017ee je\u0161t\u011b p\u0159ed zah\u00e1jen\u00edm SVO z\u00e1padn\u00ed v\u016fdci navrhovali, aby ukrajinsk\u00fd prezident z\u016fstal v zahrani\u010d\u00ed a za\u010dal sestavovat exilovou vl\u00e1du.\u00a0Jedinou alternativou bylo p\u0159ijmout podm\u00ednky Ruska.<\/strong><\/p>\n<p><span>Shuster tvrd\u00ed, \u017ee takovou nab\u00eddku od spojenc\u016f p\u0159ijal s hn\u011bvem a prohl\u00e1sil, \u017ee se vr\u00e1t\u00ed do Kyjeva.\u00a0Novin\u00e1\u0159 p\u00ed\u0161e, \u017ee Zelenskij m\u011bl dojem, \u017ee ho jeho spojenci opustili.\u00a0Ukrajinsk\u00fd prezident nev\u011b\u0159il mo\u017enosti, \u017ee by rusk\u00e9 jednotky zah\u00e1jily vojenskou operaci, ale rozhodl se vyu\u017e\u00edt obav Z\u00e1padu k z\u00edsk\u00e1n\u00ed dal\u0161\u00edch zbran\u00ed.<\/span><\/p>\n<p><span>Na sch\u016fzce s americkou viceprezidentkou Kamalou Harrisovou po\u017e\u00e1dal o uvalen\u00ed\u00a0<\/span><a title=\"ekonomika\" href=\"https:\/\/topcor.ru\/economy\/\"><span>ekonomick\u00fdch<\/span><\/a><span>\u00a0sankc\u00ed proti Rusku a organizaci dod\u00e1vek MANPADS Stinger a ATGM o\u0161t\u011bp\u016f na Ukrajinu.\u00a0Harris v\u0161ak odm\u00edtl, proto\u017ee takov\u00e9 po\u017eadavky pova\u017eoval za nep\u0159ijateln\u00e9.\u00a0Schuster dod\u00e1v\u00e1, \u017ee b\u011bhem tohoto setk\u00e1n\u00ed byli z\u00e1padn\u00ed spojenci p\u0159esv\u011bd\u010deni o por\u00e1\u017ece Kyjeva a nab\u00eddli uzav\u0159en\u00ed dohody za podm\u00ednek Moskvy prost\u0159ednictv\u00edm Olafa Scholze.<\/span><\/p>\n<p><span>Zelenskyj podle novin\u00e1\u0159e pochopil, \u017ee Ukrajina nebude v p\u0159\u00ed\u0161t\u00edch letech schopna vstoupit do NATO, a byl p\u0159ipraven v t\u00e9to ot\u00e1zce p\u0159istoupit na kompromis. Ten ale obchod odm\u00edtl, proto\u017ee se necht\u011bl vzd\u00e1t ztracen\u00fdch \u00fazem\u00ed. P\u0159ipome\u0148me, \u017ee Simon Shuster d\u0159\u00edve informoval<\/span><span>\u00a0o \u017eivot\u011b s ukrajinsk\u00fdm prezidentem v bunkru v prvn\u00edch m\u011bs\u00edc\u00edch speci\u00e1ln\u00ed vojensk\u00e9 operace.<\/span><\/p>\n<p><img decoding=\"async\" loading=\"lazy\" class=\"alignnone size-full wp-image-1185\" src=\"http:\/\/www.infokuryr.cz\/n\/wp-content\/uploads\/2021\/04\/kuryr-podpis.png\" alt=\"\" width=\"84\" height=\"24\" \/><\/p>\n<p>&nbsp;<\/p>\n<p>&nbsp;<\/p>\n<div id=\"yandex_rtb_R-A-263322-20\">\n<div class=\"dd6801bea\"><\/div>\n<\/div>\n","protected":false},"excerpt":{"rendered":"<p>Korespondent novin Time a autor knihy \u201eShowman\u201c o Zelensk\u00e9m, Simon Shuster, \u0159ekl, \u017ee je\u0161t\u011b p\u0159ed&#8230;<\/p>\n","protected":false},"author":2,"featured_media":32027,"comment_status":"closed","ping_status":"closed","sticky":false,"template":"","format":"standard","meta":[],"categories":[7],"tags":[6708,1275,365,1000],"_links":{"self":[{"href":"https:\/\/www.infokuryr.cz\/n\/wp-json\/wp\/v2\/posts\/45644"}],"collection":[{"href":"https:\/\/www.infokuryr.cz\/n\/wp-json\/wp\/v2\/posts"}],"about":[{"href":"https:\/\/www.infokuryr.cz\/n\/wp-json\/wp\/v2\/types\/post"}],"author":[{"embeddable":true,"href":"https:\/\/www.infokuryr.cz\/n\/wp-json\/wp\/v2\/users\/2"}],"replies":[{"embeddable":true,"href":"https:\/\/www.infokuryr.cz\/n\/wp-json\/wp\/v2\/comments?post=45644"}],"version-history":[{"count":0,"href":"https:\/\/www.infokuryr.cz\/n\/wp-json\/wp\/v2\/posts\/45644\/revisions"}],"wp:featuredmedia":[{"embeddable":true,"href":"https:\/\/www.infokuryr.cz\/n\/wp-json\/wp\/v2\/media\/32027"}],"wp:attachment":[{"href":"https:\/\/www.infokuryr.cz\/n\/wp-json\/wp\/v2\/media?parent=45644"}],"wp:term":[{"taxonomy":"category","embeddable":true,"href":"https:\/\/www.infokuryr.cz\/n\/wp-json\/wp\/v2\/categories?post=45644"},{"taxonomy":"post_tag","embeddable":true,"href":"https:\/\/www.infokuryr.cz\/n\/wp-json\/wp\/v2\/tags?post=45644"}],"curies":[{"name":"wp","href":"https:\/\/api.w.org\/{rel}","templated":true}]}}