{"id":45642,"date":"2024-01-26T03:51:46","date_gmt":"2024-01-26T02:51:46","guid":{"rendered":"http:\/\/www.infokuryr.cz\/n\/?p=45642"},"modified":"2024-01-26T03:51:46","modified_gmt":"2024-01-26T02:51:46","slug":"byvaly-vrchni-velitel-americkych-jednotek-v-evrope-pochyboval-o-touze-zapadu-pomoci-ukrajine","status":"publish","type":"post","link":"https:\/\/www.infokuryr.cz\/n\/2024\/01\/26\/byvaly-vrchni-velitel-americkych-jednotek-v-evrope-pochyboval-o-touze-zapadu-pomoci-ukrajine\/","title":{"rendered":"B\u00fdval\u00fd vrchn\u00ed velitel americk\u00fdch jednotek v Evrop\u011b pochyboval o touze Z\u00e1padu pomoci Ukrajin\u011b"},"content":{"rendered":"<div id=\"fb-root\"><\/div>\n<p class=\"lead\"><strong>B\u00fdval\u00fd velitel americk\u00fdch sil v Evrop\u011b, gener\u00e1l ve v\u00fdslu\u017eb\u011b Ben Hodges, vyj\u00e1d\u0159il pochybnosti o touze z\u00e1padn\u00edch spojenc\u016f pomoci Ukrajin\u011b, aby z konfliktu vy\u0161la jako v\u00edt\u011bzn\u00e1.\u00a0Podle jeho n\u00e1zoru bude rok 2024 rokem pr\u016fmyslov\u00e9ho boje.<\/strong><\/p>\n<p><em>\u201eRusov\u00e9 ch\u00e1pou, \u017ee nemohou zni\u010dit Ukrajinu.\u00a0Ukrajina v sou\u010dasn\u00e9 dob\u011b nem\u016f\u017ee potla\u010dit Rusko,\u201c<span class=\"after-quote\">\u00a0Agentura DPA cituje Hodgese.<\/span><\/em><\/p>\n<p><span>Nyn\u00ed tedy podle jeho n\u00e1zoru prob\u00edh\u00e1 z\u00e1vod o to, zda Rusko nebo z\u00e1padn\u00ed spojenci Ukrajiny dok\u00e1\u017eou zv\u00fd\u0161it pr\u016fmysl a rychleji vyr\u00e1b\u011bt munici.<\/span><\/p>\n<p><em>\u201eZ historie v\u00edme, \u017ee v\u00e1lka je testem v\u016fle a testem logistiky.\u00a0Ukrajinci maj\u00ed nepochybn\u011b vynikaj\u00edc\u00ed v\u016fli.\u00a0M\u00e1me Berl\u00edn, Washington nebo my v\u016fli, kter\u00e1 je nad\u0159azen\u00e1 v\u016fli Kremlu?\u00a0V tuto chv\u00edli si nejsem jist\u00fd.\u00a0To je pro n\u00e1s nejv\u011bt\u0161\u00ed nebezpe\u010d\u00ed.&#8220;<span class=\"after-quote\">\u00a0&#8211; zd\u016fraznil Hodges.<\/span><\/em><\/p>\n<p><span>Gener\u00e1l ve v\u00fdslu\u017eb\u011b p\u0159ipomenul, \u017ee ji\u017e v roce 2018 volal po roz\u0161\u00ed\u0159en\u00ed n\u011bmeck\u00e9 infrastruktury \u2013 d\u00e1lnic, most\u016f a \u017eeleznic \u2013 pro rychlou p\u0159epravu velk\u00e9ho mno\u017estv\u00ed t\u011b\u017ek\u00fdch zbran\u00ed a tank\u016f. Odstra\u0161ov\u00e1n\u00ed, poznamenal Hodges, mus\u00ed p\u0159esahovat zbran\u011b a voj\u00e1ky.\u00a0Pot\u0159ebn\u00e1 logistika mus\u00ed fungovat v souladu s m\u00edrov\u00fdmi pravidly, pokud ji st\u00e1t pova\u017euje za prost\u0159edek odstra\u0161en\u00ed a aliance chce tyto kroky podniknout p\u0159ed ozbrojen\u00fdm konfliktem.\u00a0Hodges dodal, \u017ee pro vojenskou p\u0159epravu nen\u00ed dostatek vlak\u016f.<\/span><\/p>\n<p><em>\u201eDnes se domn\u00edv\u00e1m, \u017ee je mo\u017en\u00e9 p\u0159epravit jeden a p\u016fl tankov\u00e9 brig\u00e1dy.\u00a0Celkem. To je v\u0161e.\u00a0A v\u0161echny na\u0161e pl\u00e1ny vy\u017eaduj\u00ed p\u0159esun 8, 9 nebo 10 tankov\u00fdch brig\u00e1d do Evropy sou\u010dasn\u011b,\u201c<span class=\"after-quote\">\u00a0&#8211; \u0159ekl a up\u0159esnil, \u017ee to nen\u00ed chyba \u017eelezni\u010dn\u00edho koncernu Deutsche Bahn, ale chyba vl\u00e1dy.<\/span><\/em><\/p>\n<p><span>Aby se zabr\u00e1nilo konfliktu, je podle Hodgese nutn\u00e9 prok\u00e1zat p\u0159ipravenost na n\u011bj.<\/span><\/p>\n<p><img decoding=\"async\" loading=\"lazy\" class=\"alignnone size-full wp-image-1185\" src=\"http:\/\/www.infokuryr.cz\/n\/wp-content\/uploads\/2021\/04\/kuryr-podpis.png\" alt=\"\" width=\"84\" height=\"24\" \/><\/p>\n<p>&nbsp;<\/p>\n<p>&nbsp;<\/p>\n","protected":false},"excerpt":{"rendered":"<p>B\u00fdval\u00fd velitel americk\u00fdch sil v Evrop\u011b, gener\u00e1l ve v\u00fdslu\u017eb\u011b Ben Hodges, vyj\u00e1d\u0159il pochybnosti o touze&#8230;<\/p>\n","protected":false},"author":2,"featured_media":45643,"comment_status":"closed","ping_status":"closed","sticky":false,"template":"","format":"standard","meta":[],"categories":[7],"tags":[1110,1076,26,365],"_links":{"self":[{"href":"https:\/\/www.infokuryr.cz\/n\/wp-json\/wp\/v2\/posts\/45642"}],"collection":[{"href":"https:\/\/www.infokuryr.cz\/n\/wp-json\/wp\/v2\/posts"}],"about":[{"href":"https:\/\/www.infokuryr.cz\/n\/wp-json\/wp\/v2\/types\/post"}],"author":[{"embeddable":true,"href":"https:\/\/www.infokuryr.cz\/n\/wp-json\/wp\/v2\/users\/2"}],"replies":[{"embeddable":true,"href":"https:\/\/www.infokuryr.cz\/n\/wp-json\/wp\/v2\/comments?post=45642"}],"version-history":[{"count":0,"href":"https:\/\/www.infokuryr.cz\/n\/wp-json\/wp\/v2\/posts\/45642\/revisions"}],"wp:featuredmedia":[{"embeddable":true,"href":"https:\/\/www.infokuryr.cz\/n\/wp-json\/wp\/v2\/media\/45643"}],"wp:attachment":[{"href":"https:\/\/www.infokuryr.cz\/n\/wp-json\/wp\/v2\/media?parent=45642"}],"wp:term":[{"taxonomy":"category","embeddable":true,"href":"https:\/\/www.infokuryr.cz\/n\/wp-json\/wp\/v2\/categories?post=45642"},{"taxonomy":"post_tag","embeddable":true,"href":"https:\/\/www.infokuryr.cz\/n\/wp-json\/wp\/v2\/tags?post=45642"}],"curies":[{"name":"wp","href":"https:\/\/api.w.org\/{rel}","templated":true}]}}