{"id":45640,"date":"2024-01-26T03:47:02","date_gmt":"2024-01-26T02:47:02","guid":{"rendered":"http:\/\/www.infokuryr.cz\/n\/?p=45640"},"modified":"2024-01-26T03:47:02","modified_gmt":"2024-01-26T02:47:02","slug":"hraje-se-v-kyjeve-fotbal-robert-fico-se-dostal-do-bizarniho-sporu-s-novinarem","status":"publish","type":"post","link":"https:\/\/www.infokuryr.cz\/n\/2024\/01\/26\/hraje-se-v-kyjeve-fotbal-robert-fico-se-dostal-do-bizarniho-sporu-s-novinarem\/","title":{"rendered":"Hraje se v Kyjev\u011b fotbal? Robert Fico se dostal do bizarn\u00edho sporu s novin\u00e1\u0159em&#8230;"},"content":{"rendered":"<div id=\"fb-root\"><\/div>\n<h4>Hraje se v Kyjev\u011b fotbal? Robert Fico se dostal do bizarn\u00edho sporu s novin\u00e1\u0159em, kter\u00fd uv\u011b\u0159il dezinformac\u00edm o \u00fadajn\u00e9 v\u00e1lce v Kyjev\u011b, kde se mezit\u00edm hraj\u00ed fotbalov\u00e9 z\u00e1pasy a dokonce i koncerty slovensk\u00fdch kapel! V Kyjev\u011b \u017e\u00e1dn\u00e1 v\u00e1lka nen\u00ed, zmrazil Fico novin\u00e1\u0159e, zat\u00edmco \u010desk\u00fd soud v Praze znovu osvobodil \u010deskou u\u010ditelku za v\u00fdroky, \u017ee v Kyjev\u011b v\u00e1lka nen\u00ed!<\/h4>\n<p>P\u0159ed n\u011bkolika dny m\u011bla slovensk\u00e1 vl\u00e1da Roberta Fica v\u00fdjezdn\u00ed zased\u00e1n\u00ed v Kamenici nad Cirochou a po zased\u00e1n\u00ed se konala tiskov\u00e1 konference\u00a0<strong>[<a href=\"https:\/\/href.li\/?https:\/\/www.youtube.com\/watch?v=Xyu3dAtrnPo\" target=\"_blank\" rel=\"nofollow noopener\">1<\/a>]<\/strong>. Bylo to je\u0161t\u011b p\u0159ed n\u00e1v\u0161t\u011bvou Roberta Fica v U\u017ehorodu na Ukrajin\u011b a b\u011bhem tiskov\u00e9 konference se jeden z novin\u00e1\u0159\u016f ptal, pro\u010d Robert Fico nejede do Kyjeva, ale jenom kousek za hranice do U\u017ehorodu. Slovensk\u00fd premi\u00e9r se novin\u00e1\u0159e zeptal, jestli byl n\u011bkdy v Kyjev\u011b, a ten \u0159ekl, \u017ee nebyl.<\/p>\n<p>Fico na to reagoval pokusem o vtip, kdy\u017e se zeptal Erika Kali\u0148\u00e1ka na to, jestli se hraje fotbalov\u00e1 liga na Ukrajin\u011b. Erik na to reagoval slovy, \u017ee ukrajinskou ligu nesleduje, tak\u017ee nev\u00ed, ale ten dotaz byl my\u0161len ironicky, proto\u017ee\u00a0<strong>v Kyjev\u011b se norm\u00e1ln\u011b hraj\u00ed z\u00e1pasy ukrajinsk\u00e9 ligy, co\u017e potvrzuj\u00ed pravideln\u00e9 rozpisy [<a href=\"https:\/\/href.li\/?https:\/\/fcdynamo.com\/en\" target=\"_blank\" rel=\"nofollow noopener\">2<\/a>] ukrajinsk\u00e9 Premier League a p\u0159\u00e1telsk\u00fdch z\u00e1pas\u016f<\/strong>, kter\u00e9 se hr\u00e1li a hraj\u00ed p\u0159\u00edmo v Kyjev\u011b na mamut\u00edm olympijsk\u00e9m stadionu Valerie Lobanovsk\u00e9ho z roku 1980 pro 70 000 div\u00e1k\u016f, kter\u00fd je domovsk\u00fdm stadionem Dynama Kyjev. A to nen\u00ed v\u0161echno.<\/p>\n<p>&nbsp;<\/p>\n<div id=\"rumble_v46p8lh\">\n<div id=\"vid_v46p8lh\" class=\"rumble_v46p8lh-Rumble-cls\" tabindex=\"-1\">\n<div class=\"bigPlayUI ctp\"><div class='videoWrapper'>\r\n\t            <iframe src='https:\/\/rumble.com\/embed\/pj.v46p8lh\/' frameborder='0' allowfullscreen><\/iframe>\r\n\t        <\/div><\/p>\n<div class=\"bigPlayUIInner ctp\"><\/div>\n<\/div>\n<\/div>\n<\/div>\n<p>&nbsp;<\/p>\n<p>Ukrajinsk\u00e1 st\u00e1tn\u00ed agentura na podporu cestovn\u00edho ruchu spustila webovou str\u00e1nku\u00a0<strong>[<a href=\"https:\/\/href.li\/?https:\/\/visitukraine.today\/tours\/search?interest=city-tours\" target=\"_blank\" rel=\"nofollow noopener\">3<\/a>]<\/strong>, kter\u00e1 podporuje turisty z domova i ze sv\u011bta k n\u00e1v\u0161t\u011bv\u011b tzv. \u201cbezpe\u010dn\u00fdch\u201d m\u011bst na Ukrajin\u011b, kde je norm\u00e1ln\u00ed \u017eivot a cizinci v nich mohou utr\u00e1cet sv\u00e9 pen\u00edze bez obav z v\u00e1lky. H\u00e1dejte, jak\u00e9 m\u011bsto, krom\u011b jin\u00fdch, je v nab\u00eddce?\u00a0<strong>Za pouh\u00fdch 224 EUR si m\u016f\u017eete koupit prohl\u00eddku Kyjeva s pr\u016fvodcem po m\u00edstn\u00edch pam\u00e1tk\u00e1ch. A pokud by v\u00e1m to bylo m\u00e1lo, tak za dal\u0161\u00edch 119 EUR v\u00e1s pr\u016fvodce vezme okolo cel\u00e9ho Kyjeva po pam\u00e1tk\u00e1ch v bl\u00edzk\u00e9m okol\u00ed Kyjeva.<\/strong><\/p>\n<p>Projekt na podporu cestovn\u00edho ruchu podporuje ukrajinsk\u00e1 vl\u00e1da skrze ve\u0159ejnopr\u00e1vn\u00ed program Visit Ukraine. C\u00edlem projektu je podpora cestovn\u00edho ruchu na Ukrajin\u011b a v dob\u011b v\u00e1lky se agentura soust\u0159ed\u00ed na p\u0159il\u00e1k\u00e1n\u00ed valutov\u00fdch turist\u016f do tzv. bezpe\u010dn\u00fdch turistick\u00fdch destinac\u00ed. V nab\u00eddce je vedle Kyjeva prakticky cel\u00e1 Ukrajina na z\u00e1padn\u00edm b\u0159ehu Dn\u011bpru, v\u010detn\u011b Od\u011bsy.<\/p>\n<h6><span style=\"font-size: 18pt;\">Leteck\u00e9 poplachy nad Kyjevem jsou jedinou p\u0159ipom\u00ednkou vzd\u00e1len\u00e9 v\u00e1lky na Donbasu<\/span><\/h6>\n<p>Na Ukrajin\u011b na z\u00e1pad od Dn\u011bpru prob\u00edh\u00e1 norm\u00e1ln\u00ed \u017eivot, kter\u00fd nem\u00e1 nic spole\u010dn\u00e9ho s v\u00e1lkou. Jedinou p\u0159ipom\u00ednkou v\u00e1lky jsou ob\u010dasn\u00e9 leteck\u00e9 poplachy, kter\u00e9 Rusk\u00e1 arm\u00e1da oznamuje obvykle 30 minut p\u0159edem ukrajinsk\u00fdm \u00fa\u0159ad\u016fm. Rakety m\u00ed\u0159\u00ed na vojensk\u00e9 instalace a na posledn\u00ed zn\u00e1m\u00e9 ubikace vojensk\u00e9ho person\u00e1lu Ukrajiny, kter\u00fd se ubytov\u00e1v\u00e1 v hotelech a v bytovk\u00e1ch nam\u00edsto kas\u00e1ren, kter\u00e9 jsou prvn\u00edmi ter\u010di \u00fatok\u016f.<\/p>\n<p><strong>Posledn\u00edm takov\u00fdm p\u0159\u00edkladem byl raketov\u00fd \u00fatok na\u00a0<em>Charkov Palace Hotel<\/em>\u00a0p\u0159\u00edmo v centru Charkova, kde byli ubytov\u00e1ni voj\u00e1ci AFU a des\u00edtky vojensk\u00fdch poradc\u016f NATO z N\u011bmecka, Francie, Velk\u00e9 Brit\u00e1nie a z USA.<\/strong>\u00a0Snaha ukrajinsk\u00e9 arm\u00e1dy ubytov\u00e1vat sv\u00e9 voj\u00e1ky tajn\u011b mimo vojensk\u00e9 kas\u00e1rny je logick\u00e1, ale vede potom k rusk\u00fdm \u00fatok\u016fm na tyto civiln\u00ed objekty. Ukrajinci toti\u017e nev\u00e1l\u010d\u00ed podle pravidel mezin\u00e1rodn\u00edho pr\u00e1va a umis\u0165uj\u00ed voj\u00e1ky do civiln\u00edch budov spolu s ostatn\u00edmi civilisty.<\/p>\n<figure id=\"attachment_58203\" class=\"wp-caption aligncenter\" style=\"width: 678px;\"><a href=\"https:\/\/aeronet.news\/wp-content\/uploads\/CharkovPalace.jpg\"><img decoding=\"async\" loading=\"lazy\" class=\"wp-image-58203 \" src=\"https:\/\/aeronet.news\/wp-content\/uploads\/CharkovPalace.jpg\" sizes=\"(max-width: 704px) 100vw, 704px\" srcset=\"https:\/\/aeronet.news\/wp-content\/uploads\/CharkovPalace.jpg 704w, https:\/\/aeronet.news\/wp-content\/uploads\/CharkovPalace-225x300.jpg 225w, https:\/\/aeronet.news\/wp-content\/uploads\/CharkovPalace-700x935.jpg 700w, https:\/\/aeronet.news\/wp-content\/uploads\/CharkovPalace-267x357.jpg 267w, https:\/\/aeronet.news\/wp-content\/uploads\/CharkovPalace-362x483.jpg 362w\" alt=\"\" width=\"678\" height=\"905\" \/><\/a><figcaption class=\"wp-caption-text\">N\u00e1sledky \u00fatoku rusk\u00e9 rakety na hotel Charkov Palace, ve kter\u00e9m byli ubytov\u00e1ni ukrajin\u0161t\u00ed voj\u00e1ci a poradci NATO<\/figcaption><\/figure>\n<p>Prost\u011b objekty jako jsou pr\u00e1v\u011b hotely, ale tak\u00e9 \u0161koly v dob\u011b t\u0159eba letn\u00edch pr\u00e1zdnin, kdy \u0161koly i minul\u00fd rok b\u011bhem l\u00e9ta pou\u017e\u00edvala ukrajinsk\u00e1 arm\u00e1da. P\u0159ed Rusy nelze tato tajn\u00e1 ubytov\u00e1n\u00ed voj\u00e1k\u016f v civiln\u00edch objektech utajit, proto\u017ee Rusov\u00e9 maj\u00ed na Ukrajin\u011b miliony inform\u00e1tor\u016f, kte\u0159\u00ed pohotov\u011b informuj\u00ed rusk\u00e9 \u00fa\u0159ady o pohybu ukrajinsk\u00fdch vojsk a o p\u0159esunech AFU.<\/p>\n<p>Kdy\u017e se n\u011bkde ubytuj\u00ed voj\u00e1ci AFU, rusk\u00fd gener\u00e1ln\u00ed \u0161t\u00e1b o tom dostane informace obvykle do 120 minut. Takovou rychlost\u00ed funguje v\u00e1le\u010dn\u00e9 zpravodajstv\u00ed na Ukrajin\u011b. Pokud se tedy neubytujete v Kyjev\u011b v hotelu nebo ve \u0161kole spolu s ukrajinsk\u00fdmi voj\u00e1ky, tak v\u00e1m nic nehroz\u00ed a bez obav m\u016f\u017eete Kyjev nejen nav\u0161t\u00edvit, ale t\u0159eba tam i bydlet anebo uspo\u0159\u00e1dat liber\u00e1ln\u00ed a slun\u00ed\u010dkov\u00fd koncert.<\/p>\n<h6><span style=\"font-size: 18pt;\">Michael Koc\u00e1b vyjede se slovensk\u00fdm festivalem Pohoda do Kyjeva na koncert<\/span><\/h6>\n<p>Tento v\u00edkend se toti\u017e bude v Kyjev\u011b konat dvoudenn\u00ed koncert slovensk\u00fdch kapel s n\u00e1zvem\u00a0<em>Pohoda loves Ukraine<\/em>, kter\u00fd moc dob\u0159e znaj\u00ed na Slovensku, proto\u017ee tento liber\u00e1ln\u00ed festival\u00a0<em>Pohoda<\/em>\u00a0se kon\u00e1 ka\u017ed\u00fd rok po\u010d\u00e1tkem \u010dervence na leti\u0161ti v Tren\u010d\u00edn\u011b a tentokr\u00e1t po\u0159adatele napadlo, \u017ee ud\u011blaj\u00ed speci\u00e1ln\u00ed edici festivalu p\u0159\u00edmo v Kyjev\u011b v klubu Atlas. Informaci\u00a0<strong>[<a href=\"https:\/\/href.li\/?https:\/\/www.rtvs.sk\/novinky\/zaujimavosti\/351505\/necakana-sprava-festival-pohoda-bude-v-kyjeve-precedens-pre-hudobnu-europu\" target=\"_blank\" rel=\"nofollow noopener\">4<\/a>]<\/strong>\u00a0o uspo\u0159\u00e1d\u00e1n\u00ed festivalu tak\u0159ka politick\u00e9 p\u00edsn\u011b p\u0159inesla slovensk\u00e1 televize a h\u0159ebem programu bude Michael Koc\u00e1b, kter\u00fd tam bude nejen za\u00a0<em>Pra\u017esk\u00fd v\u00fdb\u011br<\/em>, ale i za\u00a0<em>Pra\u017eskou kav\u00e1rnu<\/em>\u00a0a liber\u00e1ln\u00ed frontu z Prahy.\u00a0<em>Latt\u00e9<\/em>\u00a0k\u00e1vi\u010dky pote\u010dou proudem a bude to r\u016f\u017eov\u00fd. Slovensk\u00e1 RTVS k tomu uvedla:<\/p>\n<p><em>Podujatie s n\u00e1zvom\u00a0<b>Pohoda loves Ukraine sa uskuto\u010dn\u00ed 27. janu\u00e1ra<\/b>\u00a0v kyjevskom klube Atlas.<\/em><\/p>\n<p><em>Organiz\u00e1tori\u00a0<b>informovali<\/b>:<\/em><\/p>\n<p><em>\u201eSlovensko bude reprezentova\u0165 p\u00e4\u0165 skup\u00edn: FVLCRVM, Berlin Manson, Karpatsk\u00e9 chrb\u00e1ty, Fara a Vydrapen\u00e1 bu\u017e\u00edrka Punk Syst\u00e9m. Zahraj\u00fa tie\u017e tri ukrajinsk\u00e9 kapely Stantsiya Mir, Hyphen Dash a Lucas Bird.\u201c<\/em><\/p>\n<p><em>\u0160peci\u00e1lnym hos\u0165om bude\u00a0<b>\u010desk\u00fd hudobn\u00fd skladate\u013e, in\u0161trumentalista, spev\u00e1k, ob\u010diansky aktivista<\/b>\u00a0a politik\u00a0Michael Koc\u00e1b.<\/em><\/p>\n<p><em>V politike sa\u00a0<b>Michael Koc\u00e1b zasl\u00fa\u017eil po roku 1989 o odchod rusk\u00fdch vojsk<\/b>\u00a0z okupovan\u00e9ho \u00fazemia \u010ceska a Slovenska, ktor\u00e9 obsadili rusk\u00e9 vojsk\u00e1 v roku 1968.<\/em><\/p>\n<p>Tak\u017ee o v\u00edkendu se liber\u00e1ln\u00ed muzikanti p\u0159esunou ke koncertov\u00e1n\u00ed do centra Kyjeva a budou \u0161\u00ed\u0159it slun\u00ed\u010dkov\u00e9 a pokrokov\u00e9 hodnoty ve stylu\u00a0<em>Festivalu politick\u00e9 p\u00edsn\u011b Sokolov<\/em>, jenom v obr\u00e1cen\u00e9m gardu a s opa\u010dn\u00fdm polariza\u010dn\u00edm znam\u00e9nkem, tedy ne p\u00edsn\u00ed proti prohnil\u00e9mu z\u00e1padu, ale p\u00edsn\u00ed proti tzv. zlu na v\u00fdchod\u011b. A to nen\u00ed v\u0161echno. Na YouTube si ka\u017ed\u00fd m\u016f\u017ee ov\u011b\u0159it, \u017ee v Kyjev\u011b opravdu \u017e\u00e1dn\u00e1 v\u00e1lka nen\u00ed a nic tam v\u00e1lku nep\u0159ipom\u00edn\u00e1, s v\u00fdjimkou ob\u010dasn\u00fdch leteck\u00fdch poplach\u016f a tak\u00e9 s v\u00fdjevy sc\u00e9n, kdy odvodn\u00ed komisa\u0159i chytaj\u00ed po ulic\u00edch ukrajinsk\u00e9 mu\u017ee, kte\u0159\u00ed se necht\u011bj\u00ed st\u00e1t \u0159idi\u010di Leopard\u016f, ani piloty F-16, ani hrdinn\u00fdmi voj\u00e1ky, kte\u0159\u00ed p\u016fjdou vyhnat Rusy z Krymu a z Donbasu.<\/p>\n<h6><span style=\"font-size: 18pt;\">Kde se vzala dezinforma\u010dn\u00ed historka o prob\u00edhaj\u00edc\u00ed v\u00e1lce v Kyjev\u011b?<\/span><\/h6>\n<p>Nezn\u00e1mo pro\u010d se tito lid\u00e9 odvodu vyh\u00fdbaj\u00ed a necht\u011bj\u00ed se p\u0159ipojit ke sl\u00e1v\u011b stovek tis\u00edc padl\u00fdch Ukrajinc\u016f, kte\u0159\u00ed sv\u00e9 hrdinstv\u00ed ji\u017e prok\u00e1zali a poda\u0159ilo se jim tak svoji mobilizaci p\u0159em\u011bnit na\u00a0<em>mogilizaci<\/em>.\u00a0<strong>Mo\u017en\u00e1 pr\u00e1v\u011b na jejich podporu p\u0159ijedou liber\u00e1ln\u00ed a pokrokov\u00ed p\u00edsni\u010dk\u00e1\u0159i z Pohody zahr\u00e1t sv\u00fdm soudruh\u016fm do Kyjeva, aby se inspirovali M\u00ed\u0161ou Koc\u00e1bem<\/strong>, kdy\u017e jemu se poda\u0159ilo \u201cvyhnat\u201d Ruskou arm\u00e1du z \u010ceskoslovenska bez jedin\u00e9ho v\u00fdst\u0159elu.<\/p>\n<p>Tato legenda nesm\u00ed b\u00fdt zapomenuta, a proto p\u0159ijede Ukrajinc\u016fm promluvit do du\u0161e, aby se vzchopili. Douf\u00e1m, \u017ee jste pochopili moji ironii a sarkasmus, proto\u017ee ka\u017ed\u00e9mu je jasn\u00e9, \u017ee v Kyjev\u011b v\u00e1lka nen\u00ed a ob\u010dasn\u00e9 leteck\u00e9 poplachy prost\u011b za v\u00e1lku nelze pova\u017eovat, snad pouze za jej\u00ed p\u0159ipom\u00ednku, \u017ee v\u00e1lka na Ukrajin\u011b st\u00e1le je, tam daleko za Dn\u011bprem, tam na Donbasu, v Z\u00e1poro\u017e\u00ed a v Chersonu.<\/p>\n<figure id=\"attachment_58404\" class=\"wp-caption aligncenter\" style=\"width: 698px;\"><a href=\"https:\/\/aeronet.news\/wp-content\/uploads\/MichaelKocabCSSR.jpg\"><img decoding=\"async\" loading=\"lazy\" class=\"wp-image-58404 \" src=\"https:\/\/aeronet.news\/wp-content\/uploads\/MichaelKocabCSSR-1024x576.jpg\" sizes=\"(max-width: 700px) 100vw, 700px\" srcset=\"https:\/\/aeronet.news\/wp-content\/uploads\/MichaelKocabCSSR-1024x576.jpg 1024w, https:\/\/aeronet.news\/wp-content\/uploads\/MichaelKocabCSSR-300x169.jpg 300w, https:\/\/aeronet.news\/wp-content\/uploads\/MichaelKocabCSSR-768x432.jpg 768w, https:\/\/aeronet.news\/wp-content\/uploads\/MichaelKocabCSSR-700x394.jpg 700w, https:\/\/aeronet.news\/wp-content\/uploads\/MichaelKocabCSSR-635x357.jpg 635w, https:\/\/aeronet.news\/wp-content\/uploads\/MichaelKocabCSSR-859x483.jpg 859w, https:\/\/aeronet.news\/wp-content\/uploads\/MichaelKocabCSSR.jpg 1280w\" alt=\"\" width=\"698\" height=\"393\" \/><\/a><figcaption class=\"wp-caption-text\">Michael Koc\u00e1b pojede na koncert do Kyjeva<\/figcaption><\/figure>\n<p>A tak tomu bylo v\u017edy. Rusk\u00e1 arm\u00e1da za celou dobu SVO nevstoupila do Kyjeva, ale p\u0159esto se u\u017e dva roky v \u010desk\u00fdch m\u00e9di\u00edch tvrd\u00ed, \u017ee v Kyjev\u011b je jak\u00e1si v\u00e1lka, kter\u00e1 tam nikdy doopravdy nedorazila a funguje tam st\u00e1le norm\u00e1ln\u00ed \u017eivot, prob\u00edhaj\u00ed tam ligov\u00e9 z\u00e1pasy, lid\u00e9 norm\u00e1ln\u011b chod\u00ed po ulic\u00edch, nikdy nejsou \u017e\u00e1dn\u00e1 zn\u00e1mky st\u0159elby, v\u00fdbuch\u016f, exploz\u00ed, boje v ulic\u00edch, minometn\u00e1 palba, nikde nic neho\u0159\u00ed.<\/p>\n<p>Rusov\u00e9 se nejbl\u00ed\u017ee p\u0159ibl\u00ed\u017eili Kyjevu ve chv\u00edli, kdy ru\u0161t\u00ed v\u00fdsadk\u00e1\u0159i na za\u010d\u00e1tku SVO obsadili leti\u0161t\u011b konstruk\u010dn\u00ed kancel\u00e1\u0159e Antonov v Hostomelu na okraji Kyjeva, ale po zhruba m\u011bs\u00edci se Rusov\u00e9 z leti\u0161t\u011b st\u00e1hli 1. dubna 2022 v r\u00e1mci m\u00edrov\u00e9ho gesta v\u016f\u010di Ukrajinc\u016fm po skon\u010den\u00ed m\u00edrov\u00fdch rozhovor\u016f v Istanbulu koncem b\u0159ezna 2022. Na n\u00e1tlak Lond\u00fdna v\u0161ak Kyjev nakonec m\u00edrovou dohodu s Ruskem odm\u00edtl a v\u00fdsledkem je dnes Ukrajina na pokraji vojensk\u00e9ho, ekonomick\u00e9ho a soci\u00e1ln\u00edho kolapsu. V samotn\u00e9m Kyjev\u011b v\u0161ak v\u00e1lka na\u0161t\u011bst\u00ed nebyla. To jsou fakta. Tedy pokud se v\u00e1lkou mysl\u00ed v\u00e1lka, tedy boje v ulic\u00edch m\u011bsta, ne popla\u0161n\u00e9 leteck\u00e9 sir\u00e9ny.<\/p>\n<h6><span style=\"font-size: 18pt;\">VIDEO: \u010cesk\u00e1 u\u010ditelka byla ji\u017e podruh\u00e9 osvobozena za informace o \u017eivotu v Kyjev\u011b, ale st\u00e1tn\u00ed z\u00e1stupce se znovu odvolal<\/span><\/h6>\n<p>V \u010cesk\u00e9 republice byla v dubnu 2022 zah\u00e1jena \u010desk\u00e1 u\u010ditelka Martina Bedn\u00e1\u0159ov\u00e1, kter\u00e1 v hodin\u011b \u010desk\u00e9ho jazyka prohl\u00e1sila, \u017ee v Kyjev\u011b \u017e\u00e1dn\u00e1 v\u00e1lka nen\u00ed a je tam norm\u00e1ln\u00ed \u017eivot. St\u00e1tn\u00ed zastupitelstv\u00ed j\u00ed zah\u00e1jilo a obvinilo z pop\u00edr\u00e1n\u00ed genocidy, co\u017e je v \u010cR univerz\u00e1ln\u00ed gumov\u00fd paragraf pou\u017eiteln\u00fd prakticky na cokoli a kohokoliv, p\u0159esto\u017ee genocida nen\u00ed uplatniteln\u00e1 na \u017e\u00e1dn\u00fd v\u00e1le\u010dn\u00fd konflikt\u00a0<em>per se<\/em>, ale pouze\u00a0<em>per causa<\/em>, v dolo\u017eiteln\u00e9m a mezin\u00e1rodn\u011b uznateln\u00e9m p\u0159\u00edpad\u011b, co\u017e\u00a0<strong>v p\u0159\u00edpad\u011b Ukrajiny zat\u00edm nenastalo, co\u017e minul\u00fd rok v z\u00e1\u0159\u00ed potvrdila [<a href=\"https:\/\/href.li\/?https:\/\/news.yahoo.com\/un-commission-not-found-sufficient-171500785.html\" target=\"_blank\" rel=\"nofollow noopener\">5<\/a>] i vy\u0161et\u0159ovac\u00ed komise OSN.<\/strong>\u00a0\u017d\u00e1dn\u00fd mezin\u00e1rodn\u00ed org\u00e1n zat\u00edm neuznal, \u017ee by se na Ukrajin\u011b p\u00e1chala genocida.<\/p>\n<p>&nbsp;<\/p>\n<div id=\"rumble_v46pagi\">\n<div id=\"vid_v46pagi\" class=\"rumble_v46pagi-Rumble-cls\" tabindex=\"-1\">\n<div class=\"bigPlayUI ctp\"><div class='videoWrapper'>\r\n\t            <iframe src='https:\/\/rumble.com\/embed\/pj.v46pagi\/' frameborder='0' allowfullscreen><\/iframe>\r\n\t        <\/div><\/p>\n<div class=\"bigPlayUIInner ctp\"><\/div>\n<\/div>\n<\/div>\n<\/div>\n<p>&nbsp;<\/p>\n<p>To v\u0161ak nebr\u00e1n\u00ed st\u00e1tn\u00edmu zastupitelstv\u00ed v \u010cR, aby obvinilo u\u010ditelku z pop\u00edr\u00e1n\u00ed genocidy, proto\u017ee u\u010ditelku nato\u010dil a na video nahr\u00e1l jeden ze student\u016f, shodou okolnost\u00ed pr\u00fd synek jednoho zn\u00e1m\u00e9ho \u010desk\u00e9ho novin\u00e1\u0159e.\u00a0<strong>U\u010ditelka byla ve st\u0159edu soudem v Praze ji\u017e podruh\u00e9 osvobozena [<a href=\"https:\/\/href.li\/?https:\/\/echo24.cz\/a\/HRiK3\/zpravy-domaci-soud-opet-nepravomocne-osvobodil-ucitelku-vinenou-z-popirani-valecnych-zlocinu\" target=\"_blank\" rel=\"nofollow noopener\">6<\/a>], \u017ee trestn\u00fd \u010din se nestal a u\u010ditelka jen pron\u00e1\u0161ela sv\u016fj n\u00e1zor garantovan\u00fd \u00fastavou.<\/strong>\u00a0Odvolac\u00ed soud ale u\u017e p\u0159edt\u00edm nam\u00edtl, \u017ee na u\u010ditelku se mus\u00ed pohl\u00ed\u017eet p\u0159\u00edsn\u011bji podle jak\u00e9hosi evropsk\u00e9ho judik\u00e1tu, proto\u017ee je u\u010ditelka a jej\u00ed soukrom\u00fd n\u00e1zor m\u00e1 autoritativn\u00ed s\u00edlu. Pra\u017esk\u00fd soud ale ve st\u0159edu trval na sv\u00e9m a znovu u\u010ditelku osvobodil, p\u0159i\u010dem\u017e st\u00e1tn\u00ed z\u00e1stupce se znovu odvolal. Pro\u010d? Proto\u017ee rozkaz zjevn\u011b zn\u011bl jasn\u011b: Bedn\u00e1\u0159ov\u00e1 mus\u00ed b\u00fdt odsouzena jako odstra\u0161uj\u00edc\u00ed p\u0159\u00edpad pro dal\u0161\u00ed p\u0159\u00edpadn\u00e9 \u201cdezol\u00e1ty\u201d a protivl\u00e1dn\u00ed \u017eivly. A soudkyn\u011b to jaksi blokuje.<\/p>\n<h6><span style=\"font-size: 18pt;\">Odv\u00e1\u017en\u00e1 soudkyn\u011b docela riskuje, proto\u017ee sv\u00fdmi rozsudky jde proti Fialovu re\u017eimu v \u010cR<\/span><\/h6>\n<p>V Kyjev\u011b v\u00e1lka na\u0161t\u011bst\u00ed nebyla, nikdy se tam v ulic\u00edch nest\u0159\u00edlelo mezi ukrajinsk\u00fdmi a rusk\u00fdmi voj\u00e1ky, nikdy se tam nebojovalo v ulic\u00edch, pouze tam \u010das od \u010dasu zn\u011bj\u00ed leteck\u00e9 poplachy a n\u011bkdy dojde v d\u016fsledku sest\u0159elu rakety k dopadu trosek do ulic m\u011bsta. Ano, ty trosky mohou n\u011bkdy n\u011bkoho zab\u00edt, ale nen\u00ed to v\u00e1lka v Kyjev\u011b, proto\u017ee v Kyjev\u011b je norm\u00e1ln\u00ed \u017eivot, viz. \u010derstv\u00e9 video n\u00ed\u017ee. P\u0159esto v\u0161ak je u\u010ditelka Martina Bedn\u00e1\u0159ov\u00e1 tahan\u00e1 po soudech a neust\u00e1le ji novin\u00e1\u0159i zasyp\u00e1vaj\u00ed dezinformacemi o tom, \u017ee v Kyjev\u011b je v\u00e1lka, co\u017e je demagogie a propaganda. Skute\u010dn\u00e1 v\u00e1lka do Kyjeva na\u0161t\u011bst\u00ed nedorazila.<\/p>\n<p><iframe loading=\"lazy\" title=\"Kyiv Ukraine at night. Walking tour december 2023\" src=\"https:\/\/www.youtube.com\/embed\/FzNHvnE7NRU?feature=oembed\" width=\"100%\" height=\"394\" frameborder=\"0\" allowfullscreen=\"allowfullscreen\" data-mce-fragment=\"1\"><\/iframe><\/p>\n<p>Pr\u00e1v\u011b proto jezd\u00ed politici z cel\u00e9 EU do Kyjeva na st\u00e1tn\u00ed n\u00e1v\u0161t\u011bvy, jako by se nechumelilo, proto v Kyjev\u011b norm\u00e1ln\u011b prob\u00edh\u00e1 nejvy\u0161\u0161\u00ed ukrajinsk\u00e1 fotbalov\u00e1 liga, proto tam jezd\u00ed sloven\u0161t\u00ed muzikanti na koncerty do m\u00edstn\u00edch klub\u016f, proto\u017ee v Kyjev\u011b je norm\u00e1ln\u00ed \u017eivot, kter\u00fd v\u00e1lku, a\u017e na ob\u010dasn\u00e9 sir\u00e9ny, v ni\u010dem nep\u0159ipom\u00edn\u00e1. Pokud chcete vid\u011bt, jak vypadal v\u00e1no\u010dn\u00ed Kyjev na\u017eivo v prosinci p\u0159\u00edmo v ulic\u00edch, v\u00fd\u0161e m\u00e1te video.<\/p>\n<p>A v\u00ed to samoz\u0159ejm\u011b i soudkyn\u011b Kl\u00e1ra Janto\u0161ov\u00e1, kter\u00e1 i podruh\u00e9 u\u010ditelku Bedn\u00e1\u0159ovou osvobodila, proto\u017ee soudkyn\u011b v\u00ed, \u017ee u\u010ditelka se dopustila jedin\u00e9 v\u011bci \u2013 d\u011btem \u0159ekla fakta!\u00a0<strong>A to je ve Fialov\u011b re\u017eimu zlo\u010din, t\u011b\u017e\u0161\u00ed zlo\u010din, ne\u017e je pokus o vra\u017edu [<a href=\"https:\/\/aeronet.news\/cechovi-za-slovni-vyhruzku-ukrajincum-15-mesicu-natvrdo-ale-dvema-ukrajincum-za-rozbiti-lebky-ceskeho-zakaznika-taxikare-jen-zkusebni-doba-a-zruseni-trestniho-stihani-poskozenemu-pry-uhradi\/\">7<\/a>] \u010desk\u00e9ho z\u00e1kazn\u00edka tax\u00edku, kter\u00e9ho do hlavy skopala dvojice ukrajinsk\u00fdch gauner\u016f.<\/strong>\u00a0Ti byli obvin\u011bn\u00ed zbaveni a dostali zku\u0161ebn\u00ed dobu, zat\u00edmco u\u010ditelka je za sv\u016fj v\u00fdrok tahan\u00e1 po soudech. Tak\u017ee, jak\u00e1 je realita? Kdy\u017e Robert Fico na tiskovce pop\u0159e, \u017ee by v Kyjev\u011b byla v\u00e1lka, tak je to n\u00e1zor politika. Kdy\u017e to \u0159ekne v \u010cR u\u010ditelka, cht\u011bj\u00ed ji za n\u00e1zor zav\u0159\u00edt a tahaj\u00ed ji po soudech. Pokud m\u00e1t\u011b \u010das, zaje\u010fte si o v\u00edkendu do Kyjeva na festival Pohoda a sami na vlastn\u00ed o\u010di uvid\u00edte, jak\u00e1 je pravda o Kyjevu. Doporu\u010dil bych to i \u010desk\u00e9mu st\u00e1tn\u00edmu z\u00e1stupci, prosp\u011blo by mu to, aby byl konfrontov\u00e1n v Kyjev\u011b s realitou.<\/p>\n<p><a href=\"https:\/\/aeronet.news\/hraje-se-v-kyjeve-fotbal-robert-fico-se-dostal-do-bizarniho-sporu-s-novinarem-ktery-uveril-dezinformacim-o-udajne-valce-v-kyjeve-kde-se-mezitim-hraji-fotbalove-zapasy-a-dokonce-i-koncerty\/\">-VK- \u0160\u00e9fredaktor AE News<\/a><\/p>\n<p><a href=\"https:\/\/stranapro.cz\/\"><img decoding=\"async\" loading=\"lazy\" class=\"wp-image-40286 aligncenter\" src=\"http:\/\/www.infokuryr.cz\/n\/wp-content\/uploads\/2023\/11\/12pro-300x87.png\" alt=\"\" width=\"1066\" height=\"309\" srcset=\"https:\/\/www.infokuryr.cz\/n\/wp-content\/uploads\/2023\/11\/12pro-300x87.png 300w, https:\/\/www.infokuryr.cz\/n\/wp-content\/uploads\/2023\/11\/12pro.png 366w\" sizes=\"(max-width: 1066px) 100vw, 1066px\" \/><\/a><\/p>\n","protected":false},"excerpt":{"rendered":"<p>Hraje se v Kyjev\u011b fotbal? Robert Fico se dostal do bizarn\u00edho sporu s novin\u00e1\u0159em, kter\u00fd&#8230;<\/p>\n","protected":false},"author":2,"featured_media":45641,"comment_status":"closed","ping_status":"closed","sticky":false,"template":"","format":"standard","meta":[],"categories":[6],"tags":[5160,636,221,6707,26,6706],"_links":{"self":[{"href":"https:\/\/www.infokuryr.cz\/n\/wp-json\/wp\/v2\/posts\/45640"}],"collection":[{"href":"https:\/\/www.infokuryr.cz\/n\/wp-json\/wp\/v2\/posts"}],"about":[{"href":"https:\/\/www.infokuryr.cz\/n\/wp-json\/wp\/v2\/types\/post"}],"author":[{"embeddable":true,"href":"https:\/\/www.infokuryr.cz\/n\/wp-json\/wp\/v2\/users\/2"}],"replies":[{"embeddable":true,"href":"https:\/\/www.infokuryr.cz\/n\/wp-json\/wp\/v2\/comments?post=45640"}],"version-history":[{"count":0,"href":"https:\/\/www.infokuryr.cz\/n\/wp-json\/wp\/v2\/posts\/45640\/revisions"}],"wp:featuredmedia":[{"embeddable":true,"href":"https:\/\/www.infokuryr.cz\/n\/wp-json\/wp\/v2\/media\/45641"}],"wp:attachment":[{"href":"https:\/\/www.infokuryr.cz\/n\/wp-json\/wp\/v2\/media?parent=45640"}],"wp:term":[{"taxonomy":"category","embeddable":true,"href":"https:\/\/www.infokuryr.cz\/n\/wp-json\/wp\/v2\/categories?post=45640"},{"taxonomy":"post_tag","embeddable":true,"href":"https:\/\/www.infokuryr.cz\/n\/wp-json\/wp\/v2\/tags?post=45640"}],"curies":[{"name":"wp","href":"https:\/\/api.w.org\/{rel}","templated":true}]}}