{"id":45635,"date":"2024-01-26T02:56:03","date_gmt":"2024-01-26T01:56:03","guid":{"rendered":"http:\/\/www.infokuryr.cz\/n\/?p=45635"},"modified":"2024-01-26T03:05:57","modified_gmt":"2024-01-26T02:05:57","slug":"nedelnik-adama-b-bartose-155-peta-z-bazin","status":"publish","type":"post","link":"https:\/\/www.infokuryr.cz\/n\/2024\/01\/26\/nedelnik-adama-b-bartose-155-peta-z-bazin\/","title":{"rendered":"NED\u011aLN\u00cdK ADAMA B. BARTO\u0160E (155) P\u00c9\u0164A Z B\u00c1\u017dIN"},"content":{"rendered":"<div id=\"fb-root\"><\/div>\n<p>O volb\u00e1ch p\u0159em\u00fd\u0161l\u00edm u\u017e hezk\u00fdch p\u00e1r let \u2013 jak v nich usp\u011bt, zda jsou f\u00e9rov\u00e9, co na voli\u010de plat\u00ed a co naopak ne a tak v\u0161elijak podobn\u011b. Tak stokr\u00e1t jsem uva\u017eoval, zda volby maj\u00ed smysl, zda n\u011bkdy m\u011bly smysl \u010di zda n\u011bkdy smysl m\u00edt budou. Sou\u010dasn\u00e9 snahy vl\u00e1dn\u00ed koalice o koresponden\u010dn\u00ed hlasov\u00e1n\u00ed mne p\u0159im\u011bly, abych o volb\u00e1ch p\u0159em\u00fd\u0161lel po sto prv\u00e9.<span id=\"more-14067\"><\/span><\/p>\n<p>K \u010demu jsem dosp\u011bl? Pokud vl\u00e1dn\u00ed n\u00e1vrh projde a volby v roce 2025 budou spo\u010d\u00edvat na ob\u00e1lk\u00e1ch zaslan\u00fdch odkudsi z ciziny, kde vl\u00e1da p\u0159edt\u00edm rozd\u00e1 ob\u010danstv\u00ed (a tud\u00ed\u017e volebn\u00ed pr\u00e1vo) jak na b\u011b\u017e\u00edc\u00edm p\u00e1su potomk\u016fm \u010desk\u00fdch vyst\u011bhovalc\u016f, zbydou o\u010di pro pl\u00e1\u010d nejen t\u011bm, kte\u0159\u00ed fialovou p\u011btimafii nevolili, ale i t\u011bm, kte\u0159\u00ed pro ni hlasovali. Proto\u017ee i oni \u010dasem seznali, \u017ee jde o nejhor\u0161\u00ed vl\u00e1du v na\u0161\u00ed zemi od roku 1948 a o nejneschopn\u011bj\u0161\u00ed vl\u00e1du v evropsk\u00e9m m\u011b\u0159\u00edtku (H\u0148up je nejm\u00e9n\u011b obl\u00edben\u00fdm premi\u00e9rem ze v\u0161ech evropsk\u00fdch zem\u00ed, jak ned\u00e1vno uk\u00e1zal jeden pr\u016fzkum).<\/p>\n<p>Vlastn\u011b to potvrzuje i vl\u00e1da samotn\u00e1, proto\u017ee pokud se v\u00e1\u017en\u011b zab\u00fdv\u00e1 snahou o vytv\u00e1\u0159en\u00ed voli\u010d\u016f z potomk\u016f ve sv\u011bt\u011b usazen\u00fdch \u010cech\u016f a \u010ce\u0161ek (a\u017e do \u010dtvrt\u00e9ho kolene), pak t\u00edm vlastn\u011b sama p\u0159izn\u00e1v\u00e1, \u017ee si nev\u011b\u0159\u00ed, \u017ee se voleb tak, jak jsme je znali, boj\u00ed, \u017ee m\u00e1 n\u011bjak\u00e9 pr\u016fzkumy, kter\u00e9 si z\u0159ejm\u011b nechala intern\u011b zpracovat a za kter\u00fdch nejsp\u00ed\u0161e vypl\u00fdv\u00e1, \u017ee v roce 2025 nem\u00e1 \u0161anci mand\u00e1t obh\u00e1jit, pokud n\u011bco neud\u011bl\u00e1.<\/p>\n<p>A tak se vl\u00e1da rozhodla n\u011bco ud\u011blat. Kdy\u017e pomohlo fal\u0161ov\u00e1n\u00ed voleb v Americe skrze koresponden\u010dn\u00ed l\u00edstky kandid\u00e1tovi ba\u017einn\u00e9ho deep statu, pro\u010d by nemohlo n\u011bco podobn\u00e9ho fungovat i pro \u010deskou ba\u017einu, \u017ee? Amerika n\u00e1\u0161 vzor. Ameri\u010dt\u00ed p\u00e1n\u00ed\u010dkov\u00e9 to p\u0159ikryj\u00ed i u n\u00e1s.<\/p>\n<p>Zb\u00fdv\u00e1 jen vymyslet, kde vz\u00edt ty voli\u010de, od kter\u00fdch jako ty koresponden\u010dn\u00ed l\u00edstky p\u0159ijdou. Dlouhou dobu to vypadalo, \u017ee si za t\u00edm \u00fa\u010delem vl\u00e1da p\u011bstuje olb\u0159\u00edm\u00ed ukrajinskou minoritu, kter\u00e9 podl\u00e9z\u00e1 v\u0161emo\u017en\u00fdmi zp\u016fsoby (zdravotn\u00ed p\u00e9\u010de zdarma, MHD zdarma, ZOO zdarma, uprchl\u00edkovn\u00e9 ka\u017ed\u00fd m\u011bs\u00edc), ale z n\u011bjak\u00e9ho d\u016fvodu to je\u0161t\u011b nen\u00ed mo\u017en\u00e9 dot\u00e1hnout do konce \u2013 do roku 2025 se s t\u00edm nejsp\u00ed\u0161e ned\u00e1 po\u010d\u00edtat. Proto je t\u0159eba hledat jinde a vytvo\u0159it si nov\u00e9ho voli\u010de jinak. A na\u010d tro\u0161ka\u0159it? Pro\u010d nerozdat ob\u010danstv\u00ed rovnou v\u0161em, kte\u0159\u00ed za posledn\u00edch n\u011bkolik generac\u00ed ode\u0161li z t\u00e9to zem\u011b? Nejen t\u011bm, co uprchli po \u0161edes\u00e1t\u00e9m osm\u00e9m, ale i t\u011bm, kte\u0159\u00ed uprchli p\u0159ed Hitlerem. A pro\u010d nej\u00edt je\u0161t\u011b d\u00e1l? T\u0159eba t\u011bm, kte\u0159\u00ed na sklonku Rakousko-Uherska hledali \u0161t\u011bst\u00ed za velkou lou\u017e\u00ed? \u017de je to absurdn\u00ed? Ale copak nen\u00ed absurdn\u00ed v\u0161e, co tato vl\u00e1da d\u011bl\u00e1? Tak\u017ee \u010demu se vlastn\u011b div\u00edme? Zkuste vymyslet sebev\u011bt\u0161\u00ed blbost a m\u016f\u017eete vz\u00edt jed na to, \u017ee ji vl\u00e1da je\u0161t\u011b p\u0159ed\u010d\u00ed. Tak\u017ee k z\u00e1konu, kter\u00fd by m\u011bl zav\u00e9st koresponden\u010dn\u00ed hlasov\u00e1n\u00ed (co\u017e je samo o sob\u011b nehor\u00e1znost, ze kter\u00e9 jako sl\u00e1ma z bot \u010douh\u00e1 snaha ohnout volby ve sv\u016fj prosp\u011bch), se sna\u017e\u00ed p\u0159ilepit i tento je\u0161t\u011b nehor\u00e1zn\u011bj\u0161\u00ed n\u00e1pad umo\u017enit hlasov\u00e1n\u00ed v\u0161em t\u011bm, kte\u0159\u00ed se v minulosti rozhodli odej\u00edt z t\u00e9to zem\u011b. Tito emigranti se tak stanou \u201e\u010desk\u00fdmi ob\u010dany\u201c, a nejen oni, ale i jejich potomci do \u010dtvrt\u00e9 generace. A nav\u00edc \u2013 pouze na z\u00e1klad\u011b \u010destn\u00e9ho prohl\u00e1\u0161en\u00ed.<\/p>\n<p>Je snad p\u0159itom nadm\u00edru jasn\u00e9, \u017ee t\u011bmto lidem je osud na\u0161\u00ed zem\u011b v podstat\u011b lhostejn\u00fd, proto\u017ee kdyby nebyl, \u017eij\u00ed tu spolu s n\u00e1mi alespo\u0148 od chv\u00edle, kdy sametov\u00e1 ta\u0161ka\u0159ice vyd\u00e1van\u00e1 za \u201erevoluci\u201c odstartovala novodobou \u010deskou historii. Jenom\u017ee oni tu ne\u017eij\u00ed, nevr\u00e1tili se, \u017e\u00e1dn\u00e9 pouto k na\u0161\u00ed zemi u\u017e nec\u00edt\u00ed, \u017eij\u00ed sv\u00e9 \u017eivoty v jin\u00fdch zem\u00edch, kde chod\u00ed k volb\u00e1m a sv\u00fdm hlasov\u00e1n\u00edm ovliv\u0148uj\u00ed to, jak se jim v dan\u00e9 zemi \u017eije. Najednou by ale m\u011bli m\u00edt pr\u00e1vo vyb\u00edrat ve volb\u00e1ch i \u010desk\u00e9 politiky a rozhodovat tak o tom, jak se bude \u017e\u00edt n\u00e1m? Vyberou n\u00e1m z bezpe\u010d\u00ed sv\u00fdch nov\u00fdch domov\u016f v\u0161echny ty h\u0148upy, v\u0161echny ty pir\u00e1ty, v\u0161echny ty raku\u0161any, v\u0161echny ty pekarov\u00e9 \u010di \u010dernochov\u00e9, jure\u010dky a dal\u0161\u00ed ichtyly a psychopaty, kte\u0159\u00ed n\u00e1m zkurvili \u017eivot a budou ho kurvit d\u00e1l, zkurvili tuto zemi a budou ji kurvit d\u00e1l \u2013 ale jich se to samoz\u0159ejm\u011b nedotkne. To nevymysl\u00ed\u0161\u2026<\/p>\n<p>Zn\u00e1m\u00fd bonmot o tom, \u017ee kdy\u017e jsme nespokojeni s vl\u00e1dou, mus\u00edme ji ve volb\u00e1ch vym\u011bnit d\u0159\u00edve, ne\u017e ona vym\u011bn\u00ed n\u00e1s (tj. voli\u010de), za\u010d\u00edn\u00e1 m\u00edt ho\u0159kou p\u0159\u00edchu\u0165. Nejen\u017ee v cel\u00e9 Evrop\u011b b\u011b\u017e\u00ed \u201evelk\u00e1 v\u00fdm\u011bna\u201c, kter\u00e1 m\u00e1 v na\u0161em prostoru \u0159ekn\u011bme svoji ukrajinskou verzi, ale ani to z\u0159ejm\u011b nesta\u010d\u00ed. V \u010desk\u00fdch volb\u00e1ch budou volit cizinci, kte\u0159\u00ed mo\u017en\u00e1 v n\u011bjak\u00e9m ze \u010dty\u0159 dozadu jdouc\u00edch kolen m\u011bli \u010desk\u00e9 p\u0159edky, ale to je asi tak v\u0161e, co je s na\u0161\u00ed zem\u00ed spojuje.<\/p>\n<p>Je samoz\u0159ejm\u011b smutn\u00e9, \u017ee skoro t\u0159etina opr\u00e1vn\u011bn\u00fdch \u010desk\u00fdch voli\u010d\u016f na volby dlabe, hlasuj\u00ed nohama a mysl\u00ed si, jak na ten re\u017eim vyzr\u00e1li, kdy\u017e volby bojkotuj\u00ed. No tak m\u00edsto nich budou hlasovat nov\u00ed \u010ce\u0161i a \u010ce\u0161ky, kter\u00e9 si vl\u00e1da vyrob\u00ed v\u0161ude po sv\u011bt\u011b. Vl\u00e1d\u011b to je jedno, pen\u00edze nesmrd\u00ed a hlasy tak\u00e9 ne. Hlas jako hlas. Kdo by se p\u0159ece zaj\u00edmal, od koho ten hlas je? \u2013 hlavn\u00ed je, \u017ee hlas p\u0159ijde a zajist\u00ed vl\u00e1d\u011b pokra\u010dov\u00e1n\u00ed a zd\u00e1n\u00ed legitimity.<\/p>\n<p>M\u016f\u017eeme se roz\u010dilovat a \u0165ukat si na hlavu, ale p\u0159esn\u011b k tomu tato apatie a znechucen\u00ed volbami vede. Pr\u00e1zdn\u00e9 m\u00edsto vypln\u00ed n\u011bkdo jin\u00fd. Kdy\u017e je ti zat\u011b\u017eko vybrat si z politick\u00e9 nab\u00eddky, ud\u011bl\u00e1 to za tebe n\u011bkdo jin\u00fd. Ale pak si nest\u011b\u017euj a nenad\u00e1vej\u2026<\/p>\n<p>Aby toho nebylo m\u00e1lo, vzkazuje Mark\u00e9ta Pekarov\u00e1 Adamov\u00e1\u00a0<a href=\"https:\/\/twitter.com\/market_a\/status\/1748026244254314560\" target=\"_blank\" rel=\"noopener\"><em><strong>na soci\u00e1ln\u00edch s\u00edt\u00edch<\/strong><\/em><\/a>: \u201eRegistrace pro koresponden\u010dn\u00ed volbu v zahrani\u010d\u00ed NEBUDE vy\u017eadovat dolo\u017een\u00ed pobytu \u00fa\u0159edn\u011b ov\u011b\u0159en\u00fdmi dokumenty. N\u00e1vrh z\u00e1kona uprav\u00edme ve 2. \u010dten\u00ed, aby sta\u010dilo \u010destn\u00e9 prohl\u00e1\u0161en\u00ed a t\u00edm v\u0161e zjednodu\u0161\u00edme.\u201c M\u016fj kamar\u00e1d k tomu poznamenal: \u201eBude sta\u010dit \u010destn\u00e9 prohl\u00e1\u0161en\u00ed, \u017ee jste \u010desk\u00fdm ob\u010danem. Nemus\u00edte ani \u010cesk\u00e9 republice sd\u011blovat, kde \u017eijete \u010di bydl\u00edte. A nemus\u00edte ukazovat \u017e\u00e1dn\u00e9 osobn\u00ed dokumenty. Geni\u00e1ln\u00ed! Tak\u017ee vlastn\u011b m\u016f\u017ee volit v \u010desk\u00fdch volb\u00e1ch ka\u017ed\u00fd obyvatel planety Zem\u011b. A dokonce i n\u011bkolikr\u00e1t: m\u016f\u017ee se vyd\u00e1vat za v\u00edce osob \u2013 sta\u010d\u00ed, kdy\u017e nap\u00ed\u0161e \u010destn\u00e9 prohl\u00e1\u0161en\u00ed.\u201c<\/p>\n<p>A j\u00e1 dod\u00e1v\u00e1m \u2013 tohle bude H\u0148upovi z\u00e1vid\u011bt i str\u00fd\u010dek Joe. Americk\u00e1 ba\u017eina jsou hust\u00fd mago\u0159i, ale na \u010desk\u00e9ho \u201eP\u00e9\u0165u z b\u00e1\u017ein\u201c nemaj\u00ed\u2026<\/p>\n<p>V\u00fd\u0161e na\u010drtnut\u00e1 p\u0159edstava voleb je skute\u010dn\u011b \u0161\u00edlen\u00e1. A\u017e by se cht\u011blo zak\u0159i\u010det \u2013 to rad\u011bji nic, ne\u017e tohle, to rad\u011bji ty volby \u00fapln\u011b zru\u0161te a p\u0159esta\u0148te to divadlo na demokracii hr\u00e1t a vl\u00e1dn\u011bte n\u00e1m skute\u010dn\u011b totalitn\u011b, jak to vlastn\u011b celou dobu d\u011bl\u00e1te (jen to maskujete fr\u00e1zemi o demokracii). Aby o v\u011bcech ve\u0159ejn\u00fdch rozhodovali ti, kte\u0159\u00ed tu ne\u017eij\u00ed (zat\u00edmco ti, co tu \u017eij\u00ed, to ignoruj\u00ed), to u\u017e je skute\u010dn\u011b naprost\u00fd \u00fapadek demokracie a v\u016fbec liberalismu jako takov\u00e9ho.<\/p>\n<p>V\u00e1\u017en\u011b tak hroz\u00ed, \u017ee volby do Evropsk\u00e9ho parlamentu, kter\u00e9 se budou konat letos na ja\u0159e, budou mo\u017en\u00e1 posledn\u00edmi volbami, kter\u00e9 byly jak\u017etak\u017e norm\u00e1ln\u00ed. Proto k nim ur\u010dit\u011b p\u0159ij\u010fte a volte na\u0161i Alianci za nez\u00e1vislost \u010cR.<\/p>\n<p>Vlasti a n\u00e1rodu zdar!<\/p>\n<p><em><a href=\"https:\/\/narodnidemokracie.cz\/nedelnik-adama-b-bartose-155-peta-z-bazin\/\">Adam B. Barto\u0161<\/a><\/em><br \/>\n<em>p\u0159edseda N\u00e1rodn\u00ed demokracie<\/em><\/p>\n<p><img decoding=\"async\" loading=\"lazy\" class=\"alignnone size-medium wp-image-679\" src=\"http:\/\/www.infokuryr.cz\/n\/wp-content\/uploads\/2021\/04\/bartos_adam_benjamin-300x204.jpg\" alt=\"\" width=\"300\" height=\"204\" srcset=\"https:\/\/www.infokuryr.cz\/n\/wp-content\/uploads\/2021\/04\/bartos_adam_benjamin-300x204.jpg 300w, https:\/\/www.infokuryr.cz\/n\/wp-content\/uploads\/2021\/04\/bartos_adam_benjamin.jpg 370w\" sizes=\"(max-width: 300px) 100vw, 300px\" \/><\/p>\n<p>&nbsp;<\/p>\n<p>&nbsp;<\/p>\n<p><a href=\"https:\/\/stranapro.cz\/\"><img decoding=\"async\" loading=\"lazy\" class=\"wp-image-40286 aligncenter\" src=\"http:\/\/www.infokuryr.cz\/n\/wp-content\/uploads\/2023\/11\/12pro-300x87.png\" alt=\"\" width=\"1000\" height=\"290\" srcset=\"https:\/\/www.infokuryr.cz\/n\/wp-content\/uploads\/2023\/11\/12pro-300x87.png 300w, https:\/\/www.infokuryr.cz\/n\/wp-content\/uploads\/2023\/11\/12pro.png 366w\" sizes=\"(max-width: 1000px) 100vw, 1000px\" \/><\/a><\/p>\n<p>&nbsp;<\/p>\n<p>&nbsp;<\/p>\n","protected":false},"excerpt":{"rendered":"<p>O volb\u00e1ch p\u0159em\u00fd\u0161l\u00edm u\u017e hezk\u00fdch p\u00e1r let \u2013 jak v nich usp\u011bt, zda jsou f\u00e9rov\u00e9,&#8230;<\/p>\n","protected":false},"author":2,"featured_media":45636,"comment_status":"closed","ping_status":"closed","sticky":false,"template":"","format":"standard","meta":[],"categories":[6],"tags":[367,29,85,122],"_links":{"self":[{"href":"https:\/\/www.infokuryr.cz\/n\/wp-json\/wp\/v2\/posts\/45635"}],"collection":[{"href":"https:\/\/www.infokuryr.cz\/n\/wp-json\/wp\/v2\/posts"}],"about":[{"href":"https:\/\/www.infokuryr.cz\/n\/wp-json\/wp\/v2\/types\/post"}],"author":[{"embeddable":true,"href":"https:\/\/www.infokuryr.cz\/n\/wp-json\/wp\/v2\/users\/2"}],"replies":[{"embeddable":true,"href":"https:\/\/www.infokuryr.cz\/n\/wp-json\/wp\/v2\/comments?post=45635"}],"version-history":[{"count":0,"href":"https:\/\/www.infokuryr.cz\/n\/wp-json\/wp\/v2\/posts\/45635\/revisions"}],"wp:featuredmedia":[{"embeddable":true,"href":"https:\/\/www.infokuryr.cz\/n\/wp-json\/wp\/v2\/media\/45636"}],"wp:attachment":[{"href":"https:\/\/www.infokuryr.cz\/n\/wp-json\/wp\/v2\/media?parent=45635"}],"wp:term":[{"taxonomy":"category","embeddable":true,"href":"https:\/\/www.infokuryr.cz\/n\/wp-json\/wp\/v2\/categories?post=45635"},{"taxonomy":"post_tag","embeddable":true,"href":"https:\/\/www.infokuryr.cz\/n\/wp-json\/wp\/v2\/tags?post=45635"}],"curies":[{"name":"wp","href":"https:\/\/api.w.org\/{rel}","templated":true}]}}