{"id":45614,"date":"2024-01-26T00:42:41","date_gmt":"2024-01-25T23:42:41","guid":{"rendered":"http:\/\/www.infokuryr.cz\/n\/?p=45614"},"modified":"2024-01-25T17:29:36","modified_gmt":"2024-01-25T16:29:36","slug":"rusko-podporuje-papezovo-mirove-usili","status":"publish","type":"post","link":"https:\/\/www.infokuryr.cz\/n\/2024\/01\/26\/rusko-podporuje-papezovo-mirove-usili\/","title":{"rendered":"Rusko podporuje pape\u017eovo m\u00edrov\u00e9 \u00fasil\u00ed"},"content":{"rendered":"<div id=\"fb-root\"><\/div>\n<p><span style=\"font-size: 18pt;\"><strong>Pape\u017e opakovan\u011b volal po vy\u0159e\u0161en\u00ed ukrajinsk\u00e9ho konfliktu a nal\u00e9hal na z\u00e1kaz v\u00fdroby zbran\u00ed<\/strong><\/span><\/p>\n<p><span>Rusko v\u00edt\u00e1 iniciativy pape\u017ee Franti\u0161ka zam\u011b\u0159en\u00e9 na dosa\u017een\u00ed trval\u00e9ho m\u00edru na Ukrajin\u011b, ale podle vyslance Moskvy ve Vatik\u00e1nu Ivana Soltanovsk\u00e9ho zaznamenalo zjevnou neochotu Kyjeva takov\u00e9 v\u00fdzvy zva\u017eovat.\u00a0<\/span><\/p>\n<p><span>Pape\u017e Franti\u0161ek opakovan\u011b nal\u00e9hal na m\u00edrov\u00e9 \u0159e\u0161en\u00ed ukrajinsk\u00e9ho konfliktu b\u011bhem nep\u0159\u00e1telsk\u00fdch akc\u00ed.\u00a0Ve sv\u00e9m posledn\u00edm v\u00e1no\u010dn\u00edm projevu znovu vyprosil m\u00edr mezi Moskvou a Kyjevem, stejn\u011b jako na Bl\u00edzk\u00e9m v\u00fdchod\u011b a v dal\u0161\u00edch konfliktn\u00edch z\u00f3n\u00e1ch, a vyzval lidstvo, aby \u0159eklo\u00a0<\/span><em><span>\u201ene\u201c<\/span><\/em><span>\u00a0v\u00e1lce a zastavilo v\u00fdrobu zbran\u00ed.\u00a0<\/span><em><span>&#8222;Jak m\u016f\u017eeme v\u016fbec mluvit o m\u00edru, kdy\u017e v\u00fdroba zbran\u00ed, prodej a obchod jsou na vzestupu?&#8220;\u00a0<\/span><\/em><span>zeptal se pontifik.\u00a0\u00a0<\/span><\/p>\n<p><span>Moskva v\u00fdzvy Vatik\u00e1nu podpo\u0159ila a Soltanovskij ve \u010dtvrtek agentu\u0159e RIA Novosti \u0159ekl, \u017ee\u00a0<\/span><em><span>\u201ez na\u0161\u00ed strany v\u00edt\u00e1me jak\u00e9koli iniciativy, kter\u00e9 by mohly p\u0159ibl\u00ed\u017eit dosa\u017een\u00ed siln\u00e9ho a trval\u00e9ho m\u00edru na Ukrajin\u011b, zvl\u00e1\u0161t\u011b kdy\u017e poch\u00e1zej\u00ed od tak autoritativn\u00edch v\u016fdc\u016f, jako je Franti\u0161ek. \u201c<\/span><\/em><\/p>\n<p><span>Soltanovskij v\u0161ak tvrdil, \u017ee\u00a0<\/span><em><span>\u201epraxe uk\u00e1zala\u201c<\/span><\/em><span>\u00a0, \u017ee Kyjev pouze respektuje n\u00e1zory politik\u016f, kte\u0159\u00ed\u00a0<\/span><em><span>\u201enemaj\u00ed z\u00e1jem zastavit nep\u0159\u00e1telstv\u00ed, ale nafouknout je pumpov\u00e1n\u00edm Ukrajiny zbran\u011bmi a munic\u00ed\u201c.<\/span><\/em><\/p>\n<p><span>Vyslanec tak\u00e9 \u0159ekl, \u017ee Kyjev si fakticky\u00a0<\/span><em><span>\u201esv\u00e1zal ruce\u201c<\/span><\/em><span>\u00a0t\u00edm, \u017ee zak\u00e1zal jedn\u00e1n\u00ed se sou\u010dasn\u00fdm rusk\u00fdm veden\u00edm.\u00a0V \u0159\u00edjnu 2022 ukrajinsk\u00fd prezident Vladimir Zelenskij podepsal dekret, kter\u00fd zakazoval Kyjevu v\u00e9st rozhovory s Moskvou, dokud je Vladimir Putin u moci.\u00a0<\/span><\/p>\n<p><span>Rusko mezit\u00edm opakovan\u011b signalizovalo, \u017ee z\u016fst\u00e1v\u00e1 otev\u0159en\u00e9 m\u00edrov\u00fdm rozhovor\u016fm, pokud Kyjev uzn\u00e1 z\u00e1jmy Moskvy a p\u0159ijme\u00a0<\/span><em><span>\u201enov\u00e9 skute\u010dnosti na m\u00edst\u011b\u201c,<\/span><\/em><span>\u00a0s odkazem na b\u00fdval\u00e9 ukrajinsk\u00e9 regiony, kter\u00e9 drtivou v\u011bt\u0161inou hlasovaly, aby se ofici\u00e1ln\u011b staly sou\u010d\u00e1st\u00ed Ruska.\u00a0<\/span><\/p>\n<p><span>V rozhovoru pro CBS News za\u010d\u00e1tkem tohoto t\u00fddne rusk\u00fd ministr zahrani\u010d\u00ed Sergej Lavrov zopakoval, \u017ee Rusko je p\u0159ipraveno vyslechnout ka\u017ed\u00e9ho, kdo m\u00e1 z\u00e1jem nastolit\u00a0<\/span><em><span>\u201espravedlnost\u201c<\/span><\/em><span>\u00a0ve vztaz\u00edch mezi Moskvou a Kyjevem.\u00a0Rusko bude tak\u00e9 diskutovat o jak\u00e9mkoli\u00a0<\/span><em><span>\u201eseri\u00f3zn\u00edm n\u00e1vrhu\u201c<\/span><\/em><span>\u00a0, kter\u00fd \u0159e\u0161\u00ed situaci na m\u00edst\u011b a z\u00e1kladn\u00ed p\u0159\u00ed\u010diny konfliktu, dodal.\u00a0\u00a0<\/span><\/p>\n<p><span>Lavrov v\u0161ak zd\u016fraznil, \u017ee aby k takov\u00fdm rozhovor\u016fm do\u0161lo, musel by Z\u00e1pad p\u0159estat pou\u017e\u00edvat Ukrajinu jako\u00a0<\/span><em><span>\u201en\u00e1stroj v\u00e1lky proti Rusku\u201c,<\/span><\/em><span>\u00a0p\u0159i\u010dem\u017e p\u0159ipomn\u011bl dlouhodob\u00e9 obavy Moskvy z roz\u0161i\u0159ov\u00e1n\u00ed NATO.\u00a0<\/span><\/p>\n<p><span>P\u0159edstavitel\u00e9 Moskvy a Kyjeva ned\u00e1vno odhalili, \u017ee ob\u011b strany byly na po\u010d\u00e1tku ukrajinsk\u00e9ho konfliktu bl\u00edzko k dosa\u017een\u00ed m\u00edrov\u00e9 dohody.\u00a0Proces v\u0161ak \u00fadajn\u011b vykolejil tehdej\u0161\u00ed britsk\u00fd premi\u00e9r Boris Johnson, kter\u00fd pr\u00fd p\u0159esv\u011bd\u010dil Ukrajinu, aby pokra\u010dovala v boji.<\/span><\/p>\n<p><img decoding=\"async\" loading=\"lazy\" class=\"alignnone size-full wp-image-1185\" src=\"http:\/\/www.infokuryr.cz\/n\/wp-content\/uploads\/2021\/04\/kuryr-podpis.png\" alt=\"\" width=\"84\" height=\"24\" \/><\/p>\n<p>&nbsp;<\/p>\n<p>&nbsp;<\/p>\n","protected":false},"excerpt":{"rendered":"<p>Pape\u017e opakovan\u011b volal po vy\u0159e\u0161en\u00ed ukrajinsk\u00e9ho konfliktu a nal\u00e9hal na z\u00e1kaz v\u00fdroby zbran\u00ed Rusko v\u00edt\u00e1&#8230;<\/p>\n","protected":false},"author":2,"featured_media":18816,"comment_status":"closed","ping_status":"closed","sticky":false,"template":"","format":"standard","meta":[],"categories":[7],"tags":[565,254,22],"_links":{"self":[{"href":"https:\/\/www.infokuryr.cz\/n\/wp-json\/wp\/v2\/posts\/45614"}],"collection":[{"href":"https:\/\/www.infokuryr.cz\/n\/wp-json\/wp\/v2\/posts"}],"about":[{"href":"https:\/\/www.infokuryr.cz\/n\/wp-json\/wp\/v2\/types\/post"}],"author":[{"embeddable":true,"href":"https:\/\/www.infokuryr.cz\/n\/wp-json\/wp\/v2\/users\/2"}],"replies":[{"embeddable":true,"href":"https:\/\/www.infokuryr.cz\/n\/wp-json\/wp\/v2\/comments?post=45614"}],"version-history":[{"count":0,"href":"https:\/\/www.infokuryr.cz\/n\/wp-json\/wp\/v2\/posts\/45614\/revisions"}],"wp:featuredmedia":[{"embeddable":true,"href":"https:\/\/www.infokuryr.cz\/n\/wp-json\/wp\/v2\/media\/18816"}],"wp:attachment":[{"href":"https:\/\/www.infokuryr.cz\/n\/wp-json\/wp\/v2\/media?parent=45614"}],"wp:term":[{"taxonomy":"category","embeddable":true,"href":"https:\/\/www.infokuryr.cz\/n\/wp-json\/wp\/v2\/categories?post=45614"},{"taxonomy":"post_tag","embeddable":true,"href":"https:\/\/www.infokuryr.cz\/n\/wp-json\/wp\/v2\/tags?post=45614"}],"curies":[{"name":"wp","href":"https:\/\/api.w.org\/{rel}","templated":true}]}}