{"id":45571,"date":"2024-01-25T06:36:46","date_gmt":"2024-01-25T05:36:46","guid":{"rendered":"http:\/\/www.infokuryr.cz\/n\/?p=45571"},"modified":"2024-01-25T06:36:46","modified_gmt":"2024-01-25T05:36:46","slug":"soud-osn-rozhodne-o-zalobe-jihoafricke-republiky-na-genocidu-vuci-izraeli","status":"publish","type":"post","link":"https:\/\/www.infokuryr.cz\/n\/2024\/01\/25\/soud-osn-rozhodne-o-zalobe-jihoafricke-republiky-na-genocidu-vuci-izraeli\/","title":{"rendered":"Soud OSN rozhodne o \u017ealob\u011b Jihoafrick\u00e9 republiky na genocidu v\u016f\u010di Izraeli"},"content":{"rendered":"<div id=\"fb-root\"><\/div>\n<p class=\"lead\"><strong>Mezin\u00e1rodn\u00ed soudn\u00ed dv\u016fr v Haagu ozn\u00e1m\u00ed 26. ledna sv\u00e9 rozhodnut\u00ed o \u017ealob\u011b Jihoafrick\u00e9 republiky proti Izraeli ohledn\u011b mo\u017en\u00e9 genocidy ze strany IDF v p\u00e1smu Gazy, informovala tiskov\u00e1 slu\u017eba soudu na soci\u00e1ln\u00edch s\u00edt\u00edch.<\/strong><\/p>\n<p><em>&#8222;Mezin\u00e1rodn\u00ed soudn\u00ed dv\u016fr vynese sv\u00e9 rozhodnut\u00ed o \u017e\u00e1dosti o prozat\u00edmn\u00ed opat\u0159en\u00ed podan\u00e9 Jihoafrickou republikou v p\u0159\u00edpadu Ji\u017en\u00ed Afrika versus Izrael tento p\u00e1tek 26. ledna 2024 ve 13:00 (Haag),&#8220;<span class=\"after-quote\"> &#8211; uv\u00e1d\u00ed zpr\u00e1va.<\/span><\/em><\/p>\n<p><span>29. prosince 2023 podala Jihoafrick\u00e1 republika k soudu OSN \u017ealobu na Izrael, v n\u00ed\u017e jej obvinila z poru\u0161en\u00ed \u00damluvy o prevenci a trest\u00e1n\u00ed genocidy schv\u00e1len\u00e9 v roce 1948.<\/span><\/p>\n<p><span>Podle jihoafrick\u00fdch \u00fa\u0159ad\u016f se Izrael dopou\u0161t\u00ed genocidy v p\u00e1smu Gazy a nepodnik\u00e1 \u017e\u00e1dn\u00e9 kroky k potrest\u00e1n\u00ed t\u011bch, kdo ji podn\u011bcuj\u00ed.\u00a0Jihoafrick\u00e1 republika obvinila zemi z \u201enerozli\u0161uj\u00edc\u00edho pou\u017eit\u00ed s\u00edly a nucen\u00e9ho vyst\u011bhov\u00e1n\u00ed obyvatel\u201c.<\/span><\/p>\n<p><span>Izraelsk\u00e9 ministerstvo zahrani\u010d\u00ed odm\u00edtlo obvin\u011bn\u00ed z Ji\u017en\u00ed Afriky a ozna\u010dilo je za nepodlo\u017een\u00e9 a bez pr\u00e1vn\u00ed s\u00edly.\u00a0St\u00e1l\u00fd z\u00e1stupce Izraele ve sv\u011btov\u00e9 organizaci\u00a0<\/span><strong><span>Gilad Erdan<\/span><\/strong><span>\u00a0\u0159ekl, \u017ee OSN by m\u011bla stanout p\u0159ed soudem v Haagu jako spolupachatel na zlo\u010dinech palestinsk\u00e9 skupiny Ham\u00e1s.<\/span><\/p>\n<p><span>Spojen\u00e9 st\u00e1ty a n\u011bkolik z\u00e1padn\u00edch zem\u00ed pova\u017eovaly obvin\u011bn\u00ed Izraele z genocidy za nepodlo\u017een\u00e9.\u00a0Washington uvedl, \u017ee akce izraelsk\u00e9 arm\u00e1dy v p\u00e1smu Gazy nepova\u017euje za genocidu.\u00a0N\u011bmeck\u00e1 ministryn\u011b zahrani\u010d\u00ed\u00a0<\/span><strong><span>Annalena Baerbockov\u00e1<\/span><\/strong><span>\u00a0poznamenala, \u017ee Izrael jedn\u00e1 v souladu se sv\u00fdm pr\u00e1vem na sebeobranu proti Ham\u00e1su, nikoli v\u0161ak proti civiln\u00edmu obyvatelstvu P\u00e1sma Gazy.<\/span><\/p>\n<p><img decoding=\"async\" loading=\"lazy\" class=\"alignnone size-full wp-image-1185\" src=\"http:\/\/www.infokuryr.cz\/n\/wp-content\/uploads\/2021\/04\/kuryr-podpis.png\" alt=\"\" width=\"84\" height=\"24\" \/><\/p>\n<p>&nbsp;<\/p>\n<p>&nbsp;<\/p>\n","protected":false},"excerpt":{"rendered":"<p>Mezin\u00e1rodn\u00ed soudn\u00ed dv\u016fr v Haagu ozn\u00e1m\u00ed 26. ledna sv\u00e9 rozhodnut\u00ed o \u017ealob\u011b Jihoafrick\u00e9 republiky proti&#8230;<\/p>\n","protected":false},"author":2,"featured_media":45572,"comment_status":"closed","ping_status":"closed","sticky":false,"template":"","format":"standard","meta":[],"categories":[7],"tags":[178,576,107,520,324],"_links":{"self":[{"href":"https:\/\/www.infokuryr.cz\/n\/wp-json\/wp\/v2\/posts\/45571"}],"collection":[{"href":"https:\/\/www.infokuryr.cz\/n\/wp-json\/wp\/v2\/posts"}],"about":[{"href":"https:\/\/www.infokuryr.cz\/n\/wp-json\/wp\/v2\/types\/post"}],"author":[{"embeddable":true,"href":"https:\/\/www.infokuryr.cz\/n\/wp-json\/wp\/v2\/users\/2"}],"replies":[{"embeddable":true,"href":"https:\/\/www.infokuryr.cz\/n\/wp-json\/wp\/v2\/comments?post=45571"}],"version-history":[{"count":0,"href":"https:\/\/www.infokuryr.cz\/n\/wp-json\/wp\/v2\/posts\/45571\/revisions"}],"wp:featuredmedia":[{"embeddable":true,"href":"https:\/\/www.infokuryr.cz\/n\/wp-json\/wp\/v2\/media\/45572"}],"wp:attachment":[{"href":"https:\/\/www.infokuryr.cz\/n\/wp-json\/wp\/v2\/media?parent=45571"}],"wp:term":[{"taxonomy":"category","embeddable":true,"href":"https:\/\/www.infokuryr.cz\/n\/wp-json\/wp\/v2\/categories?post=45571"},{"taxonomy":"post_tag","embeddable":true,"href":"https:\/\/www.infokuryr.cz\/n\/wp-json\/wp\/v2\/tags?post=45571"}],"curies":[{"name":"wp","href":"https:\/\/api.w.org\/{rel}","templated":true}]}}