{"id":45561,"date":"2024-01-25T05:50:15","date_gmt":"2024-01-25T04:50:15","guid":{"rendered":"http:\/\/www.infokuryr.cz\/n\/?p=45561"},"modified":"2024-01-25T05:50:15","modified_gmt":"2024-01-25T04:50:15","slug":"philip-giraldi-tesite-se-na-rok-2024-zacinaji-spojene-staty-a-jejich-pratele-tento-rok-zase-spatne","status":"publish","type":"post","link":"https:\/\/www.infokuryr.cz\/n\/2024\/01\/25\/philip-giraldi-tesite-se-na-rok-2024-zacinaji-spojene-staty-a-jejich-pratele-tento-rok-zase-spatne\/","title":{"rendered":"Philip Giraldi: T\u011b\u0161\u00edte se na rok 2024? Za\u010d\u00ednaj\u00ed Spojen\u00e9 st\u00e1ty a jejich p\u0159\u00e1tel\u00e9 tento rok zase \u0161patn\u011b?"},"content":{"rendered":"<div id=\"fb-root\"><\/div>\n<section class=\"perex\">Zd\u00e1 se, \u017ee administrativa prezidenta Joea Bidena, zdatn\u011b podporovan\u00e1 koupen\u00fdm Kongresem, kter\u00fd nic nev\u00ed, se sna\u017e\u00ed, aby nikdy nebyla v poku\u0161en\u00ed ud\u011blat spr\u00e1vnou v\u011bc pro americk\u00fd lid. Nem\u00e1m nutn\u011b na mysli politov\u00e1n\u00edhodn\u00e9 interakce genocidn\u00edho Joea s na\u0161\u00edm obl\u00edben\u00fdm komikem vyd\u00e1vaj\u00edc\u00edm se za hlavu st\u00e1tu Volodymyrem Zelensk\u00fdm nebo s podl\u00fdm izraelsk\u00fdm Benjaminem Netanjahuem, ale sp\u00ed\u0161e m\u00e1m na mysli p\u0159\u00edpady, kdy by vl\u00e1da mohla jednat ve prosp\u011bch Ameri\u010dana a m\u00edsto toho ned\u011bl\u00e1 nic jin\u00e9ho, ne\u017e \u017ee obrazn\u011b \u0159e\u010deno sed\u00ed se zalo\u017een\u00fdma rukama a p\u0159edv\u00e1d\u00ed pr\u00e1zdn\u00fd, samolib\u00fd \u00fasm\u011bv.<\/p>\n<\/section>\n<section class=\"clanek-obsah\">\n<div class=\"karta-r\">\n<figure><img decoding=\"async\" loading=\"lazy\" class=\"alignleft\" src=\"https:\/\/zvedavec.news\/images\/24\/tesite-se-na-rok-2024.jpg\" alt=\"[...]\" width=\"280\" height=\"229\" \/><\/figure>\n<\/div>\n<p>M\u00e1m na mysli zejm\u00e9na\u00a0<a href=\"https:\/\/www.worldtribune.com\/american-journalist-gonzalo-lira-died-from-neglect-in-ukrainian-prison\/\" target=\"_blank\" rel=\"external noopener\">smrt<\/a>\u00a0chilsko-americk\u00e9ho novin\u00e1\u0159e Gonzala Liry, k n\u00ed\u017e do\u0161lo 11. ledna v nemocnici v ukrajinsk\u00e9m Charkov\u011b. Lira \u017eil na Ukrajin\u011b a p\u0159edpokl\u00e1d\u00e1 se, \u017ee m\u011bl ukrajinskou man\u017eelku a d\u011bti. Napsal t\u0159i rom\u00e1ny a pod u\u017eivatelsk\u00fdm jm\u00e9nem Coach Red Pill pravideln\u011b publikoval s videi a \u010dl\u00e1nky na YouTube, kde si jako hlasatel pravdy z\u00edskal zna\u010dn\u00e9 publikum. Vystupoval tak\u00e9 v alternativn\u00edch zpravodajsk\u00fdch po\u0159adech, k nim\u017e pat\u0159\u00ed Tucker Carlson, kter\u00fd na sv\u00e9 str\u00e1nce na X ozn\u00e1mil zpr\u00e1vu o Lirov\u011b smrti. Lira se vypracoval na v\u00fdznamn\u00e9ho a spolehliv\u00e9ho koment\u00e1tora rusko-ukrajinsk\u00e9 v\u00e1lky a byl zat\u010den a uv\u011bzn\u011bn za to, \u017ee se vyjad\u0159oval a psal o ot\u00e1zk\u00e1ch souvisej\u00edc\u00edch s konfliktem kriticky k vl\u00e1d\u011b Volodymyra Zelensk\u00e9ho. Lira si \u00fadajn\u011b v ukrajinsk\u00e9 vl\u00e1d\u011b nez\u00edskal \u017e\u00e1dn\u00e9 p\u0159\u00e1tele, kdy\u017e ukrajinsk\u00e9ho v\u016fdce\u00a0<a href=\"https:\/\/www.newsweek.com\/who-gonzalo-lira-pro-putin-american-expat-dies-ukrainian-jail-1860496\" target=\"_blank\" rel=\"external noopener\">trefn\u011b ozna\u010dil<\/a>\u00a0za \u201ekokainistu\u201c a ruskou operaci mo\u017en\u00e1 hyperbolicky popsal jako \u201ejednu z nejgeni\u00e1ln\u011bj\u0161\u00edch invaz\u00ed ve vojensk\u00fdch d\u011bjin\u00e1ch\u201c.<\/p>\n<p>Dne 1. kv\u011btna 2023 byl Lira zadr\u017een na z\u00e1klad\u011b\u00a0<a href=\"https:\/\/ssu.gov.ua\/en\/novyny\/sbu-zatrymala-u-kharkovi-inozemnoho-blohera-yakyi-zaperechuvav-zlochyny-rashystiv-ta-obrazhav-ukrainskykh-zakhysnykiv\" target=\"_blank\" rel=\"external noopener\">obvin\u011bn\u00ed<\/a>\u00a0z \u201ev\u00fdroby a \u0161\u00ed\u0159en\u00ed materi\u00e1l\u016f ospravedl\u0148uj\u00edc\u00edch ruskou ozbrojenou agresi proti Ukrajin\u011b\u201c, pot\u00e9 byl propu\u0161t\u011bn na kauci, ale brzy byl znovu zat\u010den, \u00fadajn\u011b za poru\u0161en\u00ed podm\u00ednek podm\u00edne\u010dn\u00e9ho propu\u0161t\u011bn\u00ed, kdy\u017e op\u011bt ve\u0159ejn\u011b vystupoval proti Zelensk\u00e9ho re\u017eimu. Ost\u0159e kritizoval tak\u00e9 prezidenta Joea Bidena za jeho snahu podpo\u0159it Ukrajinu, \u010d\u00edm\u017e p\u0159isp\u011bl k pokra\u010dov\u00e1n\u00ed konfliktu, kter\u00fd si mo\u017en\u00e1 vy\u017e\u00e1dal ji\u017e 500 000 mrtv\u00fdch Ukrajinc\u016f. Krom\u011b uv\u011bzn\u011bn\u00ed byl Lira \u00fadajn\u011b\u00a0<a href=\"https:\/\/www.unz.com\/article\/goodbye-gonzalo-lira-try-to-rest-in-peace\/\" target=\"_blank\" rel=\"external noopener\">za\u0159azen na nechvaln\u011b zn\u00e1m\u00fd \u201eseznam zabit\u00fdch\u201c<\/a>, kter\u00fd vedou slo\u017eky ukrajinsk\u00e9 vl\u00e1dy.<\/p>\n<p>Lira na sebe poprv\u00e9 upozornil v roce 2022, kdy se v alternativn\u00edch m\u00e9di\u00edch\u00a0<a href=\"https:\/\/thegrayzone.com\/2024\/01\/12\/gonzalo-lira-dies-ukrainian-prison\/\" target=\"_blank\" rel=\"external noopener\">objevil<\/a>\u00a0jako d\u016fv\u011bryhodn\u00fd kritick\u00fd hlas na \u201est\u00e1le v\u00edce dikt\u00e1torsk\u00e9\u201c Ukrajin\u011b.\u00a0<a href=\"https:\/\/twitter.com\/elonmusk\/status\/1733624169668231531?s=46&amp;t=zjVNBGPosKEP-yud7GT12g\" target=\"_blank\" rel=\"external noopener\">V\u00fdzvy k jeho propu\u0161t\u011bn\u00ed<\/a>\u00a0z v\u011bzen\u00ed p\u0159ich\u00e1zely mimo jin\u00e9 od Elona Muska a Tuckera Carlsona, ale byly ignorov\u00e1ny. B\u011bhem sv\u00e9ho v\u011bzn\u011bn\u00ed m\u011bl Lira mo\u017enost omezen\u00e9ho kontaktu se sv\u00fdm otcem v USA, kter\u00fd m\u00e9di\u00edm poskytl e-mail a dal\u0161\u00ed dokumenty, z nich\u017e vypl\u00fdv\u00e1, \u017ee jeho syn trp\u011bl z\u00e1palem plic, co\u017e ho pravd\u011bpodobn\u011b zabilo, pokud nebyl ve skute\u010dnosti zavra\u017ed\u011bn, aby ho uml\u010deli, viz n\u00ed\u017ee. Lirovo \u0161patn\u00e9 zdrav\u00ed ignorovala v\u011bze\u0148sk\u00e1 spr\u00e1va, kter\u00e1 mu odm\u00edtala l\u00e9ka\u0159sk\u00e9 o\u0161et\u0159en\u00ed. Lira byl \u00fadajn\u011b tak\u00e9 bit, mu\u010den a bylo mu vyhro\u017eov\u00e1no je\u0161t\u011b hor\u0161\u00edmi zp\u016fsoby, pokud nezaplat\u00ed sv\u00fdm v\u011bznitel\u016fm pokutu. Jeho otec prosil americk\u00e9 velvyslanectv\u00ed v Kyjev\u011b, aby jeho synovi poskytlo n\u011bjakou pomoc, ale zd\u00e1lo se, \u017ee neud\u011blalo nic, aby se pokusilo zajistit jeho l\u00e9\u010dbu nebo propu\u0161t\u011bn\u00ed.<\/p>\n<p>Dne 4. ledna byl Lira \u00fadajn\u011b kone\u010dn\u011b p\u0159evezen do nemocnice a poprv\u00e9 po n\u011bkolika m\u011bs\u00edc\u00edch mu bylo umo\u017en\u011bno setkat se se sv\u00fdm pr\u00e1vn\u00edkem. Obh\u00e1jci p\u0159edal rukou psan\u00fd vzkaz, kter\u00fd m\u011bl ukryt\u00fd u sebe a kter\u00fd zn\u011bl: \u201eM\u011bl jsem dvojit\u00fd z\u00e1pal plic (obou plic) a tak\u00e9 pneumotorax a velmi t\u011b\u017ek\u00fd p\u0159\u00edpad ed\u00e9mu (otoku t\u011bla). To v\u0161e za\u010dalo v polovin\u011b \u0159\u00edjna, ale v\u011bznice to ignorovala. Z\u00e1pal plic mi p\u0159iznali a\u017e p\u0159i sly\u0161en\u00ed 22. prosince. Chyst\u00e1m se na z\u00e1krok, kter\u00fd m\u00e1 sn\u00ed\u017eit tlak otoku v plic\u00edch, co\u017e mi zp\u016fsobuje extr\u00e9mn\u00ed du\u0161nost, a\u017e omdl\u00e9v\u00e1m po minim\u00e1ln\u00ed aktivit\u011b, nebo dokonce jen po dvouminutov\u00e9m mluven\u00ed.\u201c Zoufal\u00e9 prosby o z\u00e1sah velvyslanectv\u00ed op\u011bt p\u0159edlo\u017eil Li\u0159in otec, ale bezv\u00fdsledn\u011b a Lira o t\u00fdden pozd\u011bji zem\u0159ela.<\/p>\n<p>Li\u0159in otec nyn\u00ed vin\u00ed ze smrti sv\u00e9ho syna Washington a Kyjev. Napsal: \u201eNemohu se sm\u00ed\u0159it se zp\u016fsobem, jak\u00fdm m\u016fj syn zem\u0159el. Byl mu\u010den, vyd\u00edr\u00e1n, 8 m\u011bs\u00edc\u016f a 11 dn\u00ed v izolaci a velvyslanectv\u00ed USA neud\u011blalo nic, aby m\u00e9mu synovi pomohlo. Odpov\u011bdnost za tuto trag\u00e9dii nese [dikt\u00e1tor] Zelenskyj se souhlasem seniln\u00edho americk\u00e9ho prezidenta Joea Bidena. Moje bolest je nesnesiteln\u00e1. Sv\u011bt mus\u00ed v\u011bd\u011bt, co se na Ukrajin\u011b s t\u00edm nelidsk\u00fdm dikt\u00e1torem Zelensk\u00fdm d\u011bje.\u201c<\/p>\n<p>V kulo\u00e1rech koluje\u00a0<a href=\"https:\/\/southfront.press\/gonzalo-liras-torturers-were-allegedly-trying-to-extort-500000-from-him-killed-him-after-he-told-his-lawyer\/\" target=\"_blank\" rel=\"external noopener\">zaj\u00edmav\u00e1 historka<\/a>, kter\u00e1 nazna\u010duje, \u017ee Lira mohl b\u00fdt v podstat\u011b umu\u010den k smrti, aby od sv\u00e9 rodiny vymohl 500 000 dolar\u016f. Pen\u00edze m\u011bly b\u00fdt p\u0159evedeny v kryptom\u011bn\u011b na bankovn\u00ed \u00fa\u010dty agent\u016f SBU\u201c, kte\u0159\u00ed ho m\u011bli na starosti. Kdy\u017e se pokusil tento p\u0159\u00edb\u011bh sd\u011blit sv\u00e9mu pr\u00e1vn\u00edkovi, jeho v\u011bznitel\u00e9 se mo\u017en\u00e1 rozhodli, \u017ee bude nejlep\u0161\u00ed ho zab\u00edt, aby ml\u010del. Vicekonzul velvyslanectv\u00ed USA, kter\u00fd se zab\u00fdval Lirov\u00fdmi probl\u00e9my, byl o vyd\u00edr\u00e1n\u00ed informov\u00e1n Lirov\u00fdm otcem a dvakr\u00e1t napsal SBU a OP, ale nikdo neud\u011blal nic, aby tvrd\u011b tla\u010dil na Lirovu svobodu a l\u00e9\u010dbu.<\/p>\n<p>Pro\u010d m\u011b Li\u0159ina smrt roz\u010diluje? Proto\u017ee se zd\u00e1, \u017ee ministerstvo zahrani\u010d\u00ed Bidenovy administrativy uplat\u0148uje na p\u0159\u00edpady Ameri\u010dan\u016f nez\u00e1konn\u011b zadr\u017eovan\u00fdch v zahrani\u010d\u00ed politick\u00fd lakmusov\u00fd pap\u00edrek. Na Ukrajin\u011b m\u011bla americk\u00e1 vl\u00e1da, kter\u00e1 byla hlavn\u00edm zdrojem Zelensk\u00e9ho financov\u00e1n\u00ed a zbran\u00ed, zna\u010dn\u00e9 p\u00e1ky k tomu, aby pro Liru usilovala o shov\u00edvavost, ale rozhodla se tuto pravomoc nevyu\u017e\u00edt. Jeden telefon\u00e1t z B\u00edl\u00e9ho domu nebo od ministra zahrani\u010d\u00ed Antonyho Blinkena by mu pravd\u011bpodobn\u011b zachr\u00e1nil \u017eivot. Jist\u011b, Lira by jako kritik Zelensk\u00e9ho i Bidena m\u011bl v ka\u017ed\u00e9m p\u0159\u00edpad\u011b pot\u00ed\u017ee z\u00edskat pomoc velvyslanectv\u00ed, ale je zaj\u00edmav\u00e9 sledovat, jak se profiluje, kdy\u017e p\u0159ijde \u010das skute\u010dn\u011b n\u011bco ud\u011blat, aby pomohl Ameri\u010danovi v nesn\u00e1z\u00edch. B\u00fdval\u00fd mari\u0148\u00e1k Paul Whelan str\u00e1vil posledn\u00ed \u010dty\u0159i roky v rusk\u00e9m v\u011bzen\u00ed na z\u00e1klad\u011b obvin\u011bn\u00ed ze \u0161pion\u00e1\u017ee, kter\u00e9 pop\u00edr\u00e1, a zoufale pros\u00ed o v\u00fdm\u011bnu, aby byl propu\u0161t\u011bn, ale zd\u00e1 se, \u017ee se domn\u00edv\u00e1, \u017ee velvyslanectv\u00ed nic ned\u011bl\u00e1. Srovnejte to s ned\u00e1vn\u00fdm p\u0159\u00edpadem, kdy byla p\u0159ed jeden\u00e1cti m\u011bs\u00edci\u00a0<a href=\"https:\/\/www.latimes.com\/sports\/story\/2022-12-08\/brittney-griner-released-russian-prison-reaction\" target=\"_blank\" rel=\"external noopener\">zat\u010dena basketbalov\u00e1 hv\u011bzda WNBA Brittney Grinerov\u00e1<\/a>, u n\u00ed\u017e byly p\u0159i vstupu do Ruska nalezeny neleg\u00e1ln\u00ed drogy. Grinerov\u00e1 odpov\u00edd\u00e1 preferovan\u00e9mu profilu Demokratick\u00e9 strany \u2013 \u010dern\u00e1, homosexu\u00e1ln\u00ed, \u201epotetovan\u00e1 sportovkyn\u011b, kter\u00e1 p\u0159ed z\u00e1pasy WNBA odm\u00edtla vyj\u00edt ze \u0161atny na n\u00e1rodn\u00ed hymnu\u201c. Kdyby byla tak\u00e9 \u017didovka, byla by dokonal\u00fdm p\u0159\u00edkladem nov\u00e9ho vzorov\u00e9ho Ameri\u010dana demokrat\u016f. Vzhledem k tomu v\u0161emu by tedy nem\u011blo b\u00fdt p\u0159ekvapen\u00edm, \u017ee o jej\u00edm zat\u010den\u00ed hojn\u011b informovala liber\u00e1ln\u00ed m\u00e9dia nen\u00e1vid\u011bj\u00edc\u00ed Rusko a \u017ee se jej\u00ed kauzy prioritn\u011b ujalo Bidenovo ministerstvo zahrani\u010d\u00ed, kter\u00e9 p\u0159ed m\u011bs\u00edcem za\u0159\u00eddilo jej\u00ed propu\u0161t\u011bn\u00ed v\u00fdm\u011bnou za zn\u00e1m\u00e9ho rusk\u00e9ho mezin\u00e1rodn\u00edho obchodn\u00edka se zbran\u011bmi Viktora Boutu, p\u0159ezd\u00edvan\u00e9ho \u201eObchodn\u00edk se smrt\u00ed\u201c.<\/p>\n<p>A nezapome\u0148te, \u017ee jde o tut\u00e9\u017e americkou vl\u00e1du, kter\u00e1 dvojse\u010dn\u00fdm zp\u016fsobem st\u00e1la za uv\u011bzn\u011bn\u00edm novin\u00e1\u0159e Juliena Assange ve Velk\u00e9 Brit\u00e1nii, kter\u00fd je ji\u017e t\u00e9m\u011b\u0159 \u010dty\u0159i roky dr\u017een v drsn\u00fdch podm\u00ednk\u00e1ch v p\u0159\u00edsn\u011b st\u0159e\u017een\u00e9 v\u011bznici Belmarsh a \u010dek\u00e1 na kone\u010dn\u00e9 rozhodnut\u00ed britsk\u00e9ho soudu o sv\u00e9m odvol\u00e1n\u00ed proti vyd\u00e1n\u00ed kv\u016fli zcela fale\u0161n\u00e9mu obvin\u011bn\u00ed ze z\u00e1kona o \u0161pion\u00e1\u017ei, kter\u00e9 ho postav\u00ed p\u0159ed klokan\u00ed soud ve Virginii, jen\u017e ho odsoud\u00ed na zbytek \u017eivota do chl\u00e1dku. B\u00fdval\u00fd \u0159editel CIA Mike Pompeo ozna\u010dil Assange a jeho zpravodajskou organizaci Wikileaks za \u201enep\u0159\u00e1telskou zpravodajskou slu\u017ebu\u201c, a to z\u0159ejm\u011b sta\u010dilo k uv\u011bzn\u011bn\u00ed a\u00a0<a href=\"https:\/\/www.msn.com\/en-us\/news\/world\/julian-assanges-life-at-risk-if-extradition-appeal-fails-lawyer-warns\/ar-AA1mNxLY\" target=\"_blank\" rel=\"external noopener\">mo\u017en\u00e1 i zabit\u00ed<\/a>\u00a0\u010destn\u00e9ho \u010dlov\u011bka. Lid\u00e9 jm\u00e9nem Trump a Biden nevypadaj\u00ed \u0161\u0165astn\u011b, pokud nevyu\u017e\u00edvaj\u00ed pravomoc\u00ed, kter\u00e9 ve skute\u010dnosti ze z\u00e1kona nemaj\u00ed, aby n\u011bkoho n\u011bkde potrestali.<\/p>\n<p>V prvn\u00edch lednov\u00fdch t\u00fddnech tak\u00e9 ministerstvo spravedlnosti pl\u00e1novalo zve\u0159ejnit n\u011bkter\u00e9 dokumenty t\u00fdkaj\u00edc\u00ed se vy\u0161et\u0159ov\u00e1n\u00ed agenta Mossadu Jeffreyho Epsteina a tak\u00e9 vra\u017edy Setha Riche. Bylo dob\u0159e, \u017ee o\u010dek\u00e1v\u00e1n\u00ed byla mal\u00e1.\u00a0<a href=\"https:\/\/www.bbc.com\/news\/world-us-canada-67918708\" target=\"_blank\" rel=\"external noopener\">\u010ctvrt\u00e1 v\u00e1rka<\/a>\u00a0dokument\u016f o Epsteinovi, kter\u00e1 m\u011bla b\u00fdt zve\u0159ejn\u011bna, obsahovala \u0159adu prominentn\u00edch jmen, ale tak\u00e9 mnoho rozporupln\u00fdch materi\u00e1l\u016f a dal\u0161\u00edch tvrzen\u00ed, kter\u00e1 se nepoda\u0159ilo prok\u00e1zat, i kdy\u017e tvrzen\u00ed, \u017ee jedna z Epsteinov\u00fdch d\u00edvek byla nucena k sexu s Alanem Dershowitzem, je p\u0159\u00edli\u0161 nechutn\u00e9, ne\u017e aby se o n\u011bm dalo v\u016fbec uva\u017eovat. V p\u0159\u00edpad\u011b Setha Riche, zam\u011bstnance Demokratick\u00e9 strany, kter\u00fd mo\u017en\u00e1 vyzradil materi\u00e1ly Julienu Assangeovi a kter\u00fd byl mo\u017en\u00e1 za z\u00e1hadn\u00fdch okolnost\u00ed zabit, aby ho uml\u010del, bylo FBI na\u0159\u00edzeno\u00a0<a href=\"https:\/\/www.analyzingamerica.org\/2024\/01\/744216\/\" target=\"_blank\" rel=\"external noopener\">p\u0159edat<\/a>\u00a0materi\u00e1ly t\u00fdkaj\u00edc\u00ed se smrti b\u00fdval\u00e9ho zam\u011bstnance DNC Setha Riche advok\u00e1tovi Tyi Clevengerovi. \u00da\u0159ad v\u0161ak nyn\u00ed\u00a0<a href=\"https:\/\/www.analyzingamerica.org\/2024\/01\/744216\/\" target=\"_blank\" rel=\"external noopener\">uvedl<\/a>, \u017ee soudn\u00ed p\u0159\u00edkaz nehodl\u00e1 splnit. N\u011bkte\u0159\u00ed novin\u00e1\u0159i a dal\u0161\u00ed pozorovatel\u00e9 vyj\u00e1d\u0159ili nad situac\u00ed znepokojen\u00ed a vyslovili podez\u0159en\u00ed, \u017ee siln\u011b zpolitizovan\u00e1 FBI se soudn\u00edmu p\u0159\u00edkazu vzp\u00edr\u00e1, aby\u00a0<a href=\"https:\/\/www.msn.com\/en-us\/news\/opinion\/fbi-defies-court-order-to-turn-over-seth-rich-documents\/ar-AA1n1ZSf\" target=\"_blank\" rel=\"external noopener\">ochr\u00e1nila Demokratickou stranu<\/a>\u00a0a zejm\u00e9na Clintonovy.<\/p>\n<p>Nakonec n\u00e1m pan Biden a jeho p\u0159\u00e1tel\u00e9 p\u0159inesli dal\u0161\u00ed v\u00e1lku. H\u00fat\u00edov\u00e9 v Jemenu odpov\u011bd\u011bli na izraelsk\u00e9 vyvra\u017e\u010fov\u00e1n\u00ed obyvatel Gazy \u00fatokem na lod\u011b proplouvaj\u00edc\u00ed Rud\u00fdm mo\u0159em a sm\u011b\u0159uj\u00edc\u00ed do Izraele nebo pat\u0159\u00edc\u00ed Izraelc\u016fm. Spojen\u00e9 st\u00e1ty a Velk\u00e1 Brit\u00e1nie odpov\u011bd\u011bly \u00fatokem na Jemen a prohl\u00e1sily H\u00fat\u00edje za\u00a0<a href=\"https:\/\/news.yahoo.com\/biden-administration-expected-designate-houthis-225137788.html?fr=sycsrp_catchall\" target=\"_blank\" rel=\"external noopener\">speci\u00e1ln\u011b ozna\u010den\u00e9 glob\u00e1ln\u00ed teroristy<\/a>, co\u017e m\u011blo za n\u00e1sledek zv\u00fd\u0161en\u00ed po\u010dtu \u00fasp\u011b\u0161n\u00fdch \u00fatok\u016f na lodn\u00ed dopravu. Rozv\u00edjej\u00edc\u00ed se region\u00e1ln\u00ed nestabilita vedla r\u016fzn\u00fdmi kroky tak\u00e9 k v\u00fdm\u011bn\u011b raket a dron\u016f zam\u011b\u0159en\u00fdch na r\u016fzn\u00e9 militantn\u00ed skupiny v \u00cdr\u00e1nu a P\u00e1kist\u00e1nu, co\u017e roz\u0161\u00ed\u0159ilo konflikt mezi t\u011bmito dv\u011bma zem\u011bmi. C\u00edle byly zasa\u017eeny tak\u00e9 v Ir\u00e1ku a S\u00fdrii. V p\u0159\u00edpad\u011b americk\u00e9 akce proti Jemenu se jednalo o proti\u00fastavn\u00ed Bidenovo rozhodnut\u00ed zah\u00e1jit v\u00e1lku bez bezprost\u0159edn\u00edho ohro\u017een\u00ed Spojen\u00fdch st\u00e1t\u016f nebo vyhl\u00e1\u0161en\u00ed v\u00e1lky Kongresem. Navazuje na dv\u011b p\u0159edchoz\u00ed Bidenova rozhodnut\u00ed poslat Izraeli zbran\u011b v hodnot\u011b stovek milion\u016f dolar\u016f bez po\u017eadovan\u00e9ho posouzen\u00ed Kongresem.<\/p>\n<p>To v\u0161e se d\u011blo na pozad\u00ed projedn\u00e1v\u00e1n\u00ed zdrcuj\u00edc\u00edho p\u0159\u00edpadu, \u017ee se Izrael v Gaze dopou\u0161t\u00ed genocidy, u Mezin\u00e1rodn\u00edho soudn\u00edho dvora OSN, kter\u00fd\u00a0<a href=\"https:\/\/www.lawfaremedia.org\/article\/what-will-the-international-court-of-justice-order-on-genocide-in-gaza\" target=\"_blank\" rel=\"external noopener\">m\u016f\u017ee vyzvat<\/a>\u00a0k okam\u017eit\u00e9mu zastaven\u00ed bombardov\u00e1n\u00ed a uvalit sankce nebo blok\u00e1du, pokud shled\u00e1, \u017ee je p\u0159\u00edpad prok\u00e1z\u00e1n. V takov\u00e9m p\u0159\u00edpad\u011b bude Izrael rozhodnut\u00ed ignorovat, jak to ji\u017e v minulosti opakovan\u011b u\u010dinil, a ne\u00fastupnost \u017eidovsk\u00e9ho st\u00e1tu bude pln\u011b podporov\u00e1na Washingtonem. Dne 16. ledna prob\u011bhlo v Sen\u00e1tu\u00a0<a href=\"https:\/\/news.yahoo.com\/11-senators-supported-bernie-sanderss-011626477.html?fr=sycsrp_catchall\" target=\"_blank\" rel=\"external noopener\">hlasov\u00e1n\u00ed o rezoluci<\/a>, kterou p\u0159edlo\u017eil sen\u00e1tor Bernie Sanders a kter\u00e1 po\u017eaduje, aby Sen\u00e1t vypracoval zpr\u00e1vu o poru\u0161ov\u00e1n\u00ed lidsk\u00fdch pr\u00e1v ze strany Izraele. Sanderse podpo\u0159ilo pouze 11 sen\u00e1tor\u016f a n\u00e1vrh byl p\u0159edlo\u017een, kde bude moci odum\u0159\u00edt. Ve stejn\u00fd den uspo\u0159\u00e1dali zam\u011bstnanci feder\u00e1ln\u00ed vl\u00e1dy st\u00e1vkovou pohotovost na protest proti Bidenov\u011b politice v\u016f\u010di genocid\u011b v Gaze. P\u0159edseda Sn\u011bmovny reprezentant\u016f Mike Johnson\u00a0<a href=\"https:\/\/nypost.com\/2024\/01\/14\/news\/house-speaker-mike-johnson-calls-to-fire-any-federal-workers-who-take-part-in-planned-walkout-over-gaza-policy\/\" target=\"_blank\" rel=\"external noopener\">po\u017eadoval<\/a>, aby byli protestuj\u00edc\u00ed propu\u0161t\u011bni. O dva dny pozd\u011bji\u00a0<a href=\"https:\/\/news.yahoo.com\/israeli-strike-kills-16-southern-101932700.html\" target=\"_blank\" rel=\"external noopener\">Netanjahu odm\u00edtl<\/a>\u00a0zoufal\u00fd Biden\u016fv n\u00e1vrh, \u017ee by po ukon\u010den\u00ed vojensk\u00e9 akce Izraele v Gaze m\u011bla vzniknout n\u011bjak\u00e1 forma palestinsk\u00e9ho st\u00e1tu \u2013 Bibi \u0159ekl, \u017ee \u017e\u00e1dn\u00fd palestinsk\u00fd st\u00e1t nebude, a zd\u016fraznil, \u017ee je \u201eschopen \u0159\u00edci na\u0161im p\u0159\u00e1tel\u016fm ne\u201c. Biden mu m\u011bl \u0159\u00edci, aby se \u201evycpal\u201c, \u017e\u00e1dn\u00e9 dal\u0161\u00ed zbran\u011b a pen\u00edze Bibi nem\u00e1, ale proto\u017ee je bezobratl\u00fd, nem\u00e1 p\u00e1te\u0159.<\/p>\n<p>V\u0161echna tato rozhodnut\u00ed jsou \u0161patn\u00e1 a p\u0159inesou velmi \u0161patn\u00e9 d\u016fsledky, stejn\u011b jako u\u017e p\u0159inesl konflikt na Ukrajin\u011b. A pro v\u00fdhled do budoucna, jak\u00e9 hr\u016fzy mohou p\u0159ij\u00edt, by mohl b\u00fdt zaj\u00edmav\u00fd p\u0159\u00edsp\u011bvek Brit\u016f. Grant Shapps, kter\u00fd je \u017did, pronesl v l\u00e9t\u011b 2023 sv\u016fj prvn\u00ed v\u00fdznamn\u00fd projev od doby, kdy se stal ministrem obrany Spojen\u00e9ho kr\u00e1lovstv\u00ed, v n\u011bm\u017e p\u0159edlo\u017eil argumenty pro dramatick\u00e9 zv\u00fd\u0161en\u00ed v\u00fddaj\u016f jak na odstra\u0161en\u00ed, tak na p\u0159\u00edpravu na p\u0159\u00edpadn\u00e9 n\u011bkolikan\u00e1sobn\u00e9 v\u00e1lky. Varoval, \u017ee sv\u011bt se nach\u00e1z\u00ed v \u201ep\u0159edv\u00e1le\u010dn\u00e9\u201c f\u00e1zi, kdy\u00a0<a href=\"https:\/\/www.foxnews.com\/world\/british-defense-chief-warns-war-possible-within-5-years-with-rivals-china-russia-iran-inflection-point\" target=\"_blank\" rel=\"external noopener\">do p\u011bti let m\u016f\u017ee v kl\u00ed\u010dov\u00fdch oblastech vypuknout konflikt<\/a>\u00a0\u201eproti hlavn\u00edm a rostouc\u00edm sv\u011btov\u00fdm mocnostem\u201c. \u0158ekl: \u201eNach\u00e1z\u00edme se na \u00fasvitu t\u00e9to nov\u00e9 \u00e9ry \u2013 Berl\u00ednsk\u00e1 ze\u010f je vzd\u00e1lenou vzpom\u00ednkou \u2013 a my jsme se ocitli v pln\u00e9m kruhu a p\u0159ech\u00e1z\u00edme z pov\u00e1le\u010dn\u00e9ho do p\u0159edv\u00e1le\u010dn\u00e9ho sv\u011bta. \u00c9ru idealismu vyst\u0159\u00eddalo obdob\u00ed tvrd\u00e9ho realismu. Dnes na\u0161i protivn\u00edci piln\u011b obnovuj\u00ed sv\u00e9 bari\u00e9ry. Sta\u0159\u00ed nep\u0159\u00e1tel\u00e9 znovu o\u017e\u00edvaj\u00ed. Formuj\u00ed se nov\u00ed nep\u0159\u00e1tel\u00e9. Bojov\u00e9 linie se p\u0159ekresluj\u00ed.\u201c M\u011bl na mysli Rusko, \u010c\u00ednu, \u00cdr\u00e1n a Severn\u00ed Koreu, co\u017e by se patrn\u011b vr\u0161ilo na sou\u010dasnou v\u00e1lku na Ukrajin\u011b, stejn\u011b jako podpora izraelsk\u00e9 genocidy podporovan\u00e1 Brit\u00e1ni\u00ed i USA, kter\u00e1 nepochybn\u011b udr\u017e\u00ed Bl\u00edzk\u00fd v\u00fdchod i dal\u0161\u00ed zem\u011b ve zmatku je\u0161t\u011b n\u011bkolik let. Rozhodn\u011b je to n\u011bco, na co se v roce 2024 a pozd\u011bji nemus\u00edme t\u011b\u0161it!<\/p>\n<div class=\"podcarou\">\n<p><a href=\"https:\/\/www.unz.com\/pgiraldi\/looking-forward-to-2024\/\" target=\"_blank\" rel=\"external noopener\">Looking Forward to 2024?<\/a> vy\u0161el 18.1.2024 na unz.com. P\u0159eklad\u00a0<a href=\"https:\/\/zvedavec.news\/komentare\/2024\/01\/9952-tesite-se-na-rok-2024.htm\">Zvedavec.org<\/a><\/p>\n<\/div>\n<\/section>\n<p>&nbsp;<\/p>\n<p>&nbsp;<\/p>\n","protected":false},"excerpt":{"rendered":"<p>Zd\u00e1 se, \u017ee administrativa prezidenta Joea Bidena, zdatn\u011b podporovan\u00e1 koupen\u00fdm Kongresem, kter\u00fd nic nev\u00ed, se&#8230;<\/p>\n","protected":false},"author":2,"featured_media":29347,"comment_status":"closed","ping_status":"closed","sticky":false,"template":"","format":"standard","meta":[],"categories":[7],"tags":[1304,122,276,26,37],"_links":{"self":[{"href":"https:\/\/www.infokuryr.cz\/n\/wp-json\/wp\/v2\/posts\/45561"}],"collection":[{"href":"https:\/\/www.infokuryr.cz\/n\/wp-json\/wp\/v2\/posts"}],"about":[{"href":"https:\/\/www.infokuryr.cz\/n\/wp-json\/wp\/v2\/types\/post"}],"author":[{"embeddable":true,"href":"https:\/\/www.infokuryr.cz\/n\/wp-json\/wp\/v2\/users\/2"}],"replies":[{"embeddable":true,"href":"https:\/\/www.infokuryr.cz\/n\/wp-json\/wp\/v2\/comments?post=45561"}],"version-history":[{"count":0,"href":"https:\/\/www.infokuryr.cz\/n\/wp-json\/wp\/v2\/posts\/45561\/revisions"}],"wp:featuredmedia":[{"embeddable":true,"href":"https:\/\/www.infokuryr.cz\/n\/wp-json\/wp\/v2\/media\/29347"}],"wp:attachment":[{"href":"https:\/\/www.infokuryr.cz\/n\/wp-json\/wp\/v2\/media?parent=45561"}],"wp:term":[{"taxonomy":"category","embeddable":true,"href":"https:\/\/www.infokuryr.cz\/n\/wp-json\/wp\/v2\/categories?post=45561"},{"taxonomy":"post_tag","embeddable":true,"href":"https:\/\/www.infokuryr.cz\/n\/wp-json\/wp\/v2\/tags?post=45561"}],"curies":[{"name":"wp","href":"https:\/\/api.w.org\/{rel}","templated":true}]}}