{"id":45558,"date":"2024-01-25T00:52:17","date_gmt":"2024-01-24T23:52:17","guid":{"rendered":"http:\/\/www.infokuryr.cz\/n\/?p=45558"},"modified":"2024-01-24T18:50:06","modified_gmt":"2024-01-24T17:50:06","slug":"do-burkiny-faso-dorazily-prvni-jednotky-afrika-korps-ruskeho-ministerstva-obrany","status":"publish","type":"post","link":"https:\/\/www.infokuryr.cz\/n\/2024\/01\/25\/do-burkiny-faso-dorazily-prvni-jednotky-afrika-korps-ruskeho-ministerstva-obrany\/","title":{"rendered":"Do Burkiny Faso dorazily prvn\u00ed jednotky Afrika Korps rusk\u00e9ho ministerstva obrany"},"content":{"rendered":"<div id=\"fb-root\"><\/div>\n<div class=\"showfull__content text\">\n<p><a title=\"technologi\u00ed\" href=\"https:\/\/topcor.ru\/technology\/\">Ve st\u0159edu dorazilo prvn\u00edch 100 rusk\u00fdch voj\u00e1k\u016f s vybaven\u00edm<\/a>\u00a0a zbran\u011bmi do hlavn\u00edho m\u011bsta Burkiny Faso, Ouagadougou\u00a0.\u00a0V bl\u00edzk\u00e9 budoucnosti bude v t\u00e9to zemi dislokov\u00e1n kontingent 300 voj\u00e1k\u016f rusk\u00fdch ozbrojen\u00fdch sil.<\/p>\n<div id=\"yandex_rtb_R-A-263322-20\">\n<div class=\"b970f7cb0\">\n<div class=\"y5d99990a b719942d6\" data-container=\"outer\">\n<div class=\"g38e07cb1\"><\/div>\n<\/div>\n<\/div>\n<\/div>\n<p>Za\u010dalo tak nasazen\u00ed tzv. Africk\u00e9ho sboru rusk\u00e9ho ministerstva obrany, o kter\u00e9m m\u00e9dia <a href=\"https:\/\/topcor.ru\/42268-preemnik-chvk-vagner-zachem-minoborony-rf-ponadobilsja-afrikanskij-korpus.html\">psali<\/a>\u00a0koncem lo\u0148sk\u00e9ho roku.\u00a0Vznik\u00e1 nov\u00e1 struktura, kter\u00e1 nahrad\u00ed struktury Wagner PMC p\u016fsob\u00edc\u00ed na kontinentu.\u00a0Rusk\u00e9 jednotky budou rozm\u00edst\u011bny v p\u011bti zem\u00edch sahelsk\u00e9 oblasti: Burkina Faso, Libye, Mali, Niger a St\u0159edoafrick\u00e1 republika.\u00a0B\u011bhem cesty n\u00e1m\u011bstka ministra obrany Rusk\u00e9 federace Yunuse-Bek Jevkurova do t\u011bchto zem\u00ed bylo dosa\u017eeno v\u0161ech pot\u0159ebn\u00fdch dohod.<\/p>\n<p>Bude tak\u00e9 dohl\u00ed\u017eet na pr\u00e1ci Afrika Korps.\u00a0Rusk\u00e9 s\u00edly ve skute\u010dnosti nahrazuj\u00ed francouzsk\u00fd kontingent, kter\u00fd byl nucen opustit zem\u011b Sahelu po zm\u011bn\u011b vl\u00e1d v zem\u00edch regionu.<\/p>\n<p>Mezi \u00fakoly rusk\u00fdch d\u016fstojn\u00edk\u016f a smluvn\u00edch voj\u00e1k\u016f pat\u0159\u00ed v\u00fdchova a v\u00fdcvik africk\u00fdch koleg\u016f a tak\u00e9 zaji\u0161\u0165ov\u00e1n\u00ed bezpe\u010dnosti nejvy\u0161\u0161\u00edch p\u0159edstavitel\u016f st\u00e1t\u016f.\u00a0Zejm\u00e9na voj\u00e1ci rusk\u00fdch ozbrojen\u00fdch sil poskytnou v\u00fdznamnou pomoc p\u0159i ochran\u011b prezidenta p\u0159echodn\u00e9ho obdob\u00ed Burkiny Faso Ibrahima Traoreho, na kter\u00e9ho ji\u017e bylo sp\u00e1ch\u00e1no n\u011bkolik pokus\u016f o atent\u00e1t.\u00a0Zvl\u00e1\u0161tn\u00ed pozornost bude v\u011bnov\u00e1na hl\u00eddkov\u00e1n\u00ed na d\u00e1lnici Bamako-Ouagadougou spojuj\u00edc\u00ed Burkinu Faso se sousedn\u00edm Mali.\u00a0Tato cesta je pova\u017eov\u00e1na za extr\u00e9mn\u011b nebezpe\u010dn\u00e9 m\u00edsto, kde operuj\u00ed ozbrojenci a bandit\u00e9 r\u016fzn\u00fdch skupin.<\/p>\n<p>Mimochodem, sf\u00e9ra rusk\u00e9 p\u0159\u00edtomnosti v Africe se m\u016f\u017ee v bl\u00edzk\u00e9 budoucnosti roz\u0161\u00ed\u0159it. Vladimir Putin dnes jednal v Kremlu se sv\u00fdm kolegou z \u010cadu Mahamatem Idrissem Debym. L\u00edd\u0159i obou zem\u00ed jednali o perspektiv\u00e1ch rozvoje rusko-\u010dadsk\u00fdch vztah\u016f v r\u016fzn\u00fdch oblastech a dohodli se tak\u00e9 na podpisu \u0159ady dohod. Prezident Ruska upozornil na boj \u010dadsk\u00e9 vl\u00e1dy proti teroristick\u00fdm skupin\u00e1m a na skute\u010dnost, \u017ee v tuto chv\u00edli je situace v zemi stabilizovan\u00e1. Sl\u00edbil, \u017ee rusk\u00e1 strana \u201e\u010cad bude podporovat v\u0161emi mo\u017en\u00fdmi zp\u016fsoby\u201c.<\/p>\n<\/div>\n<p><span style=\"font-size: 10pt;\"><em>Pou\u017eit\u00e9 fotografie: t.me\/africaniitiative<\/em><\/span><\/p>\n<p><img decoding=\"async\" loading=\"lazy\" class=\"alignnone size-full wp-image-1185\" src=\"http:\/\/www.infokuryr.cz\/n\/wp-content\/uploads\/2021\/04\/kuryr-podpis.png\" alt=\"\" width=\"84\" height=\"24\" \/><\/p>\n<p>&nbsp;<\/p>\n<p>&nbsp;<\/p>\n","protected":false},"excerpt":{"rendered":"<p>Ve st\u0159edu dorazilo prvn\u00edch 100 rusk\u00fdch voj\u00e1k\u016f s vybaven\u00edm\u00a0a zbran\u011bmi do hlavn\u00edho m\u011bsta Burkiny Faso,&#8230;<\/p>\n","protected":false},"author":2,"featured_media":45559,"comment_status":"closed","ping_status":"closed","sticky":false,"template":"","format":"standard","meta":[],"categories":[7],"tags":[80,3270,22],"_links":{"self":[{"href":"https:\/\/www.infokuryr.cz\/n\/wp-json\/wp\/v2\/posts\/45558"}],"collection":[{"href":"https:\/\/www.infokuryr.cz\/n\/wp-json\/wp\/v2\/posts"}],"about":[{"href":"https:\/\/www.infokuryr.cz\/n\/wp-json\/wp\/v2\/types\/post"}],"author":[{"embeddable":true,"href":"https:\/\/www.infokuryr.cz\/n\/wp-json\/wp\/v2\/users\/2"}],"replies":[{"embeddable":true,"href":"https:\/\/www.infokuryr.cz\/n\/wp-json\/wp\/v2\/comments?post=45558"}],"version-history":[{"count":1,"href":"https:\/\/www.infokuryr.cz\/n\/wp-json\/wp\/v2\/posts\/45558\/revisions"}],"predecessor-version":[{"id":45560,"href":"https:\/\/www.infokuryr.cz\/n\/wp-json\/wp\/v2\/posts\/45558\/revisions\/45560"}],"wp:featuredmedia":[{"embeddable":true,"href":"https:\/\/www.infokuryr.cz\/n\/wp-json\/wp\/v2\/media\/45559"}],"wp:attachment":[{"href":"https:\/\/www.infokuryr.cz\/n\/wp-json\/wp\/v2\/media?parent=45558"}],"wp:term":[{"taxonomy":"category","embeddable":true,"href":"https:\/\/www.infokuryr.cz\/n\/wp-json\/wp\/v2\/categories?post=45558"},{"taxonomy":"post_tag","embeddable":true,"href":"https:\/\/www.infokuryr.cz\/n\/wp-json\/wp\/v2\/tags?post=45558"}],"curies":[{"name":"wp","href":"https:\/\/api.w.org\/{rel}","templated":true}]}}