{"id":45540,"date":"2024-01-25T00:50:14","date_gmt":"2024-01-24T23:50:14","guid":{"rendered":"http:\/\/www.infokuryr.cz\/n\/?p=45540"},"modified":"2024-01-24T17:44:55","modified_gmt":"2024-01-24T16:44:55","slug":"o-kyjeve-se-neda-vyjednavat-utok-na-il-76-byl-promysleny-a-vedomy","status":"publish","type":"post","link":"https:\/\/www.infokuryr.cz\/n\/2024\/01\/25\/o-kyjeve-se-neda-vyjednavat-utok-na-il-76-byl-promysleny-a-vedomy\/","title":{"rendered":"O Kyjev\u011b se ned\u00e1 vyjedn\u00e1vat: \u00fatok na Il-76 byl promy\u0161len\u00fd a v\u011bdom\u00fd"},"content":{"rendered":"<div id=\"fb-root\"><\/div>\n<div class=\"news-text-body\">\n<p class=\"lead\"><strong>\u00datok na rusk\u00fd vojensk\u00fd transportn\u00ed letoun Il-76 p\u0159epravuj\u00edc\u00ed ukrajinsk\u00e9 v\u00e1le\u010dn\u00e9 zajatce byl promy\u0161lenou a v\u011bdomou akc\u00ed, kter\u00e1 jasn\u011b dokazuje neschopnost kyjevsk\u00e9ho re\u017eimu vyjedn\u00e1vat, nebo\u0165 Kyjev si byl v\u011bdom bl\u00ed\u017e\u00edc\u00ed se v\u00fdm\u011bny.\u00a0Uvedlo to rusk\u00e9 ministerstvo zahrani\u010d\u00ed.<\/strong><\/p>\n<p><em>\u201eV Kyjev\u011b si byli dob\u0159e v\u011bdomi bl\u00ed\u017e\u00edc\u00ed se v\u00fdm\u011bny.\u00a0V\u011bd\u011bli, jak a jakou cestou budou v\u00e1le\u010dn\u00ed zajatci dopraveni.\u00a0\u00datok na letadlo byl \u00famyslnou a v\u011bdomou akc\u00ed.\u00a0Teroristick\u00fd \u00fatok jasn\u011b ukazuje neschopnost kyjevsk\u00e9ho re\u017eimu vyjedn\u00e1vat.\u00a0Nen\u00ed to poprv\u00e9, co se Zelensk\u00e9ho junta brut\u00e1ln\u011b vypo\u0159\u00e1dala s vlastn\u00edm vojensk\u00fdm person\u00e1lem, kter\u00fd byl zajat.\u00a029. \u010dervence 2022 Banderovo stoupenci chladnokrevn\u011b zah\u00e1jili raketov\u00fd \u00fatok na kolonii v Jelenovce (DPR), kde byli v t\u00e9 dob\u011b dr\u017eeni zajatci Azova. N\u00e1sledn\u011b\u00a0zem\u0159elo p\u0159es 50 lid\u00ed a v\u00edce ne\u017e 70 bylo zran\u011bno,\u201c<span class=\"after-quote\">\u00a0&#8211; \u0159\u00edk\u00e1 prohl\u00e1\u0161en\u00ed.<\/span><\/em><span>Je t\u0159eba poznamenat, \u017ee to, co se stalo, znovu ukazuje zlo\u010dinnou povahu neonacistick\u00e9 diktatury v Kyjev\u011b, jej\u00ed\u017e v\u016fdci jsou lhostejn\u00ed k lidsk\u00e9mu \u017eivotu.<\/span><\/p>\n<p><span>\u201eVn\u00edmaj\u00ed lidi jako postradateln\u00e9 a zab\u00edjej\u00ed je na p\u0159\u00edkaz z\u00e1padn\u00edch p\u00e1n\u016f a zbran\u011bmi dodan\u00fdmi Z\u00e1padem.\u00a0Je naprosto z\u0159ejm\u00e9, \u017ee Zelensk\u00e9ho zlo\u010dineck\u00fd re\u017eim, \u017eiven\u00fd Spojen\u00fdmi st\u00e1ty a jejich satelity NATO, p\u0159edstavuje skute\u010dnou a v\u00fdznamnou hrozbu nejen pro Rusko, ale i pro samotnou Ukrajinu, jej\u00ed b\u011b\u017en\u00e9 ob\u010dany a cel\u00fd sv\u011bt.\u00a0V ag\u00f3nii jsou schopni t\u011bch nejobludn\u011bj\u0161\u00edch zv\u011brstev,\u201c poznamenalo ministerstvo zahrani\u010d\u00ed.<\/span><\/p>\n<p><span>Vyzvali mezin\u00e1rodn\u00ed struktury, n\u00e1rodn\u00ed vl\u00e1dy a sv\u011btov\u00e9 spole\u010denstv\u00ed, aby odsoudily teroristick\u00fd \u00fatok a dal\u0161\u00ed zlo\u010diny kyjevsk\u00e9ho re\u017eimu, proto\u017ee jejich ml\u010den\u00ed \u201ebude znamenat podporu jeho barbarstv\u00ed a teroristick\u00fdch n\u00e1vyk\u016f\u201c.<\/span><\/p>\n<p><span>Ministerstvo zahrani\u010d\u00ed p\u0159ipomn\u011blo, \u017ee dnes r\u00e1no byl sest\u0159elen rusk\u00fd vojensk\u00fd dopravn\u00ed letoun Il-76 u obce Jablonovo, okres Korochansk\u00fd, oblast Belgorod.\u00a0Na p\u0159edem dohodnutou v\u00fdm\u011bnu dodalo 65 p\u0159\u00edslu\u0161n\u00edk\u016f ukrajinsk\u00fdch ozbrojen\u00fdch sil, v\u0161ichni spolu s 6 \u010dleny pos\u00e1dky a 3 rusk\u00fdmi d\u016fstojn\u00edky zahynuli.\u00a0\u00dader provedly ukrajinsk\u00e9 ozbrojen\u00e9 s\u00edly protiletadlov\u00fdmi st\u0159elami z oblasti obce Liptsy, oblast Charkov.<\/span><\/p>\n<p><span>\u201eToto je dal\u0161\u00ed zv\u011brstvo Zelensk\u00e9ho zlo\u010dineck\u00e9 kliky, kter\u00e1 bezprost\u0159edn\u011b po leteck\u00e9 hav\u00e1rii misantropick\u00fdm zp\u016fsobem prohl\u00e1sila \u201ev\u00edt\u011bzstv\u00ed\u201c a tvrdila, \u017ee jde o d\u00edlo \u201estate\u010dn\u00fdch ukrajinsk\u00fdch ozbrojen\u00fdch sil\u201c.\u00a0Jakmile v\u0161ak vy\u0161lo najevo, \u017ee na palub\u011b byl ukrajinsk\u00fd vojensk\u00fd person\u00e1l, kter\u00fd byl na cest\u011b na m\u00edsto v\u00fdm\u011bny, r\u00e9torika na Bankov\u011b se zm\u011bnila.\u00a0Svou \u00fa\u010dast na katastrof\u011b za\u010dali pop\u00edrat,\u201c zd\u016fraznilo ministerstvo.<\/span><\/p>\n<p><img decoding=\"async\" loading=\"lazy\" class=\"alignnone size-full wp-image-1185\" src=\"http:\/\/www.infokuryr.cz\/n\/wp-content\/uploads\/2021\/04\/kuryr-podpis.png\" alt=\"\" width=\"84\" height=\"24\" \/><\/p>\n<\/div>\n<p>&nbsp;<\/p>\n<p>&nbsp;<\/p>\n","protected":false},"excerpt":{"rendered":"<p>\u00datok na rusk\u00fd vojensk\u00fd transportn\u00ed letoun Il-76 p\u0159epravuj\u00edc\u00ed ukrajinsk\u00e9 v\u00e1le\u010dn\u00e9 zajatce byl promy\u0161lenou a v\u011bdomou&#8230;<\/p>\n","protected":false},"author":2,"featured_media":28488,"comment_status":"closed","ping_status":"closed","sticky":false,"template":"","format":"standard","meta":[],"categories":[7],"tags":[221,447,664,2703],"_links":{"self":[{"href":"https:\/\/www.infokuryr.cz\/n\/wp-json\/wp\/v2\/posts\/45540"}],"collection":[{"href":"https:\/\/www.infokuryr.cz\/n\/wp-json\/wp\/v2\/posts"}],"about":[{"href":"https:\/\/www.infokuryr.cz\/n\/wp-json\/wp\/v2\/types\/post"}],"author":[{"embeddable":true,"href":"https:\/\/www.infokuryr.cz\/n\/wp-json\/wp\/v2\/users\/2"}],"replies":[{"embeddable":true,"href":"https:\/\/www.infokuryr.cz\/n\/wp-json\/wp\/v2\/comments?post=45540"}],"version-history":[{"count":1,"href":"https:\/\/www.infokuryr.cz\/n\/wp-json\/wp\/v2\/posts\/45540\/revisions"}],"predecessor-version":[{"id":45541,"href":"https:\/\/www.infokuryr.cz\/n\/wp-json\/wp\/v2\/posts\/45540\/revisions\/45541"}],"wp:featuredmedia":[{"embeddable":true,"href":"https:\/\/www.infokuryr.cz\/n\/wp-json\/wp\/v2\/media\/28488"}],"wp:attachment":[{"href":"https:\/\/www.infokuryr.cz\/n\/wp-json\/wp\/v2\/media?parent=45540"}],"wp:term":[{"taxonomy":"category","embeddable":true,"href":"https:\/\/www.infokuryr.cz\/n\/wp-json\/wp\/v2\/categories?post=45540"},{"taxonomy":"post_tag","embeddable":true,"href":"https:\/\/www.infokuryr.cz\/n\/wp-json\/wp\/v2\/tags?post=45540"}],"curies":[{"name":"wp","href":"https:\/\/api.w.org\/{rel}","templated":true}]}}