{"id":45539,"date":"2024-01-25T00:49:31","date_gmt":"2024-01-24T23:49:31","guid":{"rendered":"http:\/\/www.infokuryr.cz\/n\/?p=45539"},"modified":"2024-01-24T17:36:39","modified_gmt":"2024-01-24T16:36:39","slug":"snemovnu-rady-bezpecnosti-osn-opustily-behem-projevu-staleho-predstavitele-izraele-desitky-lidi","status":"publish","type":"post","link":"https:\/\/www.infokuryr.cz\/n\/2024\/01\/25\/snemovnu-rady-bezpecnosti-osn-opustily-behem-projevu-staleho-predstavitele-izraele-desitky-lidi\/","title":{"rendered":"Sn\u011bmovnu Rady bezpe\u010dnosti OSN opustily b\u011bhem projevu st\u00e1l\u00e9ho p\u0159edstavitele Izraele des\u00edtky lid\u00ed"},"content":{"rendered":"<div id=\"fb-root\"><\/div>\n<p class=\"lead\"><strong>B\u011bhem projevu izraelsk\u00e9ho st\u00e1l\u00e9ho p\u0159edstavitele p\u0159i OSN Gilada Erdana v Rad\u011b bezpe\u010dnosti OSN opustily s\u00e1l des\u00edtky p\u0159edstavitel\u016f arabsk\u00fdch zem\u00ed a asijsk\u00e9ho regionu, ozn\u00e1mila mluv\u010d\u00ed rusk\u00e9ho ministerstva zahrani\u010d\u00ed Maria Zacharovov\u00e1.<\/strong><\/p>\n<p><em>&#8222;V okam\u017eiku projevu st\u00e1l\u00e9ho p\u0159edstavitele Izraele se s\u00e1l n\u00e1hle dal do pohybu a s\u00e1l Rady bezpe\u010dnosti opustily des\u00edtky lid\u00ed,&#8220;<span class=\"after-quote\"> &#8211; poznamenala diplomatka.<\/span><\/em><\/p>\n<p><em>\u201eNe\u0161lo pouze o arabsk\u00e9 z\u00e1stupce, byli to tak\u00e9 z\u00e1stupci zem\u00ed v asijsk\u00e9m regionu, kte\u0159\u00ed vyj\u00e1d\u0159ili solidaritu s pozic\u00ed Gazy,\u201c<span class=\"after-quote\"> &#8211; up\u0159esnila.<\/span><\/em><\/p>\n<p><strong>Zacharovov\u00e1 poznamenala, \u017ee to sama ne\u010dekala:<\/strong><\/p>\n<p><em>\u201eNikdy jsem nebyla sv\u011bdkem n\u011b\u010deho takov\u00e9ho. Byla jsem sv\u011bdkem situace, kdy st\u00e1l\u00ed p\u0159edstavitel\u00e9 a vedouc\u00ed delegac\u00ed povstali a ode\u0161li z jednac\u00edho s\u00e1lu Rady bezpe\u010dnosti, kdy nemluvili jen protipartne\u0159i, ale ti, s nimi\u017e kategoricky nesouhlasili, na znamen\u00ed protestu a ne\u00facty, dokonce n\u011bkdy zanedb\u00e1vaj\u00ed. Byla jsem sv\u011bdkem toho, jak delegace opou\u0161t\u011bly s\u00e1l Valn\u00e9ho shrom\u00e1\u017ed\u011bn\u00ed [OSN], to je tak\u00e9 b\u011b\u017en\u00e1 praxe. Ale abych byla up\u0159\u00edmn\u00e1, nepamatuji si, \u017ee by \u010dlenov\u00e9 delegac\u00ed opustili s\u00e1l Rady bezpe\u010dnosti a to ve velk\u00e9m po\u010dtu.&#8220;<\/em><\/p>\n<p><span>Ofici\u00e1ln\u00ed z\u00e1stupkyn\u011b rusk\u00e9ho ministerstva zahrani\u010d\u00ed ozna\u010dila to za nejobt\u00ed\u017en\u011bj\u0161\u00ed atmosf\u00e9ru v Rad\u011b bezpe\u010dnosti OSN, kde se d\u0159\u00edve vedla otev\u0159en\u00e1 debata o situaci na Bl\u00edzk\u00e9m v\u00fdchod\u011b a p\u0159edt\u00edm jedn\u00e1n\u00ed v\u011bnovan\u00e9 situaci na Ukrajin\u011b.<\/span><\/p>\n<p><img decoding=\"async\" loading=\"lazy\" class=\"alignnone size-full wp-image-1185\" src=\"http:\/\/www.infokuryr.cz\/n\/wp-content\/uploads\/2021\/04\/kuryr-podpis.png\" alt=\"\" width=\"84\" height=\"24\" \/><\/p>\n<p>&nbsp;<\/p>\n<p>&nbsp;<\/p>\n","protected":false},"excerpt":{"rendered":"<p>B\u011bhem projevu izraelsk\u00e9ho st\u00e1l\u00e9ho p\u0159edstavitele p\u0159i OSN Gilada Erdana v Rad\u011b bezpe\u010dnosti OSN opustily s\u00e1l&#8230;<\/p>\n","protected":false},"author":2,"featured_media":44556,"comment_status":"closed","ping_status":"closed","sticky":false,"template":"","format":"standard","meta":[],"categories":[7],"tags":[107,186,1408],"_links":{"self":[{"href":"https:\/\/www.infokuryr.cz\/n\/wp-json\/wp\/v2\/posts\/45539"}],"collection":[{"href":"https:\/\/www.infokuryr.cz\/n\/wp-json\/wp\/v2\/posts"}],"about":[{"href":"https:\/\/www.infokuryr.cz\/n\/wp-json\/wp\/v2\/types\/post"}],"author":[{"embeddable":true,"href":"https:\/\/www.infokuryr.cz\/n\/wp-json\/wp\/v2\/users\/2"}],"replies":[{"embeddable":true,"href":"https:\/\/www.infokuryr.cz\/n\/wp-json\/wp\/v2\/comments?post=45539"}],"version-history":[{"count":0,"href":"https:\/\/www.infokuryr.cz\/n\/wp-json\/wp\/v2\/posts\/45539\/revisions"}],"wp:featuredmedia":[{"embeddable":true,"href":"https:\/\/www.infokuryr.cz\/n\/wp-json\/wp\/v2\/media\/44556"}],"wp:attachment":[{"href":"https:\/\/www.infokuryr.cz\/n\/wp-json\/wp\/v2\/media?parent=45539"}],"wp:term":[{"taxonomy":"category","embeddable":true,"href":"https:\/\/www.infokuryr.cz\/n\/wp-json\/wp\/v2\/categories?post=45539"},{"taxonomy":"post_tag","embeddable":true,"href":"https:\/\/www.infokuryr.cz\/n\/wp-json\/wp\/v2\/tags?post=45539"}],"curies":[{"name":"wp","href":"https:\/\/api.w.org\/{rel}","templated":true}]}}