{"id":45538,"date":"2024-01-25T00:48:15","date_gmt":"2024-01-24T23:48:15","guid":{"rendered":"http:\/\/www.infokuryr.cz\/n\/?p=45538"},"modified":"2024-01-24T17:29:29","modified_gmt":"2024-01-24T16:29:29","slug":"kreml-podporuje-vyzvy-k-vysetrovani-francouzskych-zoldaku-na-ukrajine","status":"publish","type":"post","link":"https:\/\/www.infokuryr.cz\/n\/2024\/01\/25\/kreml-podporuje-vyzvy-k-vysetrovani-francouzskych-zoldaku-na-ukrajine\/","title":{"rendered":"Kreml podporuje v\u00fdzvy k vy\u0161et\u0159ov\u00e1n\u00ed francouzsk\u00fdch \u017eold\u00e1k\u016f na Ukrajin\u011b"},"content":{"rendered":"<div id=\"fb-root\"><\/div>\n<p><span style=\"font-size: 18pt;\"><strong>Pa\u0159\u00ed\u017e by m\u011bla vyvinout v\u011bt\u0161\u00ed \u00fasil\u00ed, aby odradila sv\u00e9 ob\u010dany od boj\u016f v ukrajinsk\u00e9m konfliktu, \u0159ekl Dmitrij Peskov<\/strong><\/span><\/p>\n<p><span>Francie by m\u011bla d\u016frazn\u011b odrazovat sv\u00e9 ob\u010dany od \u00fa\u010dasti na zlo\u010dinn\u00fdch akc\u00edch Kyjeva, \u0159ekl ve st\u0159edu mluv\u010d\u00ed Kremlu Dmitrij Peskov na tiskov\u00e9 konferenci.\u00a0Pa\u0159\u00ed\u017e ned\u00e1vno p\u0159iznala, \u017ee nem\u016f\u017ee zabr\u00e1nit sv\u00fdm ob\u010dan\u016fm cestovat na Ukrajinu bojovat proti Rusku.<\/span><\/p>\n<p><span>D\u0159\u00edve ve st\u0159edu ru\u0161t\u00ed z\u00e1konod\u00e1rci form\u00e1ln\u011b apelovali na francouzsk\u00fd parlament, aby vysv\u011btlil \u00fa\u010dast francouzsk\u00fdch \u017eold\u00e1k\u016f v konfliktu, a vyj\u00e1d\u0159ili politov\u00e1n\u00ed nad t\u00edm, \u017ee Francie\u00a0<\/span><em><span>\u201eprodlu\u017euje ag\u00f3nii nacistick\u00e9ho kyjevsk\u00e9ho re\u017eimu\u201c.<\/span><\/em><\/p>\n<p><span>Pa\u0159\u00ed\u017e ofici\u00e1ln\u011b pop\u0159ela, \u017ee by se najat\u00ed francouz\u0161t\u00ed voj\u00e1ci \u00fa\u010dastnili nep\u0159\u00e1telsk\u00fdch akc\u00ed, a ozna\u010dila to za\u00a0<\/span><em><span>\u201eruskou dezinformaci\u201c.<\/span><\/em><\/p>\n<p><span>Peskov v\u0161ak trval na tom, \u017ee Moskva m\u00e1\u00a0<\/span><em><span>\u201espolehliv\u00e9 informace\u201c<\/span><\/em><span>\u00a0, \u017ee francouz\u0161t\u00ed ob\u010dan\u00e9 jsou p\u0159\u00edtomni na Ukrajin\u011b a jednaj\u00ed jako \u017eold\u00e1ci.<\/span><\/p>\n<p><em><span>&#8222;Pokud jde o tvrzen\u00ed francouzsk\u00fdch p\u0159edstavitel\u016f, \u017ee nemohou nic ud\u011blat s t\u011bmi, kte\u0159\u00ed se cht\u011bj\u00ed z\u00fa\u010dastnit masakru na Ukrajin\u011b, litujeme toho a mysl\u00edme si, \u017ee je lep\u0161\u00ed zach\u00e1zet s va\u0161imi ob\u010dany opatrn\u011bji,&#8220; \u0159ekl<\/span><\/em><span> Peskov a d\u00e1le uvedl, \u017ee Pa\u0159\u00ed\u017e by m\u011bla\u00a0<\/span><em><span>\u201ealespo\u0148 d\u016frazn\u011b doporu\u010dit [sv\u00fdm ob\u010dan\u016fm], aby se ne\u00fa\u010dastnili zlo\u010dinn\u00fdch \u010din\u016f kyjevsk\u00e9ho re\u017eimu\u201c.<\/span><\/em><\/p>\n<p><span>Rusk\u00e1 arm\u00e1da minul\u00fd t\u00fdden ozn\u00e1mila, \u017ee p\u0159i p\u0159esn\u00e9m \u00faderu na ukrajinsk\u00e9 m\u011bsto Charkov zabila p\u0159es 60 zahrani\u010dn\u00edch bojovn\u00edk\u016f s t\u00edm, \u017ee v\u011bt\u0161ina z nich byli francouzsky mluv\u00edc\u00ed.\u00a0V reakci na to francouzsk\u00e9 ministerstvo zahrani\u010d\u00ed trvalo na tom, \u017ee\u00a0<\/span><em><span>\u201eFrancie nem\u00e1 \u017e\u00e1dn\u00e9 \u017eold\u00e1ky, ani na Ukrajin\u011b, ani jinde\u201c.<\/span><\/em><\/p>\n<p><span>Francouzsk\u00fd ministr obrany Sebastien Lecornu v\u0161ak pozd\u011bji uznal, \u017ee \u0159ada francouzsk\u00fdch ob\u010dan\u016f narukovala do boje po boku ukrajinsk\u00e9 arm\u00e1dy.\u00a0Zd\u016fraznil, \u017ee tito lid\u00e9 nem\u011bli \u017e\u00e1dn\u00e9 spojen\u00ed s francouzsk\u00fdmi ozbrojen\u00fdmi silami.<\/span><\/p>\n<p><span>\u017doldn\u00e9\u0159sk\u00e1 pr\u00e1ce je ve Francii nez\u00e1konn\u00e1 od roku 2003 a hroz\u00ed za ni a\u017e p\u011bt let v\u011bzen\u00ed a pokuta a\u017e 75 000 eur (81 000 USD).\u00a0Z\u00e1kon v\u0161ak umo\u017e\u0148uje francouzsk\u00fdm st\u00e1tn\u00edm p\u0159\u00edslu\u0161n\u00edk\u016fm\u00a0<\/span><em><span>\u201edobrovoln\u011b pracovat\u201c<\/span><\/em><span>\u00a0v ciz\u00edch vojensk\u00fdch sil\u00e1ch.<\/span><\/p>\n<p><img decoding=\"async\" loading=\"lazy\" class=\"alignnone size-full wp-image-1185\" src=\"http:\/\/www.infokuryr.cz\/n\/wp-content\/uploads\/2021\/04\/kuryr-podpis.png\" alt=\"\" width=\"84\" height=\"24\" \/><\/p>\n<p>&nbsp;<\/p>\n<p>&nbsp;<\/p>\n","protected":false},"excerpt":{"rendered":"<p>Pa\u0159\u00ed\u017e by m\u011bla vyvinout v\u011bt\u0161\u00ed \u00fasil\u00ed, aby odradila sv\u00e9 ob\u010dany od boj\u016f v ukrajinsk\u00e9m konfliktu,&#8230;<\/p>\n","protected":false},"author":2,"featured_media":440,"comment_status":"closed","ping_status":"closed","sticky":false,"template":"","format":"standard","meta":[],"categories":[7],"tags":[130,22,538,1870],"_links":{"self":[{"href":"https:\/\/www.infokuryr.cz\/n\/wp-json\/wp\/v2\/posts\/45538"}],"collection":[{"href":"https:\/\/www.infokuryr.cz\/n\/wp-json\/wp\/v2\/posts"}],"about":[{"href":"https:\/\/www.infokuryr.cz\/n\/wp-json\/wp\/v2\/types\/post"}],"author":[{"embeddable":true,"href":"https:\/\/www.infokuryr.cz\/n\/wp-json\/wp\/v2\/users\/2"}],"replies":[{"embeddable":true,"href":"https:\/\/www.infokuryr.cz\/n\/wp-json\/wp\/v2\/comments?post=45538"}],"version-history":[{"count":0,"href":"https:\/\/www.infokuryr.cz\/n\/wp-json\/wp\/v2\/posts\/45538\/revisions"}],"wp:featuredmedia":[{"embeddable":true,"href":"https:\/\/www.infokuryr.cz\/n\/wp-json\/wp\/v2\/media\/440"}],"wp:attachment":[{"href":"https:\/\/www.infokuryr.cz\/n\/wp-json\/wp\/v2\/media?parent=45538"}],"wp:term":[{"taxonomy":"category","embeddable":true,"href":"https:\/\/www.infokuryr.cz\/n\/wp-json\/wp\/v2\/categories?post=45538"},{"taxonomy":"post_tag","embeddable":true,"href":"https:\/\/www.infokuryr.cz\/n\/wp-json\/wp\/v2\/tags?post=45538"}],"curies":[{"name":"wp","href":"https:\/\/api.w.org\/{rel}","templated":true}]}}