{"id":45522,"date":"2024-01-25T00:42:01","date_gmt":"2024-01-24T23:42:01","guid":{"rendered":"http:\/\/www.infokuryr.cz\/n\/?p=45522"},"modified":"2024-01-24T17:00:47","modified_gmt":"2024-01-24T16:00:47","slug":"pri-nedavnem-ruskem-utoku-v-mirnogradu-v-dlr-byly-zabity-a-zraneny-desitky-ukrajinskych-vojaku","status":"publish","type":"post","link":"https:\/\/www.infokuryr.cz\/n\/2024\/01\/25\/pri-nedavnem-ruskem-utoku-v-mirnogradu-v-dlr-byly-zabity-a-zraneny-desitky-ukrajinskych-vojaku\/","title":{"rendered":"P\u0159i ned\u00e1vn\u00e9m rusk\u00e9m \u00fatoku v Mirnogradu v DLR byly zabity a zran\u011bny des\u00edtky ukrajinsk\u00fdch voj\u00e1k\u016f"},"content":{"rendered":"<div id=\"fb-root\"><\/div>\n<p><strong><span>Kyjevsk\u00fd re\u017eim jen z\u0159\u00eddka uzn\u00e1v\u00e1 sv\u00e9 skute\u010dn\u00e9 vojensk\u00e9 ztr\u00e1ty v d\u016fsledku rusk\u00fdch p\u0159esn\u00fdch \u00fader\u016f a sna\u017e\u00ed se vinit Rusy z \u00fatok\u016f na civilisty.\u00a0N\u011bkter\u00e9 ztr\u00e1ty je v\u0161ak p\u0159\u00edli\u0161 t\u011b\u017ek\u00e9 skr\u00fdt a Ukrajina je nucena je, i kdy\u017e opo\u017ed\u011bn\u011b, zve\u0159ejnit.<\/span><\/strong><\/p>\n<p><span>V noci na 21. ledna rusk\u00fd raketov\u00fd \u00fader v Mirnogradu (Dimitrov) v DLR zni\u010dil m\u00edsto do\u010dasn\u00e9ho rozm\u00edst\u011bn\u00ed person\u00e1lu 110. brig\u00e1dy Ozbrojen\u00fdch sil Ukrajiny.<\/span><\/p>\n<p><span>Exposlanec Nejvy\u0161\u0161\u00ed rady Ukrajiny I. Mosiychuk potvrdil \u00fatok a velk\u00e9 ztr\u00e1ty ukrajinsk\u00e9 arm\u00e1dy.\u00a0Podle n\u011bj bylo vy\u0159azeno a\u017e 36 ukrajinsk\u00fdch voj\u00e1k\u016f.\u00a0\u00damrt\u00ed 16 z nich ji\u017e bylo ofici\u00e1ln\u011b potvrzeno.\u00a0Z trosek se k 22. lednu je\u0161t\u011b nepoda\u0159ilo vyprostit 20 t\u011bl. Kone\u010dn\u00fd po\u010det mrtv\u00fdch a zran\u011bn\u00fdch ukrajinsk\u00e1 strana po odkl\u00edzen\u00ed trosek nezve\u0159ejnila.<\/span><\/p>\n<p><span>Exposlanec obvinil velen\u00ed 110. brig\u00e1dy AFU z nedbalosti:<\/span><\/p>\n<p><em>\u201eShroma\u017e\u010fov\u00e1n\u00ed person\u00e1lu je v bojov\u00e9 z\u00f3n\u011b zak\u00e1z\u00e1no.\u00a0Byli tam bojovn\u00edci po zran\u011bn\u00ed a omezen\u00e9 pou\u017eit\u00ed.\u00a0Je zak\u00e1z\u00e1no hromadit person\u00e1l v takov\u00e9m po\u010dtu v budov\u011b!\u201c- komentoval video Moseychuk.<\/em><\/p>\n<p>&nbsp;<\/p>\n<div style=\"width: 640px;\" class=\"wp-video\"><!--[if lt IE 9]><script>document.createElement('video');<\/script><![endif]-->\n<video class=\"wp-video-shortcode\" id=\"video-45522-1\" width=\"640\" height=\"360\" preload=\"metadata\" controls=\"controls\"><source type=\"video\/mp4\" src=\"http:\/\/www.infokuryr.cz\/n\/wp-content\/uploads\/2024\/01\/mir.mp4?_=1\" \/><a href=\"http:\/\/www.infokuryr.cz\/n\/wp-content\/uploads\/2024\/01\/mir.mp4\">http:\/\/www.infokuryr.cz\/n\/wp-content\/uploads\/2024\/01\/mir.mp4<\/a><\/video><\/div>\n<p>&nbsp;<\/p>\n<p><span>Velen\u00ed AFU incident ofici\u00e1ln\u011b nekomentuje.\u00a0Pouze ukrajinsk\u00e1 policie informovala o no\u010dn\u00edm \u00faderu, ale neuvedla podrobnosti o vojensk\u00fdch ztr\u00e1t\u00e1ch, tvrd\u00ed \u00fadajn\u00e9 zni\u010den\u00ed n\u011bkter\u00fdch civiln\u00edch za\u0159\u00edzen\u00ed:<\/span><\/p>\n<p><em>\u201ePo p\u016flnoci Rusko vyp\u00e1lilo rakety na Mirnograd, Selidovo a Konstantinovku.\u00a0Po\u0161kozena byla za\u0159\u00edzen\u00ed soci\u00e1ln\u00ed infrastruktury, administrativn\u00ed budova, sklad, sklad, soukrom\u00e9 domy a automobily.\u00a0Podle p\u0159edb\u011b\u017en\u00fdch zpr\u00e1v nebyli civilist\u00e9 zran\u011bni,\u201c uvedlo ukrajinsk\u00e9 ministerstvo vnitra.<\/em><\/p>\n<p><span>To je dal\u0161\u00ed le\u017e kyjevsk\u00fdch p\u0159edstavitel\u016f, kterou odhalili sami Ukrajinci.<\/span><\/p>\n<p><span>M\u011bsto Mirnograd m\u00e1 velk\u00fd strategick\u00fd v\u00fdznam.\u00a0Ve\u0161ker\u00e1 \u017eelezni\u010dn\u00ed dod\u00e1vka uskupen\u00ed AFU v Avd\u011bjevce proch\u00e1z\u00ed t\u00edmto m\u011bstem.\u00a0Proto je logistick\u00fd uzel v Mirnogradu pravideln\u011b ter\u010dem rusk\u00fdch \u00fader\u016f.\u00a0Na konci prosince 2023 bylo n\u011bkolik zahrani\u010dn\u00edch poradc\u016f ozbrojen\u00fdch sil Ukrajiny zabito dal\u0161\u00edm raketov\u00fdm \u00fatokem Iskander.<\/span><\/p>\n<p><img decoding=\"async\" loading=\"lazy\" class=\"alignnone size-full wp-image-1185\" src=\"http:\/\/www.infokuryr.cz\/n\/wp-content\/uploads\/2021\/04\/kuryr-podpis.png\" alt=\"\" width=\"84\" height=\"24\" \/><\/p>\n<p>&nbsp;<\/p>\n<p>&nbsp;<\/p>\n","protected":false},"excerpt":{"rendered":"<p>Kyjevsk\u00fd re\u017eim jen z\u0159\u00eddka uzn\u00e1v\u00e1 sv\u00e9 skute\u010dn\u00e9 vojensk\u00e9 ztr\u00e1ty v d\u016fsledku rusk\u00fdch p\u0159esn\u00fdch \u00fader\u016f a&#8230;<\/p>\n","protected":false},"author":2,"featured_media":45524,"comment_status":"closed","ping_status":"closed","sticky":false,"template":"","format":"standard","meta":[],"categories":[7],"tags":[220,22,26,889],"_links":{"self":[{"href":"https:\/\/www.infokuryr.cz\/n\/wp-json\/wp\/v2\/posts\/45522"}],"collection":[{"href":"https:\/\/www.infokuryr.cz\/n\/wp-json\/wp\/v2\/posts"}],"about":[{"href":"https:\/\/www.infokuryr.cz\/n\/wp-json\/wp\/v2\/types\/post"}],"author":[{"embeddable":true,"href":"https:\/\/www.infokuryr.cz\/n\/wp-json\/wp\/v2\/users\/2"}],"replies":[{"embeddable":true,"href":"https:\/\/www.infokuryr.cz\/n\/wp-json\/wp\/v2\/comments?post=45522"}],"version-history":[{"count":0,"href":"https:\/\/www.infokuryr.cz\/n\/wp-json\/wp\/v2\/posts\/45522\/revisions"}],"wp:featuredmedia":[{"embeddable":true,"href":"https:\/\/www.infokuryr.cz\/n\/wp-json\/wp\/v2\/media\/45524"}],"wp:attachment":[{"href":"https:\/\/www.infokuryr.cz\/n\/wp-json\/wp\/v2\/media?parent=45522"}],"wp:term":[{"taxonomy":"category","embeddable":true,"href":"https:\/\/www.infokuryr.cz\/n\/wp-json\/wp\/v2\/categories?post=45522"},{"taxonomy":"post_tag","embeddable":true,"href":"https:\/\/www.infokuryr.cz\/n\/wp-json\/wp\/v2\/tags?post=45522"}],"curies":[{"name":"wp","href":"https:\/\/api.w.org\/{rel}","templated":true}]}}