{"id":45503,"date":"2024-01-25T00:33:37","date_gmt":"2024-01-24T23:33:37","guid":{"rendered":"http:\/\/www.infokuryr.cz\/n\/?p=45503"},"modified":"2024-01-24T15:55:22","modified_gmt":"2024-01-24T14:55:22","slug":"nemecky-analytik-orban-je-na-balkane-vetsi-hrozbou-nez-putin","status":"publish","type":"post","link":"https:\/\/www.infokuryr.cz\/n\/2024\/01\/25\/nemecky-analytik-orban-je-na-balkane-vetsi-hrozbou-nez-putin\/","title":{"rendered":"N\u011bmeck\u00fd analytik: Orb\u00e1n je na Balk\u00e1n\u011b v\u011bt\u0161\u00ed hrozbou ne\u017e Putin"},"content":{"rendered":"<div id=\"fb-root\"><\/div>\n<div class=\"elementor-element elementor-element-1fb4c2c elementor-widget elementor-widget-theme-post-content\" data-id=\"1fb4c2c\" data-element_type=\"widget\" data-widget_type=\"theme-post-content.default\">\n<div class=\"elementor-widget-container\">\n<p><span style=\"font-size: 18pt;\"><strong>Ma\u010farsk\u00e9 veto chr\u00e1n\u00ed subjekt \u201eSrbsk\u00e1 republika\u201c, kter\u00fd je v sou\u010dasnosti v hled\u00e1\u010dku EU a USA<\/strong><\/span><\/p>\n<p><span>Adnan \u0106erimagi\u0107, analytik berl\u00ednsk\u00e9ho think-tanku European Stability Initiative, v rozhovoru pro \u0161v\u00fdcarsk\u00fd Neue Z\u00fcrcher Zeitung ob\u0161\u00edrn\u011b hovo\u0159il o tom, jak podle jeho n\u00e1zoru Viktor Orb\u00e1n p\u0159edstavuje pro balk\u00e1nsk\u00fd region v\u011bt\u0161\u00ed hrozbu ne\u017e Vladimir Putin.\u00a0U\u017e jen to, \u017ee Orb\u00e1n udr\u017euje dobr\u00e9 vztahy se srbsk\u00fdm prezidentem Aleksandarem Vu\u010di\u0107em, p\u0159edstavuje velk\u00e9 nebezpe\u010d\u00ed, uvedl analytik.<\/span><\/p>\n<p><span>\u201eOrb\u00e1n je vzorem pro B\u011blehrad a Banja Luku,\u201c \u0159ekl expert, kter\u00fd je rovn\u011b\u017e znepokojen t\u00edm, \u017ee Orb\u00e1n nyn\u00ed spolu s Putinem obdr\u017eel nejvy\u0161\u0161\u00ed vyznamen\u00e1n\u00ed Republiky srbsk\u00e9, takzvan\u00e9 \u201eSrbsk\u00e9 republiky\u201c, entity. Bosny a Hercegoviny Herzegovina, kter\u00e1 je domovem nejv\u011bt\u0161\u00edho po\u010dtu Srb\u016f v zemi.<\/span><\/p>\n<p><span>\u201ePremi\u00e9r Viktor Orb\u00e1n obdr\u017eel nejvy\u0161\u0161\u00ed vyznamen\u00e1n\u00ed Republiky srbsk\u00e9.\u00a0To je hrdost republiky a vd\u011b\u010dnost \u010dlov\u011bku, kter\u00fd je p\u0159ipraven n\u00e1s respektovat jako skute\u010dn\u00fd politick\u00fd fakt.\u00a0Moji lid\u00e9 a j\u00e1 jsme n\u00e1sledovali to, co jste ud\u011blali pro Republiku srbskou.\u00a0M\u00e1me p\u0159\u00edtele jako nikdy p\u0159edt\u00edm,\u201c \u0159ekl Dodik 9. ledna.\u00a0P\u0159esto\u017ee Orb\u00e1n nebyl na p\u0159ed\u00e1v\u00e1n\u00ed cen p\u0159\u00edtomen, bylo dohodnuto, \u017ee cenu osobn\u011b p\u0159evezme pozd\u011bji v m\u011bs\u00edci.<\/span><\/p>\n<p><span>Orb\u00e1n tak\u00e9 zablokoval pokusy EU uvalit sankce na Dodika, kter\u00fd ji\u017e byl sankcionov\u00e1n USA a Brit\u00e1ni\u00ed kv\u016fli jeho \u00fadajn\u00e9mu \u00fasil\u00ed proti Bosn\u011b a Hercegovin\u011b.<\/span><\/p>\n<p><span>\u0106erimagi\u0107 vysv\u011btlil, \u017ee Orb\u00e1nova podpora bosenskosrbsk\u00e9ho v\u016fdce Milorada Dodika poskytla bosenskosrbsk\u00e9mu politikovi politick\u00fd kapit\u00e1l, co\u017e podle n\u011bj ukazuje, \u017ee \u201eOrb\u00e1n je v regionu destruktivn\u011bj\u0161\u00ed ne\u017e Putin\u201c.\u00a0Berl\u00ednsk\u00fd analytik think-tanku vyzval EU a NATO, aby \u201euk\u00e1zaly Orb\u00e1novi a Vu\u010di\u0107ovi, kde je \u010derven\u00e1 \u010d\u00e1ra\u201c.<\/span><\/p>\n<p><span>Argumentoval t\u00edm, \u017ee Orb\u00e1na, Dodika a Vu\u010di\u0107e spojuje tak\u00e9 zp\u016fsob, jak\u00fdm p\u0159em\u00fd\u0161lej\u00ed o demografii a migraci.<\/span><\/p>\n<p><span style=\"font-size: 18pt;\"><strong>\u00dast\u0159edn\u00ed role Ma\u010farska v EU<\/strong><\/span><\/p>\n<p><span>\u0106erimagi\u0107 \u0159ekl, \u017ee Ma\u010farsko a Srbsko jsou dv\u011b nejd\u016fle\u017eit\u011bj\u0161\u00ed p\u00e1ky pro Evropskou unii v regionu:<\/span><\/p>\n<p><span>\u201eP\u00e1ky, kter\u00e9 m\u00e1 Brusel, jsou Srbsko a Ma\u010farsko.\u00a0Dodik m\u016f\u017ee z\u00edskat instituce v Republice srbsk\u00e9 pro p\u0159\u00edpadn\u00e9 odtr\u017een\u00ed pouze tehdy, bude-li m\u00edt viditelnou podporu zven\u010d\u00ed.\u00a0Proto mus\u00ed nyn\u00ed EU a NATO uk\u00e1zat Budape\u0161ti a B\u011blehradu \u010derven\u00e9 \u010d\u00e1ry.\u00a0Ma\u010farsko je v t\u00e9to konstelaci o to d\u016fle\u017eit\u011bj\u0161\u00ed, \u017ee m\u016f\u017ee vyu\u017e\u00edt sv\u00e9ho veta k ochran\u011b Srbska p\u0159ed sankcemi a intervencemi EU.<\/span><\/p>\n<\/div>\n<\/div>\n<div class=\"elementor-element elementor-element-8c57238 quelle dc-has-condition dc-condition-empty elementor-widget elementor-widget-heading\" data-id=\"8c57238\" data-element_type=\"widget\" data-widget_type=\"heading.default\">\n<div class=\"elementor-widget-container\">\n<h3 class=\"elementor-heading-title elementor-size-default\"><span style=\"font-size: 10pt;\"><a href=\"https:\/\/rmx.news\/european-union\/german-analyst-orban-is-bigger-threat-than-putin-in-the-balkans\/\" target=\"_blank\" rel=\"nofollow noopener\">ZDROJ<\/a><\/span><\/h3>\n<p>&nbsp;<\/p>\n<\/div>\n<\/div>\n","protected":false},"excerpt":{"rendered":"<p>Ma\u010farsk\u00e9 veto chr\u00e1n\u00ed subjekt \u201eSrbsk\u00e1 republika\u201c, kter\u00fd je v sou\u010dasnosti v hled\u00e1\u010dku EU a USA&#8230;<\/p>\n","protected":false},"author":2,"featured_media":37022,"comment_status":"closed","ping_status":"closed","sticky":false,"template":"","format":"standard","meta":[],"categories":[7],"tags":[2936,41,78,439],"_links":{"self":[{"href":"https:\/\/www.infokuryr.cz\/n\/wp-json\/wp\/v2\/posts\/45503"}],"collection":[{"href":"https:\/\/www.infokuryr.cz\/n\/wp-json\/wp\/v2\/posts"}],"about":[{"href":"https:\/\/www.infokuryr.cz\/n\/wp-json\/wp\/v2\/types\/post"}],"author":[{"embeddable":true,"href":"https:\/\/www.infokuryr.cz\/n\/wp-json\/wp\/v2\/users\/2"}],"replies":[{"embeddable":true,"href":"https:\/\/www.infokuryr.cz\/n\/wp-json\/wp\/v2\/comments?post=45503"}],"version-history":[{"count":0,"href":"https:\/\/www.infokuryr.cz\/n\/wp-json\/wp\/v2\/posts\/45503\/revisions"}],"wp:featuredmedia":[{"embeddable":true,"href":"https:\/\/www.infokuryr.cz\/n\/wp-json\/wp\/v2\/media\/37022"}],"wp:attachment":[{"href":"https:\/\/www.infokuryr.cz\/n\/wp-json\/wp\/v2\/media?parent=45503"}],"wp:term":[{"taxonomy":"category","embeddable":true,"href":"https:\/\/www.infokuryr.cz\/n\/wp-json\/wp\/v2\/categories?post=45503"},{"taxonomy":"post_tag","embeddable":true,"href":"https:\/\/www.infokuryr.cz\/n\/wp-json\/wp\/v2\/tags?post=45503"}],"curies":[{"name":"wp","href":"https:\/\/api.w.org\/{rel}","templated":true}]}}