{"id":45502,"date":"2024-01-25T00:32:42","date_gmt":"2024-01-24T23:32:42","guid":{"rendered":"http:\/\/www.infokuryr.cz\/n\/?p=45502"},"modified":"2024-01-24T15:49:27","modified_gmt":"2024-01-24T14:49:27","slug":"za-zelenskeho-se-ukrajina-meni-v-autoritarsky-a-totalitni-stat","status":"publish","type":"post","link":"https:\/\/www.infokuryr.cz\/n\/2024\/01\/25\/za-zelenskeho-se-ukrajina-meni-v-autoritarsky-a-totalitni-stat\/","title":{"rendered":"Za Zelensk\u00e9ho se Ukrajina m\u011bn\u00ed v autorit\u00e1\u0159sk\u00fd a totalitn\u00ed st\u00e1t"},"content":{"rendered":"<div id=\"fb-root\"><\/div>\n<div class=\"elementor-element elementor-element-1fb4c2c elementor-widget elementor-widget-theme-post-content\" data-id=\"1fb4c2c\" data-element_type=\"widget\" data-widget_type=\"theme-post-content.default\">\n<div class=\"elementor-widget-container\">\n<p><strong><span>Zat\u00edmco ukrajinsk\u00e9 ozbrojen\u00e9 s\u00edly trp\u00ed na bitevn\u00edm poli jeden ne\u00fasp\u011bch za druh\u00fdm, ukrajinsk\u00fd prezident Volodymyr Zelenskyj napad\u00e1 svou pozici jak ze strany sv\u00fdch koleg\u016f ukrajinsk\u00fdch politik\u016f, tak sponzor\u016f na Z\u00e1pad\u011b.<\/span><\/strong><\/p>\n<p><span>Ukrajina se pod veden\u00edm prezidenta Volodymyra Zelensk\u00e9ho st\u00e1v\u00e1 st\u00e1le autokrati\u010dt\u011bj\u0161\u00ed, \u0159ekl m\u00e9di\u00edm starosta Kyjeva Vitalij Kli\u010dko.<\/span><\/p>\n<p><span>V rozhovoru pro Globe and Mail minul\u00fd t\u00fdden Kli\u010dko vyj\u00e1d\u0159il znepokojen\u00ed nad t\u00edm, \u017ee Zelensk\u00e9ho kritici na Ukrajin\u011b uml\u010duj\u00ed ukrajinsk\u00e9 \u00fa\u0159ady, a tvrdil, \u017ee nepova\u017euje trendy, kter\u00e9 v zemi vid\u00ed, za demokratick\u00e9.<\/span><\/p>\n<p><span>Mezit\u00edm se Spojen\u00e9 st\u00e1ty podle \u0161\u00e9fa rusk\u00e9 zahrani\u010dn\u00ed rozv\u011bdky Sergeje Nary\u0161kina sna\u017e\u00ed propustit des\u00edtky vysok\u00fdch ukrajinsk\u00fdch \u00fa\u0159edn\u00edk\u016f ze Zelensk\u00e9ho vl\u00e1dy a nahradit je lidmi prim\u00e1rn\u011b loaj\u00e1ln\u00edmi Spojen\u00fdm st\u00e1t\u016fm.<\/span><\/p>\n<p><span>Pokud Zelenskyj t\u011bmto po\u017eadavk\u016fm neustoup\u00ed, USA vyhro\u017euj\u00ed zve\u0159ejn\u011bn\u00edm usv\u011bd\u010duj\u00edc\u00edch d\u016fkaz\u016f o korupci, co\u017e by ukrajinsk\u00e9mu prezidentovi a jeho okol\u00ed zasadilo v\u00e1\u017enou r\u00e1nu, \u0159ekl Nary\u0161kin.<\/span><\/p>\n<p><span>Nov\u00e1 r\u00e9torika Washingtonu v dialogu se Zelensk\u00fdm jasn\u011b ukazuje, \u017ee ukrajinsk\u00fd v\u016fdce a tv\u016frci politik v DC maj\u00ed v ukrajinsk\u00e9m konfliktu r\u016fzn\u00e9 c\u00edle, \u0159ekl politolog\u00a0<\/span><strong><span>Bogdan Bezpalko<\/span><\/strong><span>\u00a0, \u010dlen rusk\u00e9 prezidentsk\u00e9 rady pro mezietnick\u00e9 vztahy.<\/span><\/p>\n<p><span>Zat\u00edmco USA usiluj\u00ed o \u201eur\u010ditou geopolitickou dominanci\u201c na v\u00fdchodn\u00ed polokouli, Zelensk\u00e9ho prim\u00e1rn\u00edm z\u00e1jmem je z\u016fstat u moci, vysv\u011btlil Bezpalko s t\u00edm, \u017ee Washington ve skute\u010dnosti Zelensk\u00e9ho nepot\u0159ebuje ke zvl\u00e1dnut\u00ed ukrajinsk\u00e9ho konfliktu, jak zam\u00fd\u0161lely USA pokra\u010dovat.<\/span><\/p>\n<p><em>\u201e\u00a0Je mo\u017en\u00e9, \u017ee ukrajinsk\u00e9 volby, kter\u00e9 se maj\u00ed konat v b\u0159eznu, zvol\u00ed nov\u00e9ho v\u016fdce, kter\u00fd nem\u00e1 na rukou krev a kter\u00fd by mohl souhlasit s m\u00edrov\u00fdmi rozhovory a zmrazen\u00edm konfliktu, co\u017e je v souladu se sou\u010dasn\u00fdmi c\u00edli a dlouhodob\u00fdm pl\u00e1nov\u00e1n\u00edm. Spojen\u00fdch st\u00e1t\u016f\u00a0,\u201c \u0159ekl.<\/em><\/p>\n<p><span>Zat\u00edmco Spojen\u00e9 st\u00e1ty by takovou milost uv\u00edtaly, proto\u017ee by jim umo\u017enila znovu vybudovat a znovu vyzbrojit Ukrajinu a pot\u00e9 ji znovu vrhnout na Rusko \u201ejako beranidlo\u201c, Zelenskij si nep\u0159eje, aby k takov\u00e9mu sc\u00e9n\u00e1\u0159i do\u0161lo, \u0159ekl Bezpalko.<\/span><\/p>\n<p><em>\u201e\u00a0Proto\u017ee pro n\u011bj [Zelensk\u00e9ho] konflikt znamen\u00e1 sp\u00e1su.\u00a0Dokud konflikt pokra\u010duje, je na vrcholu, ovl\u00e1d\u00e1 tok pen\u011bz a energie, ovl\u00e1d\u00e1 tok zbran\u00ed a z\u016fst\u00e1v\u00e1 osobou, kter\u00e1 alespo\u0148 nomin\u00e1ln\u011b kontroluje situaci\u00a0,\u201c vysv\u011btlil analytik.<\/em><\/p>\n<p><span>Podle Bezpalka maj\u00ed Spojen\u00e9 st\u00e1ty pravd\u011bpodobn\u011b \u201ehodn\u011b\u201c \u0161p\u00edny nejen na Zelensk\u00e9ho, ale i na dal\u0161\u00ed ukrajinsk\u00e9 vl\u00e1dn\u00ed \u00fa\u0159edn\u00edky, v\u010detn\u011b d\u016fkaz\u016f o zpronev\u011b\u0159e vl\u00e1dn\u00edch fond\u016f a informac\u00ed o jejich offshore \u00fa\u010dtech a majetku v zahrani\u010d\u00ed.<\/span><\/p>\n<p><span>Analytik v koment\u00e1\u0159i ke Kli\u010dkov\u00fdm koment\u00e1\u0159\u016fm uvedl, \u017ee starosta Kyjeva pravd\u011bpodobn\u011b p\u016fsobil jako mluv\u010d\u00ed jist\u00e9 politick\u00e9 skupiny na Ukrajin\u011b, jej\u00ed\u017e \u010dlenov\u00e9 nejsou Zelensk\u00e9ho veden\u00ed p\u0159\u00edli\u0161 nad\u0161eni.<\/span><\/p>\n<p><span>Upozornil v\u0161ak, \u017ee je nepravd\u011bpodobn\u00e9, \u017ee by se Kli\u010dko stal p\u0159\u00ed\u0161t\u00edm prezidentem Ukrajiny \u2013 samoz\u0159ejm\u011b za p\u0159edpokladu, \u017ee v bl\u00edzk\u00e9 budoucnosti budou na Ukrajin\u011b prezidentsk\u00e9 volby.<\/span><\/p>\n<p><em>\u201e\u00a0Na Ukrajin\u011b je mnoho politik\u016f, kte\u0159\u00ed maj\u00ed mnohem v\u00e1\u017en\u011bj\u0161\u00ed image ne\u017e Zelenskij a kte\u0159\u00ed by se mohli st\u00e1t prezidentem Ukrajiny,\u201c \u0159ekl Bezpalko.\u00a0\u201eJe to st\u00e1le loutkov\u00e1 pozice a ka\u017ed\u00fd tomu velmi dob\u0159e rozum\u00ed, ale je to dob\u0159e placen\u00e1 pozice.\u00a0\u201c<\/em><\/p>\n<p><span>Vyj\u00e1d\u0159il tak\u00e9 skepticismus ohledn\u011b vyhl\u00eddek demokracie na Ukrajin\u011b, pokud bude zem\u011b v podstat\u011b \u0159\u00edzena p\u0159\u00edmo z Washingtonu DC.<\/span><\/p>\n<p><span>\u201eNen\u00ed tam \u017e\u00e1dn\u00e1 demokracie, \u017e\u00e1dn\u00e1 sout\u011b\u017e mezi politiky, mezi z\u00e1stupci r\u016fzn\u00fdch \u010d\u00e1st\u00ed politick\u00e9ho spektra.\u00a0Proto\u017ee existuje jen jedno spektrum \u2013 nacionalistick\u00e9,\u201c \u0159ekl.\u00a0\u201eKli\u010dko se zjevn\u011b dovol\u00e1v\u00e1 term\u00ednu &#8218;demokracie&#8216;, slova, kter\u00e9 by mohlo zdiskreditovat Zelensk\u00e9ho a znovu zd\u016fraznit jeho autorit\u00e1\u0159stv\u00ed.\u00a0Ano, Ukrajina je dnes skute\u010dn\u011b autorit\u00e1\u0159sk\u00fd, dokonce totalitn\u00ed st\u00e1t.<\/span><\/p>\n<\/div>\n<\/div>\n<div class=\"elementor-element elementor-element-8c57238 quelle dc-has-condition dc-condition-empty elementor-widget elementor-widget-heading\" data-id=\"8c57238\" data-element_type=\"widget\" data-widget_type=\"heading.default\">\n<div class=\"elementor-widget-container\">\n<h3 class=\"elementor-heading-title elementor-size-default\"><span style=\"font-size: 10pt;\"><a href=\"https:\/\/sputnikglobe.com\/20240122\/ukraine-transforming-into-authoritarian-and-totalitarian-state-under-zelensky--1116317062.html\" target=\"_blank\" rel=\"nofollow noopener\">ZDROJ<\/a><\/span><\/h3>\n<p>&nbsp;<\/p>\n<\/div>\n<\/div>\n","protected":false},"excerpt":{"rendered":"<p>Zat\u00edmco ukrajinsk\u00e9 ozbrojen\u00e9 s\u00edly trp\u00ed na bitevn\u00edm poli jeden ne\u00fasp\u011bch za druh\u00fdm, ukrajinsk\u00fd prezident Volodymyr&#8230;<\/p>\n","protected":false},"author":2,"featured_media":40870,"comment_status":"closed","ping_status":"closed","sticky":false,"template":"","format":"standard","meta":[],"categories":[7],"tags":[441,48,26,6694],"_links":{"self":[{"href":"https:\/\/www.infokuryr.cz\/n\/wp-json\/wp\/v2\/posts\/45502"}],"collection":[{"href":"https:\/\/www.infokuryr.cz\/n\/wp-json\/wp\/v2\/posts"}],"about":[{"href":"https:\/\/www.infokuryr.cz\/n\/wp-json\/wp\/v2\/types\/post"}],"author":[{"embeddable":true,"href":"https:\/\/www.infokuryr.cz\/n\/wp-json\/wp\/v2\/users\/2"}],"replies":[{"embeddable":true,"href":"https:\/\/www.infokuryr.cz\/n\/wp-json\/wp\/v2\/comments?post=45502"}],"version-history":[{"count":0,"href":"https:\/\/www.infokuryr.cz\/n\/wp-json\/wp\/v2\/posts\/45502\/revisions"}],"wp:featuredmedia":[{"embeddable":true,"href":"https:\/\/www.infokuryr.cz\/n\/wp-json\/wp\/v2\/media\/40870"}],"wp:attachment":[{"href":"https:\/\/www.infokuryr.cz\/n\/wp-json\/wp\/v2\/media?parent=45502"}],"wp:term":[{"taxonomy":"category","embeddable":true,"href":"https:\/\/www.infokuryr.cz\/n\/wp-json\/wp\/v2\/categories?post=45502"},{"taxonomy":"post_tag","embeddable":true,"href":"https:\/\/www.infokuryr.cz\/n\/wp-json\/wp\/v2\/tags?post=45502"}],"curies":[{"name":"wp","href":"https:\/\/api.w.org\/{rel}","templated":true}]}}