{"id":45461,"date":"2024-01-24T00:45:24","date_gmt":"2024-01-23T23:45:24","guid":{"rendered":"http:\/\/www.infokuryr.cz\/n\/?p=45461"},"modified":"2024-01-23T19:23:14","modified_gmt":"2024-01-23T18:23:14","slug":"rakusanovy-cesty-obcane-pozor-nenechme-se-nachytat-natoceno-pred-setkanim-s-obcany-v-karvine","status":"publish","type":"post","link":"https:\/\/www.infokuryr.cz\/n\/2024\/01\/24\/rakusanovy-cesty-obcane-pozor-nenechme-se-nachytat-natoceno-pred-setkanim-s-obcany-v-karvine\/","title":{"rendered":"Raku\u0161anovy cesty: Ob\u010dan\u00e9, pozor! Nenechme se nachytat! Nato\u010deno p\u0159ed setk\u00e1n\u00edm s ob\u010dany v Karvin\u00e9"},"content":{"rendered":"<div id=\"fb-root\"><\/div>\n<p><span style=\"font-size: 14pt;\"><strong>V\u00edte, \u017ee Raku\u0161an\u016fv STAN p\u0159ebarvili market\u00e9\u0159i na r\u016f\u017eovou a \u017elutou? V\u00edte, \u017ee r\u016f\u017eov\u00e1 barva se pou\u017e\u00edv\u00e1 ve v\u011bznic\u00edch ke zklidn\u011bn\u00ed v\u011bz\u0148\u016f a \u017ee ve \u017elut\u00fdch pokoj\u00edc\u00edch d\u011bti v\u00edce pl\u00e1\u010dou? A v\u00edte, \u017ee sou\u010dasn\u00fdm heslem soci\u00e1ln\u00edch s\u00edt\u00ed Raku\u0161anova STANu je Star\u00e1me se o lidi? Poj\u010fme na to.<\/strong><\/span><\/p>\n<p>&nbsp;<\/p>\n<p><iframe loading=\"lazy\" title=\"Raku\u0161anovy cesty: Ob\u010dan\u00e9, pozor! Nenechme se nachytat! Nato\u010deno p\u0159ed setk\u00e1n\u00edm s ob\u010dany v Karvin\u00e9\" width=\"640\" height=\"360\" src=\"https:\/\/www.youtube.com\/embed\/sOSpz2mscRA?start=2&#038;feature=oembed\" frameborder=\"0\" allow=\"accelerometer; autoplay; clipboard-write; encrypted-media; gyroscope; picture-in-picture; web-share\" allowfullscreen><\/iframe><\/p>\n<p><em>V\u0161echna videa, rozhovory a podcasty na jednom m\u00edst\u011b: www.abybylojasno.cz<\/em><\/p>\n<p>&nbsp;<\/p>\n<p><a href=\"https:\/\/stranapro.cz\/\"><img decoding=\"async\" loading=\"lazy\" class=\"wp-image-40286 aligncenter\" src=\"http:\/\/www.infokuryr.cz\/n\/wp-content\/uploads\/2023\/11\/12pro-300x87.png\" alt=\"\" width=\"1003\" height=\"291\" srcset=\"https:\/\/www.infokuryr.cz\/n\/wp-content\/uploads\/2023\/11\/12pro-300x87.png 300w, https:\/\/www.infokuryr.cz\/n\/wp-content\/uploads\/2023\/11\/12pro.png 366w\" sizes=\"(max-width: 1003px) 100vw, 1003px\" \/><\/a><\/p>\n<p>&nbsp;<\/p>\n<p>&nbsp;<\/p>\n","protected":false},"excerpt":{"rendered":"<p>V\u00edte, \u017ee Raku\u0161an\u016fv STAN p\u0159ebarvili market\u00e9\u0159i na r\u016f\u017eovou a \u017elutou? V\u00edte, \u017ee r\u016f\u017eov\u00e1 barva se&#8230;<\/p>\n","protected":false},"author":2,"featured_media":45462,"comment_status":"closed","ping_status":"closed","sticky":false,"template":"","format":"standard","meta":[],"categories":[6],"tags":[1342,29,1032,889],"_links":{"self":[{"href":"https:\/\/www.infokuryr.cz\/n\/wp-json\/wp\/v2\/posts\/45461"}],"collection":[{"href":"https:\/\/www.infokuryr.cz\/n\/wp-json\/wp\/v2\/posts"}],"about":[{"href":"https:\/\/www.infokuryr.cz\/n\/wp-json\/wp\/v2\/types\/post"}],"author":[{"embeddable":true,"href":"https:\/\/www.infokuryr.cz\/n\/wp-json\/wp\/v2\/users\/2"}],"replies":[{"embeddable":true,"href":"https:\/\/www.infokuryr.cz\/n\/wp-json\/wp\/v2\/comments?post=45461"}],"version-history":[{"count":1,"href":"https:\/\/www.infokuryr.cz\/n\/wp-json\/wp\/v2\/posts\/45461\/revisions"}],"predecessor-version":[{"id":45463,"href":"https:\/\/www.infokuryr.cz\/n\/wp-json\/wp\/v2\/posts\/45461\/revisions\/45463"}],"wp:featuredmedia":[{"embeddable":true,"href":"https:\/\/www.infokuryr.cz\/n\/wp-json\/wp\/v2\/media\/45462"}],"wp:attachment":[{"href":"https:\/\/www.infokuryr.cz\/n\/wp-json\/wp\/v2\/media?parent=45461"}],"wp:term":[{"taxonomy":"category","embeddable":true,"href":"https:\/\/www.infokuryr.cz\/n\/wp-json\/wp\/v2\/categories?post=45461"},{"taxonomy":"post_tag","embeddable":true,"href":"https:\/\/www.infokuryr.cz\/n\/wp-json\/wp\/v2\/tags?post=45461"}],"curies":[{"name":"wp","href":"https:\/\/api.w.org\/{rel}","templated":true}]}}