{"id":45459,"date":"2024-01-24T00:42:15","date_gmt":"2024-01-23T23:42:15","guid":{"rendered":"http:\/\/www.infokuryr.cz\/n\/?p=45459"},"modified":"2024-01-23T19:12:45","modified_gmt":"2024-01-23T18:12:45","slug":"jindrich-kulhavy-byl-to-jen-omyl","status":"publish","type":"post","link":"https:\/\/www.infokuryr.cz\/n\/2024\/01\/24\/jindrich-kulhavy-byl-to-jen-omyl\/","title":{"rendered":"Jind\u0159ich Kulhav\u00fd: Byl to jen omyl?"},"content":{"rendered":"<div id=\"fb-root\"><\/div>\n<p><span class=\"anotation\">Bill Gates v rozhovoru p\u0159ed kamerou p\u0159iznal, \u017ee cel\u00e1 covidhysterie byl nakonec omyl a \u0161lo o trochu hor\u0161\u00ed ch\u0159ipkov\u00e9 onemocn\u011bn\u00ed. Vyhozen\u00e9 stovky miliard r\u016fzn\u00fdch m\u011bn po cel\u00e9m sv\u011bt\u011b, pot\u00e1cej\u00edc\u00ed se ekonomiky, devastace mezilidsk\u00fdch vztah\u016f a n\u00e1siln\u00e1 represe ze strany st\u00e1tn\u00edch org\u00e1n\u016f v\u016f\u010di antivaxer\u016fm, zanedban\u00e9 vzd\u011bl\u00e1v\u00e1n\u00ed, pozast\u00e1vka kulturn\u00edch a sportovn\u00edch akc\u00ed a n\u00e1sledky nevhodn\u00e9 vakcinace, to v\u0161e byl pouze omyl elit ovl\u00e1daj\u00edc\u00edch sv\u011bt?\u00a0<\/span><\/p>\n<div id=\"pagetext\">\n<p>\u00a0 Lid\u00e9 odm\u00edtaj\u00edc\u00ed o\u010dkov\u00e1n\u00ed byli pod obrovsk\u00fdm tlakem, ob\u010das je n\u011bkdo vyhodil z pr\u00e1ce, p\u0159\u00edpadn\u011b se dostali do fyzick\u00e9ho konfliktu \u010di p\u0159ed soud. Skon\u010dilo mnoho nad\u011bjn\u00fdch sportovc\u016f, Novak Djokovi\u010d a p\u00e1r dal\u0161\u00edch tis\u00edc\u016f sportovc\u016f nesm\u011bli na n\u011bkter\u00e9 turnaje \u010di jin\u00e9 akce, dokonce m\u011bli zak\u00e1z\u00e1no tr\u00e9novat a \u00a0vstupovat na stadion (nap\u0159. ragbist\u00e9 ve Francii). Nepustili V\u00e1s do restaurac\u00ed, do divadel na ochozy sportovn\u00edch svatost\u00e1nk\u016f, nutili V\u00e1s nosit rou\u0161ky a n\u00e1s neposlu\u0161n\u00e9 m\u011bli t\u00e9m\u011b\u0159 na mu\u0161ce. Dva roky teroru, nesmysln\u00e9ho um\u00edr\u00e1n\u00ed na ventil\u00e1torech, medi\u00e1ln\u00edch l\u017e\u00ed a manipulac\u00ed s\u00a0po\u010dty zesnul\u00fdch, psychick\u00fd tlak, kter\u00e9mu podlehlo mnoho lid\u00ed, kte\u0159\u00ed by tu ch\u0159ipku p\u0159i spr\u00e1vn\u00e9 l\u00e9\u010db\u011b p\u0159e\u017eili. Utajen\u00e9 \u00fa\u010dinn\u00e9 l\u00e9ky. Po covidu z\u016fstala spou\u0161\u0165.<\/p>\n<p>Mezilidsk\u00e9 vztahy jsou na bodu nula, lid\u00e9 se b\u00e1li jeden druh\u00e9ho a slepit rozbit\u00e9 rodiny se u\u017e nikdy nemus\u00ed poda\u0159it. Elity si vyzkou\u0161ely, kam a\u017e mohou zaj\u00edt, p\u0159i\u010dem\u017e hranice mo\u017en\u00e9ho byla posunuta o neskute\u010dnou vzd\u00e1lenost. St\u00e1tn\u00ed pokladny, z\u00a0nich\u017e nejv\u00edce ta \u010desk\u00e1, zej\u00ed pr\u00e1zdnotou. Skon\u010dily tis\u00edce dosud zdrav\u00fdch firem, rozlo\u017een\u00e1 ekonomika n\u011bkter\u00fdch st\u00e1t\u016f degradovala mnoho p\u0159ede\u0161l\u00fdch let rozvoje. Naopak \u010c\u00edna se nadechnula k\u00a0obrovsk\u00e9mu vzestupu a likviduje Evropu ve velk\u00e9m. Big Pharma \u00fapln\u011b zm\u011bnila sv\u00e9 chov\u00e1n\u00ed a p\u0159estala lidi l\u00e9\u010dit. Nechce nad\u00e1le vyv\u00edjet nov\u00e1 antibiotika schopn\u00e1 bojovat se z\u00e1ke\u0159n\u00fdmi z\u00e1n\u011bty, m\u00edsto nich vsadila mRNA vakc\u00edny a l\u00e9ky p\u0159edur\u010den\u00e9 ke zm\u011bn\u00e1m v\u00a0DNA, za\u010dala si vyr\u00e1b\u011bt klienty v\u00a0podob\u011b nonstop nemocn\u00fdch. O nebezpe\u010dnosti t\u00e9to ,,discipl\u00edny\u201c se vedou z\u00e1sadn\u00ed spory a mezit\u00edm t\u0159eba u n\u00e1s chyb\u00ed z\u00e1kladn\u00ed l\u00e9\u010diva. Dalo by se pokra\u010dovat d\u00e1le, dopady covidu byly drastick\u00e9 v\u00a0mnoha sm\u011brech, p\u0159i\u010dem\u017e ty z\u00e1sadn\u00ed jsme vyjmenovali.<\/p>\n<p>Bill Gates, hlavn\u00ed tv\u00e1\u0159 covidohysterie, to nazval jako pouh\u00fd omyl. Pt\u00e1me se tedy, kdo je za to mal\u00e9 spleten\u00ed se zodpov\u011bdn\u00fd? Kdo bude nahrazovat dopady nevratn\u00fdch zm\u011bn a \u00fa\u010dtovat za obrovsk\u00e9 \u0161kody? A jak\u00e9 budou dal\u0161\u00ed omyly? U\u017e nyn\u00ed v\u00edme, \u017ee d\u016fvody k\u00a0spu\u0161t\u011bn\u00ed Green Dealu jsou tak\u00e9 postaven\u00e9 na l\u017ei, tentokr\u00e1t o \u00fa\u010dinnosti a \u0161kodlivosti CO2. A stejn\u011b tak v\u00edme, \u017ee n\u00e1sledn\u00e9 ztr\u00e1ty spole\u010dnosti budou zase obrovsk\u00e9. N\u011bkter\u00e9 z\u00a0dopad\u016f nesmysln\u00e9 snahy zachr\u00e1nit planetu p\u0159ed neexistuj\u00edc\u00edm nebezpe\u010d\u00edm jsou patrn\u00e9 u\u017e nyn\u00ed, a to jsme teprve na pomysln\u00e9m za\u010d\u00e1tku. Kdo vysv\u011btli z\u00e1stupc\u016fm\u00a0 ,,Posledn\u00ed generace\u201c, \u017ee jejich idiotsk\u00e9 protesty jsou d\u016fsledkem dal\u0161\u00edho omylu? Stejn\u011b tak drastick\u00e9 ceny a nedostatek energi\u00ed zp\u016fsoben\u00e9 zav\u00edr\u00e1n\u00edm n\u011bkolika druh\u016f elektr\u00e1ren \u00fadajn\u011b p\u0159isp\u00edvaj\u00edc\u00edch vymy\u0161len\u00e9mu oteplov\u00e1n\u00ed planety? Nen\u00ed pokus zastavit ho pouze nepochopen\u00edm existence pravideln\u00fdch cykl\u016f, p\u0159i kter\u00fdch se prost\u011b m\u011bn\u00ed podneb\u00ed a v\u00fdchylky pr\u016fm\u011brn\u00fdch teplot kol\u00edsaj\u00ed meziro\u010dn\u011b i o jeden a\u017e dva \u00b0C? Kolik n\u00e1s tento dal\u0161\u00ed pouh\u00fd omyl bude st\u00e1t?<\/p>\n<p><a href=\"https:\/\/stranapro.cz\/\"><img decoding=\"async\" loading=\"lazy\" class=\"alignnone  wp-image-40285 aligncenter\" src=\"http:\/\/www.infokuryr.cz\/n\/wp-content\/uploads\/2023\/11\/11pro-300x79.png\" alt=\"\" width=\"524\" height=\"138\" srcset=\"https:\/\/www.infokuryr.cz\/n\/wp-content\/uploads\/2023\/11\/11pro-300x79.png 300w, https:\/\/www.infokuryr.cz\/n\/wp-content\/uploads\/2023\/11\/11pro.png 363w\" sizes=\"(max-width: 524px) 100vw, 524px\" \/><\/a><\/p>\n<p>Samozvan\u00e9 elity se op\u011bt po roce se\u0161ly v\u00a0Davosu a na zased\u00e1n\u00ed nik\u00fdm nevolen\u00e9ho WEF d\u00e1le rozv\u00edjely sv\u00e9 my\u0161lenky a pl\u00e1ny na ovl\u00e1dnut\u00ed sv\u011bta. Napom\u00e1hat jim v\u00a0tom m\u00e1 plno dal\u0161\u00edch ,,jen omyl\u016f\u201c pu\u0161t\u011bn\u00fdch mezi lidi cel\u00e9ho sv\u011bta. Covid byl test, \u010dek\u00e1 z\u00e1hadn\u00fd virus X, kter\u00fd by \u00fadajn\u011b m\u011bl na planetu dorazit\u2026odkud asi? V\u00a0kter\u00e9 laborato\u0159i vznik\u00e1, kdy\u017e ty na Ukrajin\u011b Rusov\u00e9 na\u0161t\u011bst\u00ed srovnali se zem\u00ed? Bude to zase jen hor\u0161\u00ed ch\u0159ipka, nebo bude vypu\u0161t\u011bn skute\u010dn\u00fd zabij\u00e1k maj\u00edc\u00ed za \u00fakol sn\u00ed\u017eit velikost populace na planet\u011b? Pr\u00e1v\u011b o to v\u00a0svou nad\u0159azenost v\u011b\u0159\u00edc\u00edm majitel\u016fm v\u011bt\u0161iny v\u0161eho na Zemi jde. Nepot\u0159ebuj\u00ed nehodn\u00fd plebs, k\u00a0zaji\u0161t\u011bn\u00ed vlastn\u00edho pohodl\u00ed jim ho sta\u010d\u00ed desetina. Nezaj\u00edm\u00e1 je, \u017ee se na celou zem\u011bkouli vejde i desetin\u00e1sobek sou\u010dasn\u00e9ho po\u010dtu lid\u00ed. P\u0159edstavuj\u00ed si, jak by se jim \u017eilo na polopr\u00e1zdn\u00e9m m\u00edst\u011b v\u00a0na\u0161em vesm\u00edru.<\/p>\n<p>Covid nebyl omyl, bylo to zv\u011brstvo vytvo\u0159en\u00e9 ke\u00a0zkou\u0161ce na lidech. A to po v\u0161ech str\u00e1nk\u00e1ch. Otestovali mo\u017enosti zdravotnictv\u00ed, ekonomiky, medi\u00e1ln\u00ed s\u00edly, psychologick\u00e9ho n\u00e1tlaku a odolnosti bu\u0159i\u010d\u016f. Gates jako v\u017edy l\u017ee. Lid\u00e9 jemu podobn\u00ed si pouze p\u0159ipravili odrazi\u0161t\u011b k\u00a0daleko v\u011bt\u0161\u00edm ,,omyl\u016fm\u201c. Zjistili, \u017ee pro n\u011b nen\u00ed slo\u017eit\u00e9 sv\u00e1zat ob\u010dany do patn\u00e1ctiminutov\u00fdch m\u011bst, d\u00e1t jim digit\u00e1ln\u00ed identitu, maximalizovat kontrolu a zajistit poslu\u0161nost, politicky je zmasakrovat a vytvo\u0159it pr\u00e1vn\u00ed prost\u0159ed\u00ed likviduj\u00edc\u00ed jak\u00fdkoliv odpor. Posadit letadla na zem, sn\u00ed\u017eit v\u0161eobecnou mobilitu a vyd\u011blat obrovsk\u00e9 mno\u017estv\u00ed pen\u011bz. Covid uk\u00e1zal sv\u00fdm tv\u016frc\u016fm neskute\u010dn\u00e9 mo\u017enosti.<\/p>\n<p>P\u0159esto byste si m\u011bla jeho slova zapamatovat. Byl to podvod, ne omyl. Sice z\u00e1m\u011brn\u00fd, tedy sp\u00ed\u0161e le\u017e a nepravda. Stejn\u011b jako ve v\u011bt\u0161in\u011b ostatn\u00edch p\u0159\u00edpad\u016f a d\u016fvod\u016f, kv\u016fli kter\u00fdm se nyn\u00ed sna\u017e\u00ed zm\u011bnit sv\u011bt. Ti, co v\u00a0covid nev\u011b\u0159ili, se stav\u00ed v\u011bt\u0161inou i proti oteplov\u00e1n\u00ed planety a klimatohysterii, nev\u011b\u0159\u00ed v\u00a0uhl\u00edkov\u00e9 stopy, digit\u00e1ln\u00ed identity, bankovn\u00ed karty, nep\u0159esedl\u00e1vaj\u00ed na naprosto nepraktick\u00e9 elektromobily, dokonce nebuduj\u00ed na st\u0159ech\u00e1ch sv\u00fdch dom\u016f nebezpe\u010dn\u00e9 sol\u00e1rn\u00ed elektr\u00e1rny a vrtule jako ide\u00e1ln\u00ed n\u00e1stroj vn\u00edmaj\u00ed u vrtuln\u00edk\u016f. Jedin\u00e9, \u010deho se ob\u00e1vaj\u00ed, jsou dopady dal\u0161\u00edch omyl\u016f. Zkuste jim v\u00edce naslouchat. Sice jsou to bu\u0159i\u010di a dezol\u00e1ti, na druhou stranu jim z\u016fstal selsk\u00fd rozum. Nebo rad\u0161i v\u011b\u0159\u00edte t\u011bm, kte\u0159\u00ed se jenom tak trochu ob\u010das m\u00fdl\u00ed, jen maj\u00ed nav\u00edc prachy a vliv?<\/p>\n<p><a href=\"https:\/\/www.inadhled.live\/uvaha-dne\/byl-to-jen-omyl-\/\">Jind\u0159ich Kulhav\u00fd<\/a><\/p>\n<p><img decoding=\"async\" loading=\"lazy\" class=\"alignnone size-medium wp-image-22653\" src=\"http:\/\/www.infokuryr.cz\/n\/wp-content\/uploads\/2023\/02\/jindra-kulhavy-221x300.jpg\" alt=\"\" width=\"221\" height=\"300\" srcset=\"https:\/\/www.infokuryr.cz\/n\/wp-content\/uploads\/2023\/02\/jindra-kulhavy-221x300.jpg 221w, https:\/\/www.infokuryr.cz\/n\/wp-content\/uploads\/2023\/02\/jindra-kulhavy.jpg 311w\" sizes=\"(max-width: 221px) 100vw, 221px\" \/><\/p>\n<\/div>\n<p>&nbsp;<\/p>\n","protected":false},"excerpt":{"rendered":"<p>Bill Gates v rozhovoru p\u0159ed kamerou p\u0159iznal, \u017ee cel\u00e1 covidhysterie byl nakonec omyl a \u0161lo&#8230;<\/p>\n","protected":false},"author":2,"featured_media":45460,"comment_status":"closed","ping_status":"closed","sticky":false,"template":"","format":"standard","meta":[],"categories":[6],"tags":[23,1729,279,29,122],"_links":{"self":[{"href":"https:\/\/www.infokuryr.cz\/n\/wp-json\/wp\/v2\/posts\/45459"}],"collection":[{"href":"https:\/\/www.infokuryr.cz\/n\/wp-json\/wp\/v2\/posts"}],"about":[{"href":"https:\/\/www.infokuryr.cz\/n\/wp-json\/wp\/v2\/types\/post"}],"author":[{"embeddable":true,"href":"https:\/\/www.infokuryr.cz\/n\/wp-json\/wp\/v2\/users\/2"}],"replies":[{"embeddable":true,"href":"https:\/\/www.infokuryr.cz\/n\/wp-json\/wp\/v2\/comments?post=45459"}],"version-history":[{"count":0,"href":"https:\/\/www.infokuryr.cz\/n\/wp-json\/wp\/v2\/posts\/45459\/revisions"}],"wp:featuredmedia":[{"embeddable":true,"href":"https:\/\/www.infokuryr.cz\/n\/wp-json\/wp\/v2\/media\/45460"}],"wp:attachment":[{"href":"https:\/\/www.infokuryr.cz\/n\/wp-json\/wp\/v2\/media?parent=45459"}],"wp:term":[{"taxonomy":"category","embeddable":true,"href":"https:\/\/www.infokuryr.cz\/n\/wp-json\/wp\/v2\/categories?post=45459"},{"taxonomy":"post_tag","embeddable":true,"href":"https:\/\/www.infokuryr.cz\/n\/wp-json\/wp\/v2\/tags?post=45459"}],"curies":[{"name":"wp","href":"https:\/\/api.w.org\/{rel}","templated":true}]}}