{"id":45457,"date":"2024-01-24T00:38:58","date_gmt":"2024-01-23T23:38:58","guid":{"rendered":"http:\/\/www.infokuryr.cz\/n\/?p=45457"},"modified":"2024-01-23T19:09:10","modified_gmt":"2024-01-23T18:09:10","slug":"kdo-je-predurcen-promlouvat-k-obcanum-a-navrhovat-reseni","status":"publish","type":"post","link":"https:\/\/www.infokuryr.cz\/n\/2024\/01\/24\/kdo-je-predurcen-promlouvat-k-obcanum-a-navrhovat-reseni\/","title":{"rendered":"Kdo je p\u0159edur\u010den promlouvat k ob\u010dan\u016fm a navrhovat \u0159e\u0161en\u00ed?"},"content":{"rendered":"<div id=\"fb-root\"><\/div>\n<p><strong>Samoz\u0159ejm\u011b jsou to p\u0159edev\u0161\u00edm politici a odborn\u00edci z oboru, kter\u00fd je p\u0159edm\u011btem projedn\u00e1v\u00e1n\u00ed. Nejl\u00e9pe, kdy\u017e je politik v diskutovan\u00e9m oboru jako doma, proto\u017ee i mezi nimi se najdou tlachalov\u00e9. Medi\u00e1ln\u00ed prostor, kter\u00fd m\u00e1 s\u00edlu ovlivnit majoritu \u2013 viz reklama, nebude nikdy z povahy v\u011bci spravedliv\u011b rozd\u011blen, ale ur\u010dit\u00e1 mor\u00e1ln\u00ed selekce (ne cenzura!) by byla na m\u00edst\u011b.<\/strong><\/p>\n<div class=\"content\">\n<p>Nepsan\u00e1 mor\u00e1ln\u00ed selekce by m\u011bla um\u011bt rozli\u0161it, zda tok slov m\u00ed\u0159\u00ed k v\u00e1\u017en\u00e9 \u00favaze a nebo zda sm\u011b\u0159uje do p\u011bn\u00edc\u00ed \u0159\u00ed\u010dky zvan\u00e9 \u201ebulv\u00e1r\u201c. Jist\u011b zde t\u00e9ma \u017e\u00e1d\u00e1 alespo\u0148 p\u00e1r p\u0159\u00edklad\u016f, tak tedy nap\u0159.: Nep\u0159\u00edslu\u0161\u00ed panu Jaroslavu Hutkovi prostor na hlavn\u00ed stran\u011b PL pro hodnocen\u00ed jednotliv\u00fdch ministr\u016f, na to je tam rubrika \u201ePetice a n\u00e1zory\u201c; Jan Hru\u0161\u00ednk\u00fd tloukl do Babi\u0161e o sto \u0161est, ale dotace v mili\u00f3nech shr\u00e1bl a n\u00e1vrh p\u0159idal, \u017ee koronavirus u Babi\u0161e je jen z\u00e1st\u011brka; Tom\u00e1\u0161 Klus \u2013 jako p\u00edsni\u010dk\u00e1\u0159 ano, ale promluvy do politiky ne; atd. atd.<\/p>\n<p>Pro\u010d nem\u00e1 v\u00a0\u00e9teru stejn\u00fd prostor studovan\u00fd \u010dlov\u011bk z \u201eHorn\u00ed Doln\u00ed\u201c jako zpravidla matematick\u00e1 nula z\u00a0pra\u017esk\u00fdch divadel? Jist\u011b, vstupenkou je dobr\u00e1 dikce, tedy profesion\u00e1ln\u00ed vl\u00e1dnut\u00ed mluven\u00fdm slovem a ur\u010dit\u00e1 pov\u011bdomost z ve\u0159ejn\u00e9ho kulturn\u00edho prostoru. Netvrd\u00edm, \u017ee v\u017edy bl\u00e1bol\u00ed, najdou se i rozumn\u00e9 n\u00e1zory, ale ka\u017edop\u00e1dn\u011b je to protekce.<\/p>\n<p><a href=\"https:\/\/stranapro.cz\/\"><img decoding=\"async\" loading=\"lazy\" class=\"alignnone  wp-image-40285 aligncenter\" src=\"http:\/\/www.infokuryr.cz\/n\/wp-content\/uploads\/2023\/11\/11pro-300x79.png\" alt=\"\" width=\"554\" height=\"146\" srcset=\"https:\/\/www.infokuryr.cz\/n\/wp-content\/uploads\/2023\/11\/11pro-300x79.png 300w, https:\/\/www.infokuryr.cz\/n\/wp-content\/uploads\/2023\/11\/11pro.png 363w\" sizes=\"(max-width: 554px) 100vw, 554px\" \/><\/a><\/p>\n<p>Tady bych si p\u0159ih\u0159\u00e1l pol\u00edv\u010di\u010dku z\u00a0jin\u00e9ho, aktu\u00e1ln\u00edho soudku: sice z\u00a0jin\u00e9 pozice, ale ve stejn\u00e9m postaven\u00ed nem\u00edstn\u00e9ho vstupu do ve\u0159ejn\u00e9ho d\u011bn\u00ed je koresponden\u010dn\u00ed volba t\u011bch, kte\u0159\u00ed sice maj\u00ed dvoj\u00ed ob\u010danstv\u00ed, ale jsou dlouhodob\u011b v\u00a0zahrani\u010d\u00ed existen\u010dn\u011b za\u010dlen\u011bni do spole\u010dnosti s\u00a0minim\u00e1ln\u00edm stykem s\u00a0konzul\u00e1tem a s\u00a0\u010cR v\u016fbec. Nev\u00edm, v\u00a0jak hojn\u00e9m po\u010dtu se tito dostavuj\u00ed k volb\u00e1m na konzul\u00e1tu, ale je to stejn\u00e9 jako by t\u0159eba hutn\u00edk od vysok\u00fdch pec\u00ed promlouval do v\u00fdb\u011bru divadeln\u00edch her v\u00a0divadle Na Jezerce (vi\u010fte p.Hru\u0161\u00ednsk\u00fd \u2013 mysl\u00edm, \u017ee se kv\u016fli V\u00e1m t\u00e1ta v\u00a0hrob\u011b obrac\u00ed.) Ov\u0161em \u00fa\u0159edn\u00ed selekce mezi t\u011bmito a t\u0159eba lidmi na slu\u017eebn\u00ed cest\u011b, studenty na presti\u017en\u00edch \u0161kol\u00e1ch, do\u010dasn\u011b etablovan\u00fdch k\u00a0pomoci p\u0159\u00edbuzn\u00fdm apod. by byla velice o\u0161idn\u00e1.(m.j. n\u00e1zor k\u00a0t\u00e9matu je v\u00a0minul\u00e9m \u010dl\u00e1nku) a proto bych zachoval st\u00e1vaj\u00edc\u00ed stav s\u00a0minim\u00e1ln\u00edm vylep\u0161en\u00edm.<\/p>\n<p>Je ov\u0161em trag\u00e9di\u00ed st\u00e1tu, kdy\u017e u sou\u010dasn\u00e9 vl\u00e1dy nenal\u00e9z\u00e1me ty pot\u0159ebn\u00e9 kompetence k\u00a0promluv\u00e1m k\u00a0ob\u010dan\u016fm a co hor\u0161\u00edho, pot\u0159ebnou kvalifikaci ke kon\u00e1n\u00ed. Kdy\u017e u\u017e i \u0159adov\u00fd ob\u010dan m\u016f\u017ee konstatovat, \u017ee p\u0159edseda vl\u00e1dy o\u010dividn\u011b l\u017ee \u2013 nap\u0159. opakovan\u00e1 chv\u00e1la na sebe, jak jsme se zbavili rusk\u00e9ho plynu a ropy, kdy\u017e z\u00a0jin\u00fdch zdroj\u016f v\u00edme, \u017ee p\u0159es prost\u0159edn\u00edky bereme t\u011bchto komodit v\u00edce ne\u017e p\u0159ed v\u00e1lkou. Ale to je na jin\u00fd \u010dl\u00e1nek.<\/p>\n<p>Co \u0159\u00edci z\u00e1v\u011brem: t\u00e9ma je to na mnoho stran; ano, m\u00e1me svobodu slova (a ur\u010dit\u011b z n\u00ed nechceme ukrojit ani kousek), ale m\u011bl by existovat manu\u00e1l, kter\u00fd po\u0161le bl\u00e1boly nekompetentn\u00edch do bulv\u00e1rn\u00edho \u0159e\u010di\u0161t\u011b \u2013 to\u0165 ur\u010dit\u011b pr\u00e1ce pro ve\u0159ejnopr\u00e1vn\u00ed televizi a rozhlas, ale nesm\u00ed tyto m\u00e9dia v tom \u0159e\u010di\u0161ti b\u00fdt a \u010dvachtat si spokojen\u011b no\u017ekama!<\/p>\n<\/div>\n<div class=\"content_sub\">\n<div class=\"content_sub_author\">\n<div class=\"autor\"><em><strong>Miroslav Kulhav\u00fd<\/strong><\/em><\/div>\n<div class=\"motto\"><em>Jsem d\u016fchodce, kter\u00fd neztratil z\u00e1jem o d\u011bn\u00ed doma i v zahrani\u010d\u00ed.<\/em><\/div>\n<\/div>\n<\/div>\n<div><\/div>\n<div><\/div>\n","protected":false},"excerpt":{"rendered":"<p>Samoz\u0159ejm\u011b jsou to p\u0159edev\u0161\u00edm politici a odborn\u00edci z oboru, kter\u00fd je p\u0159edm\u011btem projedn\u00e1v\u00e1n\u00ed. Nejl\u00e9pe, kdy\u017e&#8230;<\/p>\n","protected":false},"author":2,"featured_media":33247,"comment_status":"closed","ping_status":"closed","sticky":false,"template":"","format":"standard","meta":[],"categories":[6],"tags":[29,2494,1975,122],"_links":{"self":[{"href":"https:\/\/www.infokuryr.cz\/n\/wp-json\/wp\/v2\/posts\/45457"}],"collection":[{"href":"https:\/\/www.infokuryr.cz\/n\/wp-json\/wp\/v2\/posts"}],"about":[{"href":"https:\/\/www.infokuryr.cz\/n\/wp-json\/wp\/v2\/types\/post"}],"author":[{"embeddable":true,"href":"https:\/\/www.infokuryr.cz\/n\/wp-json\/wp\/v2\/users\/2"}],"replies":[{"embeddable":true,"href":"https:\/\/www.infokuryr.cz\/n\/wp-json\/wp\/v2\/comments?post=45457"}],"version-history":[{"count":1,"href":"https:\/\/www.infokuryr.cz\/n\/wp-json\/wp\/v2\/posts\/45457\/revisions"}],"predecessor-version":[{"id":45458,"href":"https:\/\/www.infokuryr.cz\/n\/wp-json\/wp\/v2\/posts\/45457\/revisions\/45458"}],"wp:featuredmedia":[{"embeddable":true,"href":"https:\/\/www.infokuryr.cz\/n\/wp-json\/wp\/v2\/media\/33247"}],"wp:attachment":[{"href":"https:\/\/www.infokuryr.cz\/n\/wp-json\/wp\/v2\/media?parent=45457"}],"wp:term":[{"taxonomy":"category","embeddable":true,"href":"https:\/\/www.infokuryr.cz\/n\/wp-json\/wp\/v2\/categories?post=45457"},{"taxonomy":"post_tag","embeddable":true,"href":"https:\/\/www.infokuryr.cz\/n\/wp-json\/wp\/v2\/tags?post=45457"}],"curies":[{"name":"wp","href":"https:\/\/api.w.org\/{rel}","templated":true}]}}