{"id":45456,"date":"2024-01-24T00:34:34","date_gmt":"2024-01-23T23:34:34","guid":{"rendered":"http:\/\/www.infokuryr.cz\/n\/?p=45456"},"modified":"2024-01-23T19:05:09","modified_gmt":"2024-01-23T18:05:09","slug":"jiri-paroubek-vlada-skodlivych-a-neschopnych-popletu","status":"publish","type":"post","link":"https:\/\/www.infokuryr.cz\/n\/2024\/01\/24\/jiri-paroubek-vlada-skodlivych-a-neschopnych-popletu\/","title":{"rendered":"Ji\u0159\u00ed Paroubek: Vl\u00e1da \u0161kodliv\u00fdch a neschopn\u00fdch poplet\u016f\u2026"},"content":{"rendered":"<div id=\"fb-root\"><\/div>\n<p><strong>Vl\u00e1da P. Fialy se dostala v pr\u016fzkumech ve\u0159ejn\u00e9ho m\u00edn\u011bn\u00ed a\u017e na \u00farove\u0148 17% d\u016fv\u011bry ve\u0159ejnosti. Je to rekordn\u011b n\u00edzk\u00e9 \u010d\u00edslo, kter\u00e9 snad u\u017e ani d\u00e1l klesat nem\u016f\u017ee. T\u011b\u017eko bychom hledali v polistopadov\u00e9 historii \u010ceskoslovenska a \u010ceska vl\u00e1du s podobn\u011b n\u00edzkou d\u016fv\u011brou ve\u0159ejnosti.<\/strong><\/p>\n<p>Zvl\u00e1\u0161tn\u00ed ov\u0161em je, \u017ee kritiku mainstreamov\u00fdch m\u00e9di\u00ed tolik nevzbuzuj\u00ed \u010diny vl\u00e1dy, kter\u00e9 velmi z\u00e1va\u017en\u00fdm zp\u016fsobem ohro\u017euj\u00ed do budoucna ekonomiku st\u00e1tu a tedy jeho n\u00e1rodn\u00ed z\u00e1jmy, ale \u010diny m\u00e9n\u011b podstatn\u00e9.<\/p>\n<p>V z\u00e1sad\u011b jedinou v\u00fdznamnou polo\u017ekou st\u00e1tn\u00edho rozpo\u010dtu, kter\u00e1 zaznamenala v huben\u00fdch letech hospod\u00e1\u0159sk\u00e9 stagnace v\u00fdznamn\u00fd r\u016fst o des\u00edtky miliard korun, jsou v\u00fddaje na zbrojen\u00ed. A logicky z toho vypl\u00fdv\u00e1, \u017ee pokud leto\u0161n\u00ed p\u0159\u00edjmy st\u00e1tn\u00edho rozpo\u010dtu vlastn\u011b stagnuj\u00ed a jedna polo\u017eka v\u00fddaj\u016f v\u00fdrazn\u011b roste (pominu-li d\u016fchody, kde je to pochopiteln\u00e9), nen\u00ed potom dostatek pen\u011bz ani ve zdravotnictv\u00ed, \u0161kolstv\u00ed, soci\u00e1ln\u00ed oblasti, kultu\u0159e i jinde. Proto zde m\u00e1me protesty l\u00e9ka\u0159\u016f a nemocni\u010dn\u00edho person\u00e1lu, kter\u00e9 se v z\u00e1v\u011bru roku poda\u0159ilo za\u017eehnat, sp\u00ed\u0161e v\u0161ak odsunout o n\u011bjak\u00e9ho p\u016flroku. Vl\u00e1da nebude schopna po\u017eadavky l\u00e9ka\u0159\u016f prost\u011b \u0159e\u0161it. Podobn\u00e9 je to se \u0161kolstv\u00edm, kde se sice situace uklidnila, ale latentn\u011b hroz\u00ed, \u017ee se krize brzy vr\u00e1t\u00ed.<\/p>\n<p>Tak\u00e9 pracovn\u00edk\u016fm v soci\u00e1ln\u00edch za\u0159\u00edzen\u00edch \u0159\u00edzen\u00fdch st\u00e1tem budou klesat mzdy. A bylo by mo\u017en\u00e9 pokra\u010dovat.<\/p>\n<p>Mainstreamov\u00e1 m\u00e9dia se touto diskrepanc\u00ed v rozpo\u010dtu, kde jsou preferov\u00e1ny v \u010dase nouze a stagnace p\u0159\u00edjm\u016f\u00a0 st\u00e1tn\u00edho rozpo\u010dtu n\u00e1kupy zbran\u00ed nijak nezab\u00fdvaj\u00ed.<\/p>\n<p>Stejn\u011b tak se m\u00e9dia kriticky nezab\u00fdvaj\u00ed n\u00e1kupy americk\u00fdch st\u00edha\u010dek F-35, kter\u00e9 v p\u0159\u00ed\u0161t\u00edch 10 letech zat\u00ed\u017e\u00ed st\u00e1tn\u00ed rozpo\u010det \u010d\u00e1stkou n\u011bkolika set miliard korun. Nevzru\u0161uj\u00ed je ani n\u00e1kupy \u0161v\u00e9dsk\u00fdch obrn\u011bn\u00fdch vozidel a n\u011bmeck\u00fdch tank\u016f Leopard za des\u00edtky miliard korun. J\u00e1 bych takov\u00e9 n\u00e1kupy nazval zni\u010duj\u00edc\u00edm \u00fatokem na finan\u010dn\u00ed kapacitu st\u00e1tu. Ale sou\u010dasn\u00e1 vl\u00e1da to vid\u00ed jinak. \u017divotn\u00ed \u00farove\u0148 ob\u010dan\u016f je j\u00ed vcelku fuk. A mainstreamov\u00e1 m\u00e9dia o tom diskr\u00e9tn\u011b ml\u010d\u00ed. Vl\u00e1da, jak jsem v\u00fd\u0161e uvedl, se dostala a\u017e na \u00farove\u0148 17% d\u016fv\u011bryhodnosti, co\u017e je v mezin\u00e1rodn\u00edm srovn\u00e1n\u00ed s jin\u00fdmi zem\u011bmi rekordn\u011b n\u00edzk\u00e9 \u010d\u00edslo. M\u00edrn\u011b j\u00ed konkuruje jen velmi nepopul\u00e1rn\u00ed sou\u010dasn\u00e1 japonsk\u00e1 vl\u00e1da, kter\u00e1 d\u011bl\u00e1 v\u0161e ( jak jsem se mohl dozv\u011bd\u011bt p\u0159i sv\u00e9m ned\u00e1vn\u00e9m\u00a0 rozhovoru s b\u00fdval\u00fdm japonsk\u00fdm premi\u00e9rem), aby si znep\u0159\u00e1telila \u0161irok\u00e9 vrstvy japonsk\u00e9 ve\u0159ejnosti.<\/p>\n<p><a href=\"https:\/\/stranapro.cz\/\"><img decoding=\"async\" loading=\"lazy\" class=\"alignnone  wp-image-40285 aligncenter\" src=\"http:\/\/www.infokuryr.cz\/n\/wp-content\/uploads\/2023\/11\/11pro-300x79.png\" alt=\"\" width=\"634\" height=\"167\" srcset=\"https:\/\/www.infokuryr.cz\/n\/wp-content\/uploads\/2023\/11\/11pro-300x79.png 300w, https:\/\/www.infokuryr.cz\/n\/wp-content\/uploads\/2023\/11\/11pro.png 363w\" sizes=\"(max-width: 634px) 100vw, 634px\" \/><\/a><\/p>\n<p>Na\u0161e novin\u00e1\u0159e v mainstreamov\u00fdch m\u00e9di\u00edch nezaj\u00edmaj\u00ed tedy v\u011bci velmi podstatn\u00e9, zato je v\u0161ak zaj\u00edmaj\u00ed v\u011bci sice odsouzen\u00edhodn\u00e9, ale m\u00e9n\u011b podstatn\u00e9. A tak zat\u00edm nen\u00ed vy\u0159e\u0161eno pob\u00fdv\u00e1n\u00ed vicepremi\u00e9ra a ministra pr\u00e1ce Jure\u010dky na mejdanu, kter\u00fd se po\u0159\u00e1dal na jeho ministerstvu t\u011bsn\u011b\u00a0 po d\u011bsiv\u00e9 st\u0159elb\u011b \u0161\u00edlen\u00e9ho st\u0159elce na Filozofick\u00e9 fakult\u011b UK. Vicepremi\u00e9r se pr\u00fd zdr\u017eel na ministerstvu, kde se p\u0159edv\u00e1no\u010dn\u00ed\u00a0 trachtace odehr\u00e1vala a\u017e do p\u016fl \u010dtvrt\u00e9 r\u00e1no. Na spole\u010densk\u00fdch akc\u00edch p\u0159edsedy strany b\u00fdv\u00e1 obvykl\u00e9, \u017ee se jich \u00fa\u010dastn\u00ed tak\u00e9 dal\u0161\u00ed ve\u0159ejn\u00ed funkcion\u00e1\u0159i strany. Nev\u0161iml jsem si v m\u00e9di\u00edch, \u017ee by do\u0161lo k ot\u00e1zk\u00e1m na toto t\u00e9ma a k eventu\u00e1ln\u00ed snaze toto rozkr\u00fdt. Jure\u010dku pochopiteln\u011b diskvalifikuje nejen \u00fa\u010dast na mejdanu v nevhodn\u00e9 dob\u011b, ale tak\u00e9 jeho l\u017eiv\u00e9 ml\u017een\u00ed o t\u00e9to akci.<\/p>\n<p>A nyn\u00ed se dost\u00e1v\u00e1 do podobn\u00fdch probl\u00e9m\u016f s\u00e1m premi\u00e9r. Ulo\u017eil milion korun do podivn\u00e9 z\u00e1lo\u017eny a stal se tak jej\u00edm pod\u00edln\u00edkem, \u010dlenem dru\u017estva, jen\u017e vlastn\u00ed dru\u017estevn\u00ed pod\u00edl a zapomn\u011bl tento pod\u00edl nahl\u00e1sit ve sv\u00e9m p\u0159izn\u00e1n\u00ed.\u00a0 To by snad bylo pochopiteln\u00e9 v situaci, kdy\u017e by P. Fiala n\u011bkde zapomn\u011bl nahl\u00e1sit\u00a0 n\u011bjak\u00fdch 20 tis\u00edc korun. Ale jeden milion? To je v\u011bru hodn\u011b pen\u011bz. Alespo\u0148 pro 95% na\u0161ich spoluob\u010dan\u016f. Krom\u011b toho, z\u00e1lo\u017ena, u kter\u00e9 si premi\u00e9r ulo\u017eil sv\u00e9 pen\u00edze a jej\u00edm\u017e je de facto spolumajitelem (spolu se 122 dal\u0161\u00edmi osobami), se vyznamenala n\u011bkter\u00fdmi velmi podivn\u00fdmi operacemi. Korunu v\u0161emu premi\u00e9r nasadil ov\u0161em t\u00edm, kdy\u017e ve\u0159ejn\u011b sd\u011blil, \u017ee mu poradil vstup do t\u00e9to z\u00e1lo\u017eny a ulo\u017een\u00ed pen\u011bz pr\u00e1v\u011b v n\u00ed, b\u00fdval\u00fd \u201eporadce\u201c soc. dem. premi\u00e9ra Sobotky a soc. dem. ministra vnitra Chovance, Milo\u0161 R\u016f\u017ei\u010dka. Takto jeden ze zakladatel\u016f (spolu s J. Bisem) vlivov\u00e9 agentury Bison &amp; Rose. Je to poprv\u00e9, kdy premi\u00e9r Fiala mluv\u00ed na ve\u0159ejnosti o spojen\u00ed s t\u00edmto \u010dlov\u011bkem, kter\u00fd \u201eradil N\u011bmc\u016fm, a\u017e prohr\u00e1li v\u00e1lku\u201c. A pot\u00e9 soc. dem. politiky opustil a nyn\u00ed podle v\u0161eho (a to je informace, kter\u00e1 v zasv\u011bcen\u00fdch kruz\u00edch koluje ji\u017e dlouhou dobu) rad\u00ed premi\u00e9ru Fialovi\u2026 A tato rada, t\u00fdkaj\u00edc\u00ed se vlo\u017een\u00ed pen\u011bz do probl\u00e9mov\u00e9 z\u00e1lo\u017eny, se opravdu poda\u0159ila.<\/p>\n<p>Bylo by zaj\u00edmav\u00e9 v\u011bd\u011bt, zda Ru\u017ei\u010dka s Bisem anebo Bison &amp; Rose st\u00e1le pokra\u010duj\u00ed ve spolupr\u00e1ci se Zde\u0148kem Bakalou. A zda jsou st\u00e1le oba p\u00e1nov\u00e9 konzultanty firmy Bison &amp; Rose, ze kter\u00e9 tito dva jej\u00ed zakladatel\u00e9 p\u0159ed lety vystoupili. Z\u0159ejm\u011b proto, aby si uvolnili ruce.<\/p>\n<p>V p\u0159\u00edpadech obou politik\u016f, tedy Fialy a Jure\u010dky, se nejedn\u00e1 o probl\u00e9my bagateln\u00ed, jak to nazna\u010duj\u00ed n\u011bkte\u0159\u00ed politici vl\u00e1dn\u00ed koalice. Konec konc\u016f, mejdan na ministerstvu pr\u00e1ce byl m\u00e9dii u\u017e natolik rozpatl\u00e1n, \u017ee se stal pro Jure\u010dku existen\u010dn\u00edm probl\u00e9mem. Lidov\u00e1 strana se nejsp\u00ed\u0161 bude muset zbavit sv\u00e9ho ne\u00fasp\u011b\u0161n\u00e9ho l\u00eddra, kter\u00fd ji p\u0159ivedl a\u017e na pr\u00e1h naprost\u00e9 nevolitelnosti, jak to aspo\u0148 ukazuj\u00ed pr\u016fzkumy ve\u0159ejn\u00e9ho m\u00edn\u011bn\u00ed. A kter\u00fd se jako p\u0159edseda strany uchyluje, ke sv\u00e9 \u0161kod\u011b, k v\u011bcem, kter\u00e9 nepomohou p\u0159ed ve\u0159ejnost\u00ed ani jeho stran\u011b, ani jemu osobn\u011b. Prost\u011b se stal pro svou stranu balastn\u00ed p\u0159\u00edt\u011b\u017e\u00ed.<\/p>\n<p>A podobn\u011b je na tom i premi\u00e9r Fiala&#8230;<\/p>\n<p><a href=\"https:\/\/vasevec.info\/domaci-politika\/jiri-paroubek-vlada-skodlivych-neschopnych-popletu\">Ji\u0159\u00ed Paroubek<\/a><\/p>\n<p><img decoding=\"async\" loading=\"lazy\" class=\"alignnone size-medium wp-image-2342\" src=\"http:\/\/www.infokuryr.cz\/n\/wp-content\/uploads\/2021\/06\/paroubek-300x208.jpg\" alt=\"\" width=\"300\" height=\"208\" srcset=\"https:\/\/www.infokuryr.cz\/n\/wp-content\/uploads\/2021\/06\/paroubek-300x208.jpg 300w, https:\/\/www.infokuryr.cz\/n\/wp-content\/uploads\/2021\/06\/paroubek.jpg 318w\" sizes=\"(max-width: 300px) 100vw, 300px\" \/><\/p>\n<p>&nbsp;<\/p>\n","protected":false},"excerpt":{"rendered":"<p>Vl\u00e1da P. Fialy se dostala v pr\u016fzkumech ve\u0159ejn\u00e9ho m\u00edn\u011bn\u00ed a\u017e na \u00farove\u0148 17% d\u016fv\u011bry ve\u0159ejnosti&#8230;.<\/p>\n","protected":false},"author":2,"featured_media":6914,"comment_status":"closed","ping_status":"closed","sticky":false,"template":"","format":"standard","meta":[],"categories":[6],"tags":[29,122,99],"_links":{"self":[{"href":"https:\/\/www.infokuryr.cz\/n\/wp-json\/wp\/v2\/posts\/45456"}],"collection":[{"href":"https:\/\/www.infokuryr.cz\/n\/wp-json\/wp\/v2\/posts"}],"about":[{"href":"https:\/\/www.infokuryr.cz\/n\/wp-json\/wp\/v2\/types\/post"}],"author":[{"embeddable":true,"href":"https:\/\/www.infokuryr.cz\/n\/wp-json\/wp\/v2\/users\/2"}],"replies":[{"embeddable":true,"href":"https:\/\/www.infokuryr.cz\/n\/wp-json\/wp\/v2\/comments?post=45456"}],"version-history":[{"count":0,"href":"https:\/\/www.infokuryr.cz\/n\/wp-json\/wp\/v2\/posts\/45456\/revisions"}],"wp:featuredmedia":[{"embeddable":true,"href":"https:\/\/www.infokuryr.cz\/n\/wp-json\/wp\/v2\/media\/6914"}],"wp:attachment":[{"href":"https:\/\/www.infokuryr.cz\/n\/wp-json\/wp\/v2\/media?parent=45456"}],"wp:term":[{"taxonomy":"category","embeddable":true,"href":"https:\/\/www.infokuryr.cz\/n\/wp-json\/wp\/v2\/categories?post=45456"},{"taxonomy":"post_tag","embeddable":true,"href":"https:\/\/www.infokuryr.cz\/n\/wp-json\/wp\/v2\/tags?post=45456"}],"curies":[{"name":"wp","href":"https:\/\/api.w.org\/{rel}","templated":true}]}}