{"id":45453,"date":"2024-01-24T00:30:49","date_gmt":"2024-01-23T23:30:49","guid":{"rendered":"http:\/\/www.infokuryr.cz\/n\/?p=45453"},"modified":"2024-01-23T19:00:33","modified_gmt":"2024-01-23T18:00:33","slug":"jindrich-rajchl-mel-opet-pravdu-rakusan-si-moravany-slezany-namazal-na-chleba-piarko-zapracovalo","status":"publish","type":"post","link":"https:\/\/www.infokuryr.cz\/n\/2024\/01\/24\/jindrich-rajchl-mel-opet-pravdu-rakusan-si-moravany-slezany-namazal-na-chleba-piarko-zapracovalo\/","title":{"rendered":"Jind\u0159ich Rajchl m\u011bl op\u011bt pravdu. Raku\u0161an si Moravany (Slezany) namazal na chleba. P\u00ed\u00e1rko zapracovalo"},"content":{"rendered":"<div id=\"fb-root\"><\/div>\n<div class=\"introtext\">\n<p><span style=\"font-size: 14pt;\"><strong>Zeptej se m\u011b na cokoliv, j\u00e1 odpov\u00edm stejn\u011b jen na to, co chci. Raku\u0161an samoz\u0159ejm\u011b v\u011bd\u011bl, na co se budou na\u0161tvan\u00ed lid\u00e9 pt\u00e1t. 20 hlavn\u00edch, t\u0159icet podp\u016frn\u00fdch ot\u00e1zek. Vrb\u011btice, Rusov\u00e9, Ukrajinci, plachta Putina, FFUK&#8230; Tak jednoduch\u00e9. A dav za\u0161umn\u011bl p\u0159ekvapen\u00edm.<\/strong><\/span><\/p>\n<\/div>\n<div class=\"fulltext\">\n<h2><strong>Pro\u010d se nikdy zbab\u011bl\u00fd Raku\u0161an nep\u016fjde do opozi\u010dn\u00edch m\u00e9di\u00ed zodpov\u00eddat ze sv\u00fdch \u010din\u016f?<\/strong><\/h2>\n<p>Proto\u017ee se ho budou pt\u00e1t, dokud neodpov\u00ed. To nen\u00ed o vyd\u00edr\u00e1n\u00ed po\u0161uk\u016f, jako Bastlov\u00e1 na Seznamu a sk\u00e1k\u00e1n\u00ed na paravanu. Novina\u0159ina znamen\u00e1: p\u0159ipraven\u00e1 ot\u00e1zka druh\u00e1, proto\u017ee je idiotsk\u00e1, politick\u00e1, prvn\u00ed odpov\u011b\u010f. Kterou v\u0161ichni znaj\u00ed p\u0159edem. V\u00ed, co primitivn\u00ed politik odpov\u00ed.<\/p>\n<p><a href=\"https:\/\/stranapro.cz\/\"><img decoding=\"async\" loading=\"lazy\" class=\"alignnone  wp-image-40285 aligncenter\" src=\"http:\/\/www.infokuryr.cz\/n\/wp-content\/uploads\/2023\/11\/11pro-300x79.png\" alt=\"\" width=\"630\" height=\"166\" srcset=\"https:\/\/www.infokuryr.cz\/n\/wp-content\/uploads\/2023\/11\/11pro-300x79.png 300w, https:\/\/www.infokuryr.cz\/n\/wp-content\/uploads\/2023\/11\/11pro.png 363w\" sizes=\"(max-width: 630px) 100vw, 630px\" \/><\/a><\/p>\n<p><strong>T\u0159eba Vrb\u011btice:<\/strong>\u00a0Raku\u0161an a dal\u0161\u00ed dle p\u00ed\u00e1rka na Vrb\u011btice odpov\u00ed, \u017ee je to v \u0161et\u0159en\u00ed. A druhou ot\u00e1zku u\u017e nesm\u00ed nikdo d\u00e1t.\u00a0Tam by \u0161el ke dnu. T\u0159eba takovou, jak je mo\u017en\u00e9, \u017ee <strong>vin\u00edci jsou zn\u00e1mi po sedmi l\u00e9tech vy\u0161et\u0159ov\u00e1n\u00ed<\/strong>, pak nastoup\u00ed jeden nad\u010dlov\u011bk superman policajt, , \u0159ekne, \u017ee m\u00e1 my\u0161lenku, za p\u00e1r hodin m\u00e1 vin\u00edky &#8211; dva Robocopy kr\u00e1\u010dej\u00edc\u00ed Evropou, jak v\u0161ude bouchaj\u00ed a pak ozn\u00e1men\u00ed, \u017ee za p\u00e1r t\u00fddn\u016f bude v\u0161e vy\u0159e\u0161eno. Babi\u0161 s Ham\u00e1\u010dkem geni\u00e1ln\u00ed my\u0161lenku BIS Koudelky posv\u011bt\u00ed a Fiala dot\u00e1hne Vrb\u011btice do\u00a0<strong>NEV\u00cdT\u011aZN\u00c9HO<\/strong>\u00a0konce.<\/p>\n<p>A pak po superv\u00fdkonn\u00e9m policajtovi slehla zem, ne m\u011bs\u00edc, rok se se\u0161el s rokem, a v\u00fdsledek \u0161el k ledu. Kde je ot\u00e1zka davu, jak je mo\u017en\u00e9, \u017ee dosazen\u00fd policajt rozmetal obvin\u011bn\u00ed vy\u0161et\u0159ovatel\u016f za p\u00e1r hodin, p\u0159ed\u00e1val u\u017e u\u017e v\u0161e soudci a pak ticho jako v hrob\u011b, p\u0159esto\u017ee lze soudit i bez uprchl\u00fdch pachatel\u016f? Hrdina policajt ozn\u00e1mil, \u017ee do konce roku 2021 kauzu p\u0159ed\u00e1 k soudu,\u00a0<strong>v\u011bc je jasn\u00e1, Novi\u010dok Koudelka to jist\u00ed, a rusk\u00e1 ambas\u00e1da vyst\u011bhov\u00e1na.<\/strong><\/p>\n<p><strong>Je rok 2024 a po geni\u00edch z BIS a policajtech z Vrb\u011btic slehla zem. Pouze za vyst\u011bhov\u00e1n\u00ed rusk\u00fdch ob\u010dan\u016f se BIS Koudelka stane lukrativn\u011b placen\u00fdm gener\u00e1lem.<\/strong><\/p>\n<p><img decoding=\"async\" loading=\"lazy\" class=\"aligncenter\" src=\"https:\/\/www.skrytapravda.cz\/images\/blogy\/805\/2024\/1leden\/Sn%C3%ADmek_obrazovky_10120_d0991.webp\" alt=\"Sn\u00edmek obrazovky 10120 d0991\" width=\"701\" height=\"395\" \/><\/p>\n<p><strong>Mezit\u00edm \u00fachyln\u00fd \u0158eporyjec &#8211; \u010dlen ODS<\/strong>\u00a0v\u0159\u00edsk\u00e1 \u0161p\u00ednu a nad\u00e1vky, proto\u017ee nen\u00ed schopen \u017e\u00e1dn\u00e9ho argumentu. Jeho ur\u00e1\u017eky chr\u00e1n\u00ed policie a on to (zat\u00edm) v\u00ed. Mimochodem, \u017ee je to nap\u016fl pedofil, (<strong>minim\u00e1ln\u011b se tak na ve\u0159ejnosti chov\u00e1 &#8211; viz dal\u0161\u00ed foto<\/strong>) , nikomu nevad\u00ed. I kdyby t\u0159eba soulo\u017eil s vlastn\u00edmi d\u011btmi. Je to p\u0159ece \u010dlen ODS&#8230;<\/p>\n<div class=\"css-1dbjc4n r-18u37iz r-kzbkwu\">\u00a0<img decoding=\"async\" loading=\"lazy\" class=\"aligncenter\" src=\"https:\/\/www.skrytapravda.cz\/images\/blogy\/805\/2024\/1leden\/buzik_c1d2e.webp\" alt=\"buzik c1d2e\" width=\"637\" height=\"933\" \/><\/div>\n<p><img decoding=\"async\" loading=\"lazy\" class=\"aligncenter\" src=\"https:\/\/www.skrytapravda.cz\/images\/blogy\/805\/2023\/svoboda\/105599718_2609492466045318_5899508694338464468_n_81b53.webp\" alt=\"105599718 2609492466045318 5899508694338464468 n 81b53\" width=\"434\" height=\"345\" \/><\/p>\n<p><img decoding=\"async\" class=\"aligncenter\" src=\"https:\/\/www.skrytapravda.cz\/images\/blogy\/805\/2023\/svoboda\/buzzz_6e4fd.webp\" alt=\"buzzz 6e4fd\" \/><\/p>\n<p>Ukrajinci vyd\u011bl\u00e1vaj\u00ed stra\u0161n\u00e9 pen\u00edze do \u010desk\u00e9 pokladny, zn\u00ed dal\u0161\u00ed odpov\u011b\u010f n\u011bjak\u00e9ho Raku\u0161ana z Kol\u00edna a kdy\u017e daj\u00ed c\u00edlen\u00e9 ot\u00e1zky,\u00a0<strong>pro\u010d se jich tedy lid\u00e9 mus\u00ed b\u00e1t a zda spravedlnost nen\u00ed slep\u00e1, \u0159e\u010d se odvede jinam,<\/strong>\u00a0\u017ee Putin vra\u017ed\u00ed d\u011bti a kdo z p\u0159\u00edtomn\u00fdch to schvaluje. D\u00e1t ot\u00e1zku, pro\u010d Ukrajinci vra\u017ed\u00ed d\u011bti a co byl rok 2014 se u\u017e nesm\u00ed.<\/p>\n<p>Dav se p\u0159ek\u0159ikuje, v\u0161ichni cht\u011bj\u00ed odpov\u011b\u010f a Raku\u0161an z Kol\u00edna se vysm\u00edv\u00e1, \u017ee jsou hlup\u00e1ci a vybere si, co se mu hod\u00ed. A kdy\u017e to smrd\u00ed, jeho klaka mu pom\u016f\u017ee.<\/p>\n<p>V\u00e1\u017en\u011b je takov\u00fd probl\u00e9m, aby se lid\u00e9 domluvili p\u0159edem, \u017ee se budou pt\u00e1t na p\u011bt v\u011bc\u00ed tak dlouho, dokud na n\u011b neodpov\u00ed? Hrdina ze s\u00e1lu, kde polovina lid\u00ed jsou agenti BIS\u00a0 a policie, kter\u00e9 venku (neov\u011b\u0159eno zat\u00edm) jistilo p\u011bt po st\u0159echu narvan\u00fdch anton\u016f pln\u00fdch policajt\u016f,<strong>\u00a0zat\u00edmco na FFUK st\u0159elec v pohod\u011b post\u0159\u00edlel des\u00edtky student\u016f a \u010dtrn\u00e1ct zast\u0159elil. Sv\u011bt nad tou (ne)bezpe\u010dnost\u00ed v Praze \u017easne.<br \/>\n<\/strong><\/p>\n<p><span style=\"font-size: 18pt;\"><strong>A za zast\u0159elen\u00e9 studenty po skv\u011bl\u00e9m v\u00fdkonu BIS a policist\u016f Raku\u0161an BIS Koudelku a Vondr\u00e1\u0161ka &#8211; v\u016fdce policist\u016f, pochv\u00e1lil. P\u0159ece by za takovou prkotinu Raku\u0161an demisi nedal&#8230;<\/strong><\/span><\/p>\n<p><a href=\"https:\/\/www.skrytapravda.cz\/z-domova\/1687-rajchl-mel-opet-pravdu-rakusan-si-moravany-slezany-namazal-na-chleba-piarko-zapracovalo\">Petr Pokorn\u00fd<\/a><\/p>\n<\/div>\n<p>&nbsp;<\/p>\n<p>&nbsp;<\/p>\n","protected":false},"excerpt":{"rendered":"<p>Zeptej se m\u011b na cokoliv, j\u00e1 odpov\u00edm stejn\u011b jen na to, co chci. Raku\u0161an samoz\u0159ejm\u011b&#8230;<\/p>\n","protected":false},"author":2,"featured_media":45454,"comment_status":"closed","ping_status":"closed","sticky":false,"template":"","format":"standard","meta":[],"categories":[6],"tags":[2992,29,1483],"_links":{"self":[{"href":"https:\/\/www.infokuryr.cz\/n\/wp-json\/wp\/v2\/posts\/45453"}],"collection":[{"href":"https:\/\/www.infokuryr.cz\/n\/wp-json\/wp\/v2\/posts"}],"about":[{"href":"https:\/\/www.infokuryr.cz\/n\/wp-json\/wp\/v2\/types\/post"}],"author":[{"embeddable":true,"href":"https:\/\/www.infokuryr.cz\/n\/wp-json\/wp\/v2\/users\/2"}],"replies":[{"embeddable":true,"href":"https:\/\/www.infokuryr.cz\/n\/wp-json\/wp\/v2\/comments?post=45453"}],"version-history":[{"count":1,"href":"https:\/\/www.infokuryr.cz\/n\/wp-json\/wp\/v2\/posts\/45453\/revisions"}],"predecessor-version":[{"id":45455,"href":"https:\/\/www.infokuryr.cz\/n\/wp-json\/wp\/v2\/posts\/45453\/revisions\/45455"}],"wp:featuredmedia":[{"embeddable":true,"href":"https:\/\/www.infokuryr.cz\/n\/wp-json\/wp\/v2\/media\/45454"}],"wp:attachment":[{"href":"https:\/\/www.infokuryr.cz\/n\/wp-json\/wp\/v2\/media?parent=45453"}],"wp:term":[{"taxonomy":"category","embeddable":true,"href":"https:\/\/www.infokuryr.cz\/n\/wp-json\/wp\/v2\/categories?post=45453"},{"taxonomy":"post_tag","embeddable":true,"href":"https:\/\/www.infokuryr.cz\/n\/wp-json\/wp\/v2\/tags?post=45453"}],"curies":[{"name":"wp","href":"https:\/\/api.w.org\/{rel}","templated":true}]}}