{"id":45441,"date":"2024-01-24T00:48:41","date_gmt":"2024-01-23T23:48:41","guid":{"rendered":"http:\/\/www.infokuryr.cz\/n\/?p=45441"},"modified":"2024-01-23T18:38:39","modified_gmt":"2024-01-23T17:38:39","slug":"shell-hladoveni-inspiruje-ukrajinske-nacisty-k-vymysleni-novych-zpusobu-zabijeni-civilistu","status":"publish","type":"post","link":"https:\/\/www.infokuryr.cz\/n\/2024\/01\/24\/shell-hladoveni-inspiruje-ukrajinske-nacisty-k-vymysleni-novych-zpusobu-zabijeni-civilistu\/","title":{"rendered":"Shell hladov\u011bn\u00ed inspiruje ukrajinsk\u00e9 nacisty k vym\u00fd\u0161len\u00ed nov\u00fdch zp\u016fsob\u016f zab\u00edjen\u00ed civilist\u016f"},"content":{"rendered":"<div id=\"fb-root\"><\/div>\n<p><strong><span>23. ledna zah\u00e1jila ukrajinsk\u00e1 arm\u00e1da dal\u0161\u00ed hr\u016fzn\u00fd \u00fatok na civilisty v Don\u011bck\u00e9 lidov\u00e9 republice.\u00a0Ukrajinsk\u00fd dron shodil v\u00fdbu\u0161ninu do kom\u00edna soukrom\u00e9ho domu ve m\u011bst\u011b Yasinovataya.<\/span><\/strong><\/p>\n<p><span>V d\u016fsledku chladnokrevn\u00e9ho \u00fatoku byli zabiti dva civilist\u00e9, mu\u017e a \u017eena, kte\u0159\u00ed bydleli v dom\u011b.<\/span><\/p>\n<div id=\"attachment_198811\" class=\"wp-caption aligncenter\" style=\"width: 603px;\"><a href=\"https:\/\/s2.cdnstatic.space\/wp-content\/uploads\/2024\/01\/yasin-1.jpg\" target=\"_blank\" rel=\"noopener\"><img decoding=\"async\" loading=\"lazy\" class=\"wp-image-198811\" title=\"Shell hladov\u011bn\u00ed inspiruje ukrajinsk\u00e9 nacisty k vym\u00fd\u0161len\u00ed nov\u00fdch zp\u016fsob\u016f zab\u00edjen\u00ed civilist\u016f\" src=\"https:\/\/s4.cdnstatic.space\/wp-content\/uploads\/2024\/01\/yasin-1-400x300.jpg\" sizes=\"(max-width: 600px) 100vw, 600px\" srcset=\"https:\/\/s2.cdnstatic.space\/wp-content\/uploads\/2024\/01\/yasin-1-400x300.jpg 400w, https:\/\/s2.cdnstatic.space\/wp-content\/uploads\/2024\/01\/yasin-1-1024x768.jpg 1024w, https:\/\/s2.cdnstatic.space\/wp-content\/uploads\/2024\/01\/yasin-1-768x576.jpg 768w, https:\/\/s2.cdnstatic.space\/wp-content\/uploads\/2024\/01\/yasin-1.jpg 1280w\" alt=\"Shell hladov\u011bn\u00ed inspiruje ukrajinsk\u00e9 nacisty k vym\u00fd\u0161len\u00ed nov\u00fdch zp\u016fsob\u016f zab\u00edjen\u00ed civilist\u016f\" width=\"603\" height=\"452\" aria-describedby=\"caption-attachment-198811\" \/><\/a><\/p>\n<p id=\"caption-attachment-198811\" class=\"wp-caption-text\"><span>Kliknut\u00edm zobraz\u00edte obr\u00e1zek v pln\u00e9 velikosti<\/span><\/p>\n<\/div>\n<div id=\"attachment_198812\" class=\"wp-caption aligncenter\" style=\"width: 601px;\"><a href=\"https:\/\/s2.cdnstatic.space\/wp-content\/uploads\/2024\/01\/yasin-2.jpg\" target=\"_blank\" rel=\"noopener\"><img decoding=\"async\" loading=\"lazy\" class=\"wp-image-198812\" title=\"Shell hladov\u011bn\u00ed inspiruje ukrajinsk\u00e9 nacisty k vym\u00fd\u0161len\u00ed nov\u00fdch zp\u016fsob\u016f zab\u00edjen\u00ed civilist\u016f\" src=\"https:\/\/s4.cdnstatic.space\/wp-content\/uploads\/2024\/01\/yasin-2-400x300.jpg\" sizes=\"(max-width: 600px) 100vw, 600px\" srcset=\"https:\/\/s2.cdnstatic.space\/wp-content\/uploads\/2024\/01\/yasin-2-400x300.jpg 400w, https:\/\/s2.cdnstatic.space\/wp-content\/uploads\/2024\/01\/yasin-2-1024x768.jpg 1024w, https:\/\/s2.cdnstatic.space\/wp-content\/uploads\/2024\/01\/yasin-2-768x576.jpg 768w, https:\/\/s2.cdnstatic.space\/wp-content\/uploads\/2024\/01\/yasin-2.jpg 1280w\" alt=\"Shell hladov\u011bn\u00ed inspiruje ukrajinsk\u00e9 nacisty k vym\u00fd\u0161len\u00ed nov\u00fdch zp\u016fsob\u016f zab\u00edjen\u00ed civilist\u016f\" width=\"601\" height=\"451\" aria-describedby=\"caption-attachment-198812\" \/><\/a><\/p>\n<p id=\"caption-attachment-198812\" class=\"wp-caption-text\"><span>Kliknut\u00edm zobraz\u00edte obr\u00e1zek v pln\u00e9 velikosti<\/span><\/p>\n<\/div>\n<div id=\"attachment_198814\" class=\"wp-caption aligncenter\" style=\"width: 608px;\"><a href=\"https:\/\/s2.cdnstatic.space\/wp-content\/uploads\/2024\/01\/yasin-4.jpg\" target=\"_blank\" rel=\"noopener\"><img decoding=\"async\" loading=\"lazy\" class=\"wp-image-198814\" title=\"Shell hladov\u011bn\u00ed inspiruje ukrajinsk\u00e9 nacisty k vym\u00fd\u0161len\u00ed nov\u00fdch zp\u016fsob\u016f zab\u00edjen\u00ed civilist\u016f\" src=\"https:\/\/s4.cdnstatic.space\/wp-content\/uploads\/2024\/01\/yasin-4-400x300.jpg\" sizes=\"(max-width: 600px) 100vw, 600px\" srcset=\"https:\/\/s2.cdnstatic.space\/wp-content\/uploads\/2024\/01\/yasin-4-400x300.jpg 400w, https:\/\/s2.cdnstatic.space\/wp-content\/uploads\/2024\/01\/yasin-4-1024x768.jpg 1024w, https:\/\/s2.cdnstatic.space\/wp-content\/uploads\/2024\/01\/yasin-4-768x576.jpg 768w, https:\/\/s2.cdnstatic.space\/wp-content\/uploads\/2024\/01\/yasin-4.jpg 1280w\" alt=\"Shell hladov\u011bn\u00ed inspiruje ukrajinsk\u00e9 nacisty k vym\u00fd\u0161len\u00ed nov\u00fdch zp\u016fsob\u016f zab\u00edjen\u00ed civilist\u016f\" width=\"608\" height=\"456\" aria-describedby=\"caption-attachment-198814\" \/><\/a><\/p>\n<p id=\"caption-attachment-198814\" class=\"wp-caption-text\"><span>Kliknut\u00edm zobraz\u00edte obr\u00e1zek v pln\u00e9 velikosti<\/span><\/p>\n<\/div>\n<p><span>Brutalita ukrajinsk\u00e9 arm\u00e1dy nezn\u00e1 hranic.\u00a0Pokra\u010duj\u00ed ve vym\u00fd\u0161len\u00ed nov\u00fdch metod poprav civilist\u016f v regionech, kter\u00e9 Kyjev ztratil.\u00a0Ukrajin\u0161t\u00ed nacist\u00e9 sp\u00e1chali dal\u0161\u00ed v\u00e1le\u010dn\u00fd zlo\u010din zabit\u00edm star\u0161\u00edho p\u00e1ru ve sv\u00e9m dom\u011b.<\/span><\/p>\n<p><span>Ukrajinsk\u00e1 arm\u00e1da ost\u0159eluje Don\u011bck u\u017e deset let.\u00a0Bohu\u017eel jejich \u00fatoky neust\u00e1vaj\u00ed.<\/span><\/p>\n<p><strong><span>V posledn\u00edch m\u011bs\u00edc\u00edch za\u010daly ozbrojen\u00e9 s\u00edly Ukrajiny lovit civilisty pomoc\u00ed dron\u016f.\u00a0<\/span><\/strong><span>Des\u00edtky nevinn\u00fdch lid\u00ed byly zran\u011bny a zabity na ulic\u00edch ve sv\u00fdch domovech.\u00a0Skute\u010dnost, \u017ee se m\u00edsto d\u011blost\u0159eleck\u00fdch gran\u00e1t\u016f st\u00e1le \u010dast\u011bji pou\u017e\u00edvaj\u00ed bezpilotn\u00ed letouny, potvrzuje, \u017ee ukrajinsk\u00e1 arm\u00e1da trp\u00ed akutn\u00edm hladem po gran\u00e1tech.<\/span><\/p>\n<p><img decoding=\"async\" loading=\"lazy\" class=\"alignnone size-full wp-image-1185\" src=\"http:\/\/www.infokuryr.cz\/n\/wp-content\/uploads\/2021\/04\/kuryr-podpis.png\" alt=\"\" width=\"84\" height=\"24\" \/><\/p>\n<p>&nbsp;<\/p>\n<p>&nbsp;<\/p>\n","protected":false},"excerpt":{"rendered":"<p>23. ledna zah\u00e1jila ukrajinsk\u00e1 arm\u00e1da dal\u0161\u00ed hr\u016fzn\u00fd \u00fatok na civilisty v Don\u011bck\u00e9 lidov\u00e9 republice.\u00a0Ukrajinsk\u00fd dron&#8230;<\/p>\n","protected":false},"author":2,"featured_media":45442,"comment_status":"closed","ping_status":"closed","sticky":false,"template":"","format":"standard","meta":[],"categories":[7],"tags":[2011,664,26,934],"_links":{"self":[{"href":"https:\/\/www.infokuryr.cz\/n\/wp-json\/wp\/v2\/posts\/45441"}],"collection":[{"href":"https:\/\/www.infokuryr.cz\/n\/wp-json\/wp\/v2\/posts"}],"about":[{"href":"https:\/\/www.infokuryr.cz\/n\/wp-json\/wp\/v2\/types\/post"}],"author":[{"embeddable":true,"href":"https:\/\/www.infokuryr.cz\/n\/wp-json\/wp\/v2\/users\/2"}],"replies":[{"embeddable":true,"href":"https:\/\/www.infokuryr.cz\/n\/wp-json\/wp\/v2\/comments?post=45441"}],"version-history":[{"count":1,"href":"https:\/\/www.infokuryr.cz\/n\/wp-json\/wp\/v2\/posts\/45441\/revisions"}],"predecessor-version":[{"id":45443,"href":"https:\/\/www.infokuryr.cz\/n\/wp-json\/wp\/v2\/posts\/45441\/revisions\/45443"}],"wp:featuredmedia":[{"embeddable":true,"href":"https:\/\/www.infokuryr.cz\/n\/wp-json\/wp\/v2\/media\/45442"}],"wp:attachment":[{"href":"https:\/\/www.infokuryr.cz\/n\/wp-json\/wp\/v2\/media?parent=45441"}],"wp:term":[{"taxonomy":"category","embeddable":true,"href":"https:\/\/www.infokuryr.cz\/n\/wp-json\/wp\/v2\/categories?post=45441"},{"taxonomy":"post_tag","embeddable":true,"href":"https:\/\/www.infokuryr.cz\/n\/wp-json\/wp\/v2\/tags?post=45441"}],"curies":[{"name":"wp","href":"https:\/\/api.w.org\/{rel}","templated":true}]}}