{"id":4539,"date":"2021-09-04T06:28:14","date_gmt":"2021-09-04T04:28:14","guid":{"rendered":"http:\/\/www.infokuryr.cz\/n\/?p=4539"},"modified":"2021-09-04T06:28:14","modified_gmt":"2021-09-04T04:28:14","slug":"v-rakousku-poradaji-pro-deti-skolni-vylety-do-ockovacich-center-deti-se-zde-mohou-nechat-naockovat-i-bez-souhlasu-rodicu","status":"publish","type":"post","link":"https:\/\/www.infokuryr.cz\/n\/2021\/09\/04\/v-rakousku-poradaji-pro-deti-skolni-vylety-do-ockovacich-center-deti-se-zde-mohou-nechat-naockovat-i-bez-souhlasu-rodicu\/","title":{"rendered":"V Rakousku po\u0159\u00e1daj\u00ed pro d\u011bti \u0161koln\u00ed v\u00fdlety do o\u010dkovac\u00edch center. D\u011bti se zde mohou nechat nao\u010dkovat i bez souhlasu rodi\u010d\u016f"},"content":{"rendered":"<div id=\"fb-root\"><\/div>\n<p><strong>V rakousk\u00e9m\u00a0<a href=\"https:\/\/www.noen.at\/gmuend\/bezirk-gmuend-nach-den-ferien-schulausfluege-zur-impfung-bezirk-gmuend-stefan-grusch-pup-up-impfstrasse-waldviertler-jobmesse-coronaimpfung-impfbus-zivilschutzverband-print-286193713\">Gm\u00fcndu<\/a>\u00a0m\u00edstn\u00ed politici organizuj\u00ed \u201co\u010dkovac\u00ed autobusy\u201d (\u00a0Impfbusse) pro d\u011bti a mladistv\u00e9, kter\u00e9 je voz\u00ed na v\u00fdlet do o\u010dkovac\u00edch center. Tam se d\u011bti mohou nechat nao\u010dkovat i bez souhlasu a proti v\u016fli sv\u00fdch rodi\u010d\u016f.<\/strong>\u00a0T\u011bm je to ozn\u00e1meno a\u017e zp\u011btn\u011b. Podle m\u00edstn\u00edch politik\u016f jde o revolu\u010dn\u00ed urychlen\u00ed proo\u010dkovanosti populace.<\/p>\n<p>Prob\u00edh\u00e1 to zhruba takto, \u0161kol\u00e1ci jsou nalo\u017eeni do autobus\u016f a odvezeni do o\u010dkovac\u00edho centra na prohl\u00eddku za\u0159\u00edzen\u00ed.\u00a0<strong>Tak se jim dostane propaga\u010dn\u00ed \u201cnal\u00e9v\u00e1rna\u201d ohledn\u011b \u00fa\u017easn\u00e9ho a ne\u0161kodn\u00e9ho o\u010dkov\u00e1n\u00ed p\u011bknou vakc\u00ednou a d\u011bti jsou vyb\u00edzeny k o\u010dkov\u00e1n\u00ed. \u010c\u00e1st pochopiteln\u011b tlaku nedok\u00e1\u017e<\/strong>e odolat.<\/p>\n<p><strong>Vlastn\u011b se jedn\u00e1 o takov\u00fd \u0161koln\u00ed v\u00fdlet.<\/strong>\u00a0D\u0159\u00edve se jezdilo do Alp, nebo do V\u00eddn\u011b, nebo na n\u011bjak\u00e9 exkurze, to je u\u017e minulost! Nyn\u00ed fr\u010d\u00ed o\u010dkovac\u00ed centra.<\/p>\n<p>P\u0159ipomenu, \u017ee se jedn\u00e1 o spolkovou zemi Nieder\u00f6sterreich (Doln\u00ed Rakousko),\u00a0<strong>kde vl\u00e1dne Rakousk\u00e1 lidov\u00e1 strana premiera Kurze, kter\u00fd je tak obdivov\u00e1n n\u011bkter\u00fdmi \u010desk\u00fdmi \u201cvlastenci\u201d.<\/strong><\/p>\n<p><a href=\"https:\/\/ceskavec.com\/2021\/09\/v-rakousku-poradaji-pro-deti-skolni-vylety-do-ockovacich-center-deti-se-zde-mohou-nechat-naockovat-i-bez-souhlasu-rodicu\">Hans von Graz<\/a><\/p>\n<p>&nbsp;<\/p>\n","protected":false},"excerpt":{"rendered":"<p>V rakousk\u00e9m\u00a0Gm\u00fcndu\u00a0m\u00edstn\u00ed politici organizuj\u00ed \u201co\u010dkovac\u00ed autobusy\u201d (\u00a0Impfbusse) pro d\u011bti a mladistv\u00e9, kter\u00e9 je voz\u00ed na&#8230;<\/p>\n","protected":false},"author":2,"featured_media":1971,"comment_status":"closed","ping_status":"closed","sticky":false,"template":"","format":"standard","meta":[],"categories":[7],"tags":[245,213,120],"_links":{"self":[{"href":"https:\/\/www.infokuryr.cz\/n\/wp-json\/wp\/v2\/posts\/4539"}],"collection":[{"href":"https:\/\/www.infokuryr.cz\/n\/wp-json\/wp\/v2\/posts"}],"about":[{"href":"https:\/\/www.infokuryr.cz\/n\/wp-json\/wp\/v2\/types\/post"}],"author":[{"embeddable":true,"href":"https:\/\/www.infokuryr.cz\/n\/wp-json\/wp\/v2\/users\/2"}],"replies":[{"embeddable":true,"href":"https:\/\/www.infokuryr.cz\/n\/wp-json\/wp\/v2\/comments?post=4539"}],"version-history":[{"count":0,"href":"https:\/\/www.infokuryr.cz\/n\/wp-json\/wp\/v2\/posts\/4539\/revisions"}],"wp:featuredmedia":[{"embeddable":true,"href":"https:\/\/www.infokuryr.cz\/n\/wp-json\/wp\/v2\/media\/1971"}],"wp:attachment":[{"href":"https:\/\/www.infokuryr.cz\/n\/wp-json\/wp\/v2\/media?parent=4539"}],"wp:term":[{"taxonomy":"category","embeddable":true,"href":"https:\/\/www.infokuryr.cz\/n\/wp-json\/wp\/v2\/categories?post=4539"},{"taxonomy":"post_tag","embeddable":true,"href":"https:\/\/www.infokuryr.cz\/n\/wp-json\/wp\/v2\/tags?post=4539"}],"curies":[{"name":"wp","href":"https:\/\/api.w.org\/{rel}","templated":true}]}}