{"id":4533,"date":"2021-09-04T06:06:00","date_gmt":"2021-09-04T04:06:00","guid":{"rendered":"http:\/\/www.infokuryr.cz\/n\/?p=4533"},"modified":"2021-09-04T06:06:00","modified_gmt":"2021-09-04T04:06:00","slug":"s-afghanistanem-skoncila-nadvlada-zapadu-i-v-eu-zapad-nebude-polsko-poucovat","status":"publish","type":"post","link":"https:\/\/www.infokuryr.cz\/n\/2021\/09\/04\/s-afghanistanem-skoncila-nadvlada-zapadu-i-v-eu-zapad-nebude-polsko-poucovat\/","title":{"rendered":"S Afgh\u00e1nist\u00e1nem skon\u010dila nadvl\u00e1da Z\u00e1padu. I v EU: Z\u00e1pad nebude Polsko pou\u010dovat!"},"content":{"rendered":"<div id=\"fb-root\"><\/div>\n<p>S Afgh\u00e1nist\u00e1nem mus\u00ed Z\u00e1pad zp\u00e1tky do boudy. U\u017e na nikoho neplat\u00ed. Ani v EU. Chov\u00e1 se jako v minul\u00e9m stolet\u00ed a dopl\u00e1c\u00ed na to.<\/p>\n<p>Polsk\u00fd premi\u00e9r Mateusz Morawiecki u\u017e mluv\u00ed se Z\u00e1padem v \u00farovni o\u010d\u00ed: &#8222;Polsko nepot\u0159ebuje\u00a0 pou\u010dovat, co pr\u00e1vn\u00ed \u0159\u00e1d a demokracie! M\u00e1me velkou a spanilou historii boje s totalit\u00e1\u0159i a despoty v\u0161eho druhu!&#8220;<\/p>\n<p>Nep\u0159\u00ednosn\u00e9 tahanice mezi EU a Polskem sko\u010dily u Polsk\u00e9ho \u00fastavn\u00edho soudu. EU riskuje svoji legitimitu a budoucnost v\u016fbec. V\u00fdchodiskem je b\u00fdt partner, ne mentor. Ale na to si mnoz\u00ed z\u00e1padn\u00ed politici je\u0161t\u011b nezvykli. Nen\u00ed to pro n\u011b u\u017e tak zaj\u00edmav\u00e9.<\/p>\n<p>Prost\u011b nade\u0161el \u010das, poslat ty &#8230;\u00a0 nabub\u0159elce do &#8230;\u00a0 kam pat\u0159\u00ed, i s jejich posledn\u00edma ideami. Dy\u0165 je to na palici. Copak jsme idioti (jak \u0159ekl Szijj\u00e1rt\u00f3)? Co n\u00e1m tady chcete vykl\u00e1dat !?! Vy ne-b\u00fdci!<\/p>\n<p><a href=\"https:\/\/www.wprost.pl\/polityka\/10487176\/mateusz-morawiecki-o-demokracji-praworzadnosci-i-pouczaniu.html\">ZDROJ<\/a><\/p>\n<p>&nbsp;<\/p>\n","protected":false},"excerpt":{"rendered":"<p>S Afgh\u00e1nist\u00e1nem mus\u00ed Z\u00e1pad zp\u00e1tky do boudy. U\u017e na nikoho neplat\u00ed. Ani v EU. Chov\u00e1&#8230;<\/p>\n","protected":false},"author":2,"featured_media":4534,"comment_status":"closed","ping_status":"closed","sticky":false,"template":"","format":"standard","meta":[],"categories":[7],"tags":[108,41,31,365],"_links":{"self":[{"href":"https:\/\/www.infokuryr.cz\/n\/wp-json\/wp\/v2\/posts\/4533"}],"collection":[{"href":"https:\/\/www.infokuryr.cz\/n\/wp-json\/wp\/v2\/posts"}],"about":[{"href":"https:\/\/www.infokuryr.cz\/n\/wp-json\/wp\/v2\/types\/post"}],"author":[{"embeddable":true,"href":"https:\/\/www.infokuryr.cz\/n\/wp-json\/wp\/v2\/users\/2"}],"replies":[{"embeddable":true,"href":"https:\/\/www.infokuryr.cz\/n\/wp-json\/wp\/v2\/comments?post=4533"}],"version-history":[{"count":0,"href":"https:\/\/www.infokuryr.cz\/n\/wp-json\/wp\/v2\/posts\/4533\/revisions"}],"wp:featuredmedia":[{"embeddable":true,"href":"https:\/\/www.infokuryr.cz\/n\/wp-json\/wp\/v2\/media\/4534"}],"wp:attachment":[{"href":"https:\/\/www.infokuryr.cz\/n\/wp-json\/wp\/v2\/media?parent=4533"}],"wp:term":[{"taxonomy":"category","embeddable":true,"href":"https:\/\/www.infokuryr.cz\/n\/wp-json\/wp\/v2\/categories?post=4533"},{"taxonomy":"post_tag","embeddable":true,"href":"https:\/\/www.infokuryr.cz\/n\/wp-json\/wp\/v2\/tags?post=4533"}],"curies":[{"name":"wp","href":"https:\/\/api.w.org\/{rel}","templated":true}]}}