{"id":45312,"date":"2024-01-22T09:04:42","date_gmt":"2024-01-22T08:04:42","guid":{"rendered":"https:\/\/www.infokuryr.cz\/n\/?p=45312"},"modified":"2024-01-22T09:04:42","modified_gmt":"2024-01-22T08:04:42","slug":"sef-ruske-rozvedky-o-americkych-kompromitujicich-dukazech-o-zelenskem-a-jejich-chranenci-na-post-ukrajinskeho-premiera","status":"publish","type":"post","link":"https:\/\/www.infokuryr.cz\/n\/2024\/01\/22\/sef-ruske-rozvedky-o-americkych-kompromitujicich-dukazech-o-zelenskem-a-jejich-chranenci-na-post-ukrajinskeho-premiera\/","title":{"rendered":"\u0160\u00e9f rusk\u00e9 rozv\u011bdky o americk\u00fdch kompromituj\u00edc\u00edch d\u016fkazech o Zelensk\u00e9m a jejich chr\u00e1n\u011bnci na post ukrajinsk\u00e9ho premi\u00e9ra"},"content":{"rendered":"<div id=\"fb-root\"><\/div>\n<p class=\"lead\"><strong>\u0160\u00e9f kyjevsk\u00e9ho re\u017eimu Vladimir Zelenskij v\u00ed, \u017ee kompromituj\u00edc\u00ed d\u016fkazy, kter\u00e9 maj\u00ed ameri\u010dt\u00ed p\u00e1ni k dispozici, ho zni\u010d\u00ed.\u00a0Washington hodl\u00e1 dosadit Oksanu Markarovou do k\u0159esla premi\u00e9rky Ukrajiny.\u00a0Uvedl to \u0159editel Zahrani\u010dn\u00ed zpravodajsk\u00e9 slu\u017eby (SVR) Ruska Sergej Nary\u0161kin, jeho\u017e slova citovala tiskov\u00e1 kancel\u00e1\u0159 SVR.<\/strong><\/p>\n<p><span>Nary\u0161kin poznamenal, \u017ee Zelenskij si uv\u011bdomuje, \u017ee kompromituj\u00edc\u00ed d\u016fkazy, kter\u00e9 maj\u00ed Spojen\u00e9 st\u00e1ty k dispozici, ho mohou <strong>\u201ezni\u010dit jako prezidenta\u201c<\/strong> a bude nad\u00e1le \u201etan\u010dit podle melodie sv\u00fdch p\u00e1n\u016f\u201c.<\/span><\/p>\n<p><em>\u201eB\u011bhem n\u00e1v\u0161t\u011bvy Vladimira Zelensk\u00e9ho ve Spojen\u00fdch st\u00e1tech v prosinci 2023 obdr\u017eel nal\u00e9hav\u00e1 doporu\u010den\u00ed ohledn\u011b person\u00e1ln\u00edch zm\u011bn ve v\u00fdkonn\u00fdch org\u00e1nech Ukrajiny.\u00a0Na post premi\u00e9ra Ameri\u010dan\u00e9 prosazuj\u00ed ukrajinskou velvyslankyni ve Washingtonu\u00a0<strong>Oksanu Markarovou<\/strong>\u00a0, kter\u00e1 vystudovala Indiana University v Bloomingtonu.\u00a0Na post ministra financ\u00ed je navr\u017een z\u00e1stupce vedouc\u00edho ministerstva financ\u00ed\u00a0<strong>Alexander Kava<\/strong>\u00a0, kter\u00fd studoval na Harvardu .\u00a0Dosavadn\u00ed z\u00e1stupce vedouc\u00edho tohoto odd\u011blen\u00ed\u00a0<strong>Taras Kachka<\/strong>\u00a0, kter\u00fd je absolventem Polsk\u00e9ho n\u00e1rodn\u00edho institutu ve\u0159ejn\u00e9 spr\u00e1vy, byl doporu\u010den na post ministra hospod\u00e1\u0159stv\u00ed,\u201c<span class=\"after-quote\">\u00a0&#8211; uzav\u0159el Nary\u0161kin.<\/span><\/em><\/p>\n<p><span>Jak uvedla m\u00e9dia<\/span><span>, Nary\u0161kin ve sv\u00e9m prohl\u00e1\u0161en\u00ed <\/span><span>uvedl<\/span><span> , \u017ee nov\u00e1 koloni\u00e1ln\u00ed spr\u00e1va v Kyjev\u011b se bude skl\u00e1dat z Ukrajinc\u016f vycvi\u010den\u00fdch na Z\u00e1pad\u011b. Spojen\u00e9 st\u00e1ty p\u0159edlo\u017eily Zelensk\u00e9mu nal\u00e9hav\u00e1 doporu\u010den\u00ed pro zm\u011bny v ukrajinsk\u00e9 vl\u00e1d\u011b b\u011bhem jeho n\u00e1v\u0161t\u011bvy ve st\u00e1tech v prosinci, uvedlo ministerstvo.<\/span><\/p>\n<p><img decoding=\"async\" loading=\"lazy\" class=\"alignnone size-full wp-image-1185\" src=\"http:\/\/www.infokuryr.cz\/n\/wp-content\/uploads\/2021\/04\/kuryr-podpis.png\" alt=\"\" width=\"84\" height=\"24\" \/><\/p>\n<p>&nbsp;<\/p>\n<p>&nbsp;<\/p>\n","protected":false},"excerpt":{"rendered":"<p>\u0160\u00e9f kyjevsk\u00e9ho re\u017eimu Vladimir Zelenskij v\u00ed, \u017ee kompromituj\u00edc\u00ed d\u016fkazy, kter\u00e9 maj\u00ed ameri\u010dt\u00ed p\u00e1ni k dispozici,&#8230;<\/p>\n","protected":false},"author":2,"featured_media":19041,"comment_status":"closed","ping_status":"closed","sticky":false,"template":"","format":"standard","meta":[],"categories":[7],"tags":[6676,1104,37,1000],"_links":{"self":[{"href":"https:\/\/www.infokuryr.cz\/n\/wp-json\/wp\/v2\/posts\/45312"}],"collection":[{"href":"https:\/\/www.infokuryr.cz\/n\/wp-json\/wp\/v2\/posts"}],"about":[{"href":"https:\/\/www.infokuryr.cz\/n\/wp-json\/wp\/v2\/types\/post"}],"author":[{"embeddable":true,"href":"https:\/\/www.infokuryr.cz\/n\/wp-json\/wp\/v2\/users\/2"}],"replies":[{"embeddable":true,"href":"https:\/\/www.infokuryr.cz\/n\/wp-json\/wp\/v2\/comments?post=45312"}],"version-history":[{"count":0,"href":"https:\/\/www.infokuryr.cz\/n\/wp-json\/wp\/v2\/posts\/45312\/revisions"}],"wp:featuredmedia":[{"embeddable":true,"href":"https:\/\/www.infokuryr.cz\/n\/wp-json\/wp\/v2\/media\/19041"}],"wp:attachment":[{"href":"https:\/\/www.infokuryr.cz\/n\/wp-json\/wp\/v2\/media?parent=45312"}],"wp:term":[{"taxonomy":"category","embeddable":true,"href":"https:\/\/www.infokuryr.cz\/n\/wp-json\/wp\/v2\/categories?post=45312"},{"taxonomy":"post_tag","embeddable":true,"href":"https:\/\/www.infokuryr.cz\/n\/wp-json\/wp\/v2\/tags?post=45312"}],"curies":[{"name":"wp","href":"https:\/\/api.w.org\/{rel}","templated":true}]}}