{"id":4531,"date":"2021-09-04T05:49:37","date_gmt":"2021-09-04T03:49:37","guid":{"rendered":"http:\/\/www.infokuryr.cz\/n\/?p=4531"},"modified":"2021-09-04T05:49:37","modified_gmt":"2021-09-04T03:49:37","slug":"kyjev-pripravuje-notu-v-souvislosti-s-umrtim-ukrajince-pote-co-byl-zadrzen-v-polsku","status":"publish","type":"post","link":"https:\/\/www.infokuryr.cz\/n\/2021\/09\/04\/kyjev-pripravuje-notu-v-souvislosti-s-umrtim-ukrajince-pote-co-byl-zadrzen-v-polsku\/","title":{"rendered":"Kyjev p\u0159ipravuje n\u00f3tu v souvislosti s \u00famrt\u00edm Ukrajince pot\u00e9, co byl zadr\u017een v Polsku"},"content":{"rendered":"<div id=\"fb-root\"><\/div>\n<p><strong>V p\u00e1tek 3. z\u00e1\u0159\u00ed ukrajinsk\u00fd velvyslanec Andrij De\u0161\u010dycjaozn\u00e1mil, \u017ee ukrajinsk\u00e9 velvyslanectv\u00ed v Polsku p\u0159ipravuje n\u00f3tu v souvislosti s ned\u00e1vn\u00fdm incidentem. Ukrajinec toti\u017e zem\u0159el pot\u00e9, co byl zadr\u017een polici\u00ed a p\u0159evezen na z\u00e1chytnou stanici ve Vratislavi.<\/strong><\/p>\n<p>Ke zmi\u0148ovan\u00e9mu incidentu m\u011blo doj\u00edt ji\u017e 30. \u010dervence. Podle listu Gazeta Wyborcza policie pou\u017eila fyzickou s\u00edlu proti p\u011btadvacetilet\u00e9mu Dmitriji Nikiforenkovi z Vinnick\u00e9 oblasti, co\u017e m\u011blo b\u00fdt i p\u0159\u00ed\u010dinou<strong>\u00a0smrti tohoto Ukrajince<\/strong>. Jak ale poznamen\u00e1vaj\u00ed sami policist\u00e9, mu\u017e byl agresivn\u00ed. Po incidentu byli \u010dty\u0159i str\u00e1\u017eci z\u00e1kona postaveni mimo slu\u017ebu a dal\u0161\u00ed dva dostali v\u00fdpov\u011b\u010f.<\/p>\n<p>\u201eP\u0159ipravujeme a v bl\u00edzk\u00e9 budoucnosti za\u0161leme dopis se \u017e\u00e1dost\u00ed o proveden\u00ed nestrann\u00e9ho a rychl\u00e9ho vy\u0161et\u0159ov\u00e1n\u00ed, p\u0159iveden\u00ed z\u00fa\u010dastn\u011bn\u00fdch osob k odpov\u011bdnosti a informov\u00e1n\u00ed ukrajinsk\u00e9 strany o tomto incidentu,\u201c cituje velvyslance De\u0161\u010dycju agentura Ukrinform.<\/p>\n<p>Doty\u010dn\u00fd tak\u00e9 zd\u016fraznil, \u017ee ukrajin\u0161t\u00ed diplomat\u00e9 maj\u00ed situac\u00ed souvisej\u00edc\u00ed s\u00a0vy\u0161et\u0159ov\u00e1n\u00edm\u00a0smrti ukrajinsk\u00e9ho ob\u010dana pod kontrolou.<\/p>\n<p><a href=\"https:\/\/cz.sputniknews.com\/20210903\/kyjev-pripravuje-notu-v-souvislosti-s-umrtim-ukrajince-pote-co-byl-zadrzen-v-polsku-15712480.html\">ZDROJ<\/a><\/p>\n<p>&nbsp;<\/p>\n","protected":false},"excerpt":{"rendered":"<p>V p\u00e1tek 3. z\u00e1\u0159\u00ed ukrajinsk\u00fd velvyslanec Andrij De\u0161\u010dycjaozn\u00e1mil, \u017ee ukrajinsk\u00e9 velvyslanectv\u00ed v Polsku p\u0159ipravuje n\u00f3tu&#8230;<\/p>\n","protected":false},"author":2,"featured_media":4532,"comment_status":"closed","ping_status":"closed","sticky":false,"template":"","format":"standard","meta":[],"categories":[7],"tags":[1142,31,26],"_links":{"self":[{"href":"https:\/\/www.infokuryr.cz\/n\/wp-json\/wp\/v2\/posts\/4531"}],"collection":[{"href":"https:\/\/www.infokuryr.cz\/n\/wp-json\/wp\/v2\/posts"}],"about":[{"href":"https:\/\/www.infokuryr.cz\/n\/wp-json\/wp\/v2\/types\/post"}],"author":[{"embeddable":true,"href":"https:\/\/www.infokuryr.cz\/n\/wp-json\/wp\/v2\/users\/2"}],"replies":[{"embeddable":true,"href":"https:\/\/www.infokuryr.cz\/n\/wp-json\/wp\/v2\/comments?post=4531"}],"version-history":[{"count":0,"href":"https:\/\/www.infokuryr.cz\/n\/wp-json\/wp\/v2\/posts\/4531\/revisions"}],"wp:featuredmedia":[{"embeddable":true,"href":"https:\/\/www.infokuryr.cz\/n\/wp-json\/wp\/v2\/media\/4532"}],"wp:attachment":[{"href":"https:\/\/www.infokuryr.cz\/n\/wp-json\/wp\/v2\/media?parent=4531"}],"wp:term":[{"taxonomy":"category","embeddable":true,"href":"https:\/\/www.infokuryr.cz\/n\/wp-json\/wp\/v2\/categories?post=4531"},{"taxonomy":"post_tag","embeddable":true,"href":"https:\/\/www.infokuryr.cz\/n\/wp-json\/wp\/v2\/tags?post=4531"}],"curies":[{"name":"wp","href":"https:\/\/api.w.org\/{rel}","templated":true}]}}