{"id":45303,"date":"2024-01-22T07:03:58","date_gmt":"2024-01-22T06:03:58","guid":{"rendered":"https:\/\/www.infokuryr.cz\/n\/?p=45303"},"modified":"2024-01-22T07:45:07","modified_gmt":"2024-01-22T06:45:07","slug":"andrew-korybko-proc-se-the-new-york-times-obava-indoneskeho-prezidentskeho-kandidata","status":"publish","type":"post","link":"https:\/\/www.infokuryr.cz\/n\/2024\/01\/22\/andrew-korybko-proc-se-the-new-york-times-obava-indoneskeho-prezidentskeho-kandidata\/","title":{"rendered":"Andrew Korybko: Pro\u010d se The New York Times ob\u00e1v\u00e1 indon\u00e9sk\u00e9ho prezidentsk\u00e9ho kandid\u00e1ta?"},"content":{"rendered":"<div id=\"fb-root\"><\/div>\n<p><strong>Je to provokace informa\u010dn\u00ed v\u00e1lky, jej\u00edm\u017e c\u00edlem je zmanipulovat vn\u00edm\u00e1n\u00ed voli\u010d\u016f o l\u00eddrovi do t\u00e9 m\u00edry, \u017ee na l\u00e9to je napl\u00e1nov\u00e1no druh\u00e9 kolo voleb, kter\u00e9 by pak mohlo d\u00e1t preferovan\u00e9mu kandid\u00e1tovi USA \u0161anci, \u017ee se pot\u0159ebuje dostat k moci a spojit Indon\u00e9sii s Amerikou proti \u010c\u00edn\u011b v nov\u00e9 studen\u00e9 v\u00e1lce.<\/strong><\/p>\n<p><img decoding=\"async\" loading=\"lazy\" class=\"wp-image-45304 alignleft\" src=\"http:\/\/www.infokuryr.cz\/n\/wp-content\/uploads\/2024\/01\/clanek-indone-300x223.jpg\" alt=\"\" width=\"663\" height=\"493\" srcset=\"https:\/\/www.infokuryr.cz\/n\/wp-content\/uploads\/2024\/01\/clanek-indone-300x223.jpg 300w, https:\/\/www.infokuryr.cz\/n\/wp-content\/uploads\/2024\/01\/clanek-indone-768x571.jpg 768w, https:\/\/www.infokuryr.cz\/n\/wp-content\/uploads\/2024\/01\/clanek-indone.jpg 785w\" sizes=\"(max-width: 663px) 100vw, 663px\" \/><\/p>\n<p>The New York Times (NYT) minul\u00fd t\u00fdden zve\u0159ejnil \u010dl\u00e1nek o \u201e\u00a0<a href=\"https:\/\/archive.is\/yHzWs\" rel=\"\">Pro\u010d tento prezidentsk\u00fd frontov\u00fd kandid\u00e1t vzbuzuje obavy ze \u201asmrti demokracie\u2018\u00a0<\/a>\u201c, kter\u00fd \u0161\u00ed\u0159\u00ed strach z d\u016fsledk\u016f v\u00edt\u011bzstv\u00ed ministra obrany Prabowa Subianta ve volb\u00e1ch, kter\u00e9 se budou konat 14. \u00fanora p\u0159\u00ed\u0161t\u00ed m\u011bs\u00edc.\u00a0 Podstatou je, \u017ee jeho zapojen\u00ed do Suhartovy diktatury a \u00fadajn\u00e9, ale nikdy neprok\u00e1zan\u00e9 poru\u0161ov\u00e1n\u00ed lidsk\u00fdch pr\u00e1v by mohlo zasadit smrtelnou r\u00e1nu demokracii ve \u010dtvrt\u00e9 nejlidnat\u011bj\u0161\u00ed zemi sv\u011bta, pokud se stane prezidentem.<\/p>\n<p>V\u0161echny pr\u016fzkumy za posledn\u00edch n\u011bkolik m\u011bs\u00edc\u016f nazna\u010duj\u00ed, \u017ee volby pravd\u011bpodobn\u011b p\u016fjdou do druh\u00e9ho\u00a0<a href=\"https:\/\/archive.is\/kLQSo\" rel=\"\">kola v \u010dervnu mezi n\u00edm a Aniesem Baswedanem, kter\u00fd je\u00a0<\/a><a href=\"https:\/\/astutenews.com\/2022\/05\/whats-dishonestly-smeared-as-russian-propaganda-is-just-the-multipolar-worldview\/\" rel=\"\">liber\u00e1lem\u00a0<\/a>a\u00a0<a href=\"https:\/\/korybko.substack.com\/p\/the-wests-liberal-globalist-elite\" rel=\"\">globalistou\u00a0<\/a>vzd\u011blan\u00fdm v Americe,\u00a0kter\u00fd se zav\u00e1zal realizovat zahrani\u010dn\u00ed politiku \u201e\u00a0<a href=\"https:\/\/jakartaglobe.id\/news\/anies-wants-to-change-indonesias-transactional-foreign-policy\" rel=\"\">zalo\u017eenou na hodnot\u00e1ch\u00a0<\/a>\u201c, kter\u00e1 by p\u0159edv\u00eddateln\u011b v\u00e9st k probl\u00e9m\u016fm s \u010c\u00ednou.\u00a0P\u0159\u00ed\u0161t\u00ed hlasov\u00e1n\u00ed proto p\u0159edstavuje jasnou volbu mezi dv\u011bma protilehl\u00fdmi platformami zahrani\u010dn\u00ed politiky, proto\u017ee Anies chce spojit Indon\u00e9sii s Amerikou, zat\u00edmco Prabowo chce pokra\u010dovat ve sv\u00e9m\u00a0<a href=\"https:\/\/thealtworld.com\/andrew_korybko\/rics-differences-should-be-candidly-acknowledged-instead-of-denied-or-spun-by-alt-media\" rel=\"\">\u010d\u00ednsko\u00a0<\/a>-americk\u00e9m balancov\u00e1n\u00ed.<\/p>\n<p>Ji\u017e koncem listopadu bylo varov\u00e1no, \u017ee \u201e\u00a0<a href=\"https:\/\/korybko.substack.com\/p\/indonesia-might-pivot-to-the-west\" rel=\"\">Indon\u00e9sie se po nadch\u00e1zej\u00edc\u00edch \u00fanorov\u00fdch volb\u00e1ch m\u016f\u017ee oto\u010dit na z\u00e1pad\u00a0<\/a>\u201c, jej\u00ed\u017e p\u0159edchoz\u00ed anal\u00fdzu s hypertextov\u00fdmi odkazy by si m\u011bl \u010dten\u00e1\u0159 p\u0159e\u010d\u00edst celou, aby se dostal do pov\u011bdom\u00ed ,s t\u00edmto vhledem pokud jej je\u0161t\u011b nezn\u00e1.\u00a0 Pointa uveden\u00e1 v tomto \u010dl\u00e1nku z\u016fst\u00e1v\u00e1 relevantn\u00ed a byla roz\u0161\u00ed\u0159ena o d\u016fv\u011bryhodnost nejnov\u011bj\u0161\u00edm \u010dl\u00e1nkem NYT, kter\u00fd \u0161\u00ed\u0159\u00ed strach o Prabowo, toti\u017e \u017ee jeho v\u00edt\u011bzstv\u00ed zabr\u00e1n\u00ed Indon\u00e9sii v dal\u0161\u00edm p\u00e1du pod americk\u00fd vliv.<\/p>\n<p>To neznamen\u00e1, \u017ee by byl protiamerick\u00fd, ale pouze to, \u017ee bude pokra\u010dovat v pragmatick\u00e9 zahrani\u010dn\u00ed politice prezidenta Joko \u201eJokowiho\u201c Widoda spo\u010d\u00edvaj\u00edc\u00edho v\u00a0mnohon\u00e1sobn\u00e9m\u00a0<a href=\"https:\/\/korybko.substack.com\/p\/its-not-surprising-that-the-pentagon\" rel=\"\">propojen\u00ed\u00a0<\/a><a href=\"https:\/\/korybko.substack.com\/p\/india-is-multi-aligned-but-non-allied\" rel=\"\">mezi\u00a0<\/a><a href=\"https:\/\/korybko.substack.com\/p\/russia-correctly-described-the-us\" rel=\"\">Zlatou\u00a0<\/a><a href=\"https:\/\/korybko.substack.com\/p\/russias-national-security-council\" rel=\"\">miliardou\u00a0<\/a>Z\u00e1padu vedenou USA\u00a0, dohodou\u00a0<a href=\"https:\/\/korybko.substack.com\/p\/president-xis-trip-to-moscow-solidifies\" rel=\"\">Sino\u00a0<\/a>&#8211;\u00a0<a href=\"https:\/\/korybko.substack.com\/p\/korybko-to-shyam-saran-the-sino-russo\" rel=\"\">Russo\u00a0<\/a><a href=\"https:\/\/thealtworld.com\/andrew_korybko\/rics-differences-should-be-candidly-acknowledged-instead-of-denied-or-spun-by-alt-media\" rel=\"\">Entente\u00a0<\/a>a n\u00e1sledn\u00fdm glob\u00e1ln\u00edm Jihem. P\u0159\u00edklad Indie za vl\u00e1dy premi\u00e9ra Narendry Modiho.\u00a0Takov\u00fd v\u00fdsledek by si zachoval zd\u00e1n\u00ed stability pod\u00e9l jihov\u00fdchodn\u00ed Asie fronty nov\u00e9\u00a0<a href=\"https:\/\/korybko.substack.com\/p\/towards-tri-multipolarity-the-golden\" rel=\"\">studen\u00e9 v\u00e1lky\u00a0<\/a>, zat\u00edmco v\u00edt\u011bzstv\u00ed Aniese by v\u00fdrazn\u011b p\u0159etvo\u0159ilo vojensko-strategickou dynamiku ve prosp\u011bch USA.<\/p>\n<p>Jedinou \u0161anc\u00ed, \u017ee se dostane k moci po hlasov\u00e1n\u00ed s pouh\u00fdmi 25,47 % ve srovn\u00e1n\u00ed s 45,79 % v Prabowo, je udr\u017eet si sv\u016fj \u00fazk\u00fd 2,5% n\u00e1skok p\u0159ed b\u00fdval\u00fdm guvern\u00e9rem centr\u00e1ln\u00ed J\u00e1vy Ganjarem Pranowem, co\u017e znamen\u00e1, \u017ee NYT mus\u00ed zes\u00edlit svou kampa\u0148 \u0161\u00ed\u0159en\u00ed strach z. voleb z 14. \u00fanora. V takov\u00e9m p\u0159\u00edpad\u011b pak m\u016f\u017ee Z\u00e1pad maxim\u00e1ln\u011b zes\u00edlit souvisej\u00edc\u00ed narativy proti pr\u016fkopn\u00edkovi b\u011bhem jedn\u00e9 t\u0159etiny roku do \u010dervnov\u00e9ho kola voleb ve snaze vyd\u011bsit Indon\u00e9sany, aby m\u00edsto toho volili jeho proamerick\u00e9ho rivala.<\/p>\n<p>T\u00edm, \u017ee Z\u00e1pad fale\u0161n\u011b formuluje mo\u017en\u00e9 kolo Prabowo-Anies jako volbu mezi diktaturou a demokraci\u00ed nam\u00edsto multipolarity a unipolarity, douf\u00e1, \u017ee jejich preferovan\u00fd kandid\u00e1t z\u00edsk\u00e1 v nadch\u00e1zej\u00edc\u00edch m\u011bs\u00edc\u00edch dostate\u010dnou podporu, aby alespo\u0148 dos\u00e1hl v\u00edt\u011bzstv\u00ed, ne-li dokonce velitelsk\u00fd mand\u00e1t. S ohledem na tento motiv lze nejnov\u011bj\u0161\u00ed \u010dl\u00e1nek NYT o nadch\u00e1zej\u00edc\u00edch volb\u00e1ch pova\u017eovat za nep\u0159\u00edmou formu vm\u011b\u0161ov\u00e1n\u00ed, jej\u00edm\u017e c\u00edlem je o\u010dernit Prabowa natolik, \u017ee by p\u0159\u00ed\u0161t\u00ed m\u011bs\u00edc nemusel b\u00fdt schopen vyhr\u00e1t.<\/p>\n<p>Jin\u00fdmi slovy, je to provokace informa\u010dn\u00ed v\u00e1lky, jej\u00edm\u017e c\u00edlem je zmanipulovat p\u0159edstavy voli\u010d\u016f o l\u00eddrovi do t\u00e9 m\u00edry, \u017ee na leto\u0161n\u00ed l\u00e9to je napl\u00e1nov\u00e1no druh\u00e9 kolo, co\u017e by pak mohlo d\u00e1t Aniesovi \u0161anci, \u017ee se pot\u0159ebuje dostat k moci a sladit Indon\u00e9sii s Amerika proti \u010c\u00edn\u011b. Pozorovatel\u00e9 by m\u011bli tuto zemi bedliv\u011b sledovat, proto\u017ee se o\u010dek\u00e1v\u00e1, \u017ee USA ud\u011blaj\u00ed maximum, aby pomohly jejich preferovan\u00e9mu kandid\u00e1tovi uskute\u010dnit um\u011ble vyroben\u00fd comeback proti prezidentsk\u00e9mu kandid\u00e1tovi.<\/p>\n<div class=\"subscribe-widget\" data-component-name=\"SubscribeWidget\">\n<div class=\"pencraft pc-display-flex pc-justifyContent-center pc-reset\">\n<div class=\"frontend-components-free_email_form-module__container--OfBh4\">\n<form class=\"form frontend-components-free_email_form-module__form--LDIzl\" action=\"https:\/\/korybko.substack.com\/api\/v1\/free?nojs=true\" method=\"post\" novalidate=\"\">\n<div class=\"frontend-components-free_email_form-module__sideBySideWrap--yhsgv\">\n<p><a href=\"https:\/\/korybko.substack.com\/p\/whys-the-new-york-times-fearmongering\">Andrew Korybko, PhD<\/a><\/p>\n<\/div>\n<div><img decoding=\"async\" loading=\"lazy\" class=\"alignnone wp-image-22017\" src=\"http:\/\/www.infokuryr.cz\/n\/wp-content\/uploads\/2023\/01\/andrew-korybko-300x300.jpg\" alt=\"\" width=\"201\" height=\"201\" srcset=\"https:\/\/www.infokuryr.cz\/n\/wp-content\/uploads\/2023\/01\/andrew-korybko-300x300.jpg 300w, https:\/\/www.infokuryr.cz\/n\/wp-content\/uploads\/2023\/01\/andrew-korybko-150x150.jpg 150w, https:\/\/www.infokuryr.cz\/n\/wp-content\/uploads\/2023\/01\/andrew-korybko.jpg 400w\" sizes=\"(max-width: 201px) 100vw, 201px\" \/><\/div>\n<div><\/div>\n<div><\/div>\n<\/form>\n<\/div>\n<\/div>\n<\/div>\n","protected":false},"excerpt":{"rendered":"<p>Je to provokace informa\u010dn\u00ed v\u00e1lky, jej\u00edm\u017e c\u00edlem je zmanipulovat vn\u00edm\u00e1n\u00ed voli\u010d\u016f o l\u00eddrovi do t\u00e9&#8230;<\/p>\n","protected":false},"author":2,"featured_media":45306,"comment_status":"closed","ping_status":"closed","sticky":false,"template":"","format":"standard","meta":[],"categories":[7],"tags":[1042,709,165,37,27],"_links":{"self":[{"href":"https:\/\/www.infokuryr.cz\/n\/wp-json\/wp\/v2\/posts\/45303"}],"collection":[{"href":"https:\/\/www.infokuryr.cz\/n\/wp-json\/wp\/v2\/posts"}],"about":[{"href":"https:\/\/www.infokuryr.cz\/n\/wp-json\/wp\/v2\/types\/post"}],"author":[{"embeddable":true,"href":"https:\/\/www.infokuryr.cz\/n\/wp-json\/wp\/v2\/users\/2"}],"replies":[{"embeddable":true,"href":"https:\/\/www.infokuryr.cz\/n\/wp-json\/wp\/v2\/comments?post=45303"}],"version-history":[{"count":1,"href":"https:\/\/www.infokuryr.cz\/n\/wp-json\/wp\/v2\/posts\/45303\/revisions"}],"predecessor-version":[{"id":45307,"href":"https:\/\/www.infokuryr.cz\/n\/wp-json\/wp\/v2\/posts\/45303\/revisions\/45307"}],"wp:featuredmedia":[{"embeddable":true,"href":"https:\/\/www.infokuryr.cz\/n\/wp-json\/wp\/v2\/media\/45306"}],"wp:attachment":[{"href":"https:\/\/www.infokuryr.cz\/n\/wp-json\/wp\/v2\/media?parent=45303"}],"wp:term":[{"taxonomy":"category","embeddable":true,"href":"https:\/\/www.infokuryr.cz\/n\/wp-json\/wp\/v2\/categories?post=45303"},{"taxonomy":"post_tag","embeddable":true,"href":"https:\/\/www.infokuryr.cz\/n\/wp-json\/wp\/v2\/tags?post=45303"}],"curies":[{"name":"wp","href":"https:\/\/api.w.org\/{rel}","templated":true}]}}