{"id":4530,"date":"2021-09-04T05:45:12","date_gmt":"2021-09-04T03:45:12","guid":{"rendered":"http:\/\/www.infokuryr.cz\/n\/?p=4530"},"modified":"2021-09-04T05:45:12","modified_gmt":"2021-09-04T03:45:12","slug":"putin-hnuti-taliban-neni-homogenni-v-afghanistanu-pusobi-ruzne-skupiny","status":"publish","type":"post","link":"https:\/\/www.infokuryr.cz\/n\/2021\/09\/04\/putin-hnuti-taliban-neni-homogenni-v-afghanistanu-pusobi-ruzne-skupiny\/","title":{"rendered":"Putin: Hnut\u00ed T\u00e1lib\u00e1n nen\u00ed homogenn\u00ed. V Afgh\u00e1nist\u00e1nu p\u016fsob\u00ed r\u016fzn\u00e9 skupiny"},"content":{"rendered":"<div id=\"fb-root\"><\/div>\n<p><strong>V t\u011bchto dnech prob\u00edh\u00e1 v rusk\u00e9m Vladivostoku V\u00fdchodn\u00ed ekonomick\u00e9 f\u00f3rum (VEF), na n\u011bm\u017e vystoupil i rusk\u00fd prezident Vladimir Putin. Ten na akci mimo jin\u00e9 promluvil o situaci v Afgh\u00e1nist\u00e1nu, p\u0159i\u010dem\u017e se zam\u011b\u0159il hned na n\u011bkolik bod\u016f v t\u00e9to ot\u00e1zce.<\/strong><\/p>\n<p>Jako prvn\u00ed rusk\u00fd prezident Vladimir Putin prohl\u00e1sil, \u017ee hnut\u00ed<strong> T\u00e1lib\u00e1n<\/strong>\u00a0ovl\u00e1d\u00e1 t\u00e9m\u011b\u0159 cel\u00e9 \u00fazem\u00ed Afgh\u00e1nist\u00e1nu.<\/p>\n<p>\u201eRealita je nyn\u00ed takov\u00e1, \u017ee hnut\u00ed T\u00e1lib\u00e1n ovl\u00e1d\u00e1 t\u00e9m\u011b\u0159 cel\u00e9 \u00fazem\u00ed Afgh\u00e1nist\u00e1nu, s v\u00fdjimkou Pand\u017e\u0161\u00edrua p\u0159ilehl\u00fdch men\u0161\u00edch \u00fazem\u00ed na severu, ale, nicm\u00e9n\u011b, soused\u00edc\u00edch s T\u00e1d\u017eikist\u00e1nem,\u201c uvedl Putin na plen\u00e1rn\u00edm zased\u00e1n\u00ed V\u00fdchodn\u00edho ekonomick\u00e9ho f\u00f3ra.<\/p>\n<p>N\u00e1sledn\u011b Putin prozradil, na \u010dem z\u00e1vis\u00ed uzn\u00e1n\u00ed vl\u00e1dy T\u00e1lib\u00e1nu. V t\u00e9to souvislosti\u00a0se nechal sly\u0161et, \u017ee je t\u0159eba vych\u00e1zet z reality, kter\u00e1 stoj\u00ed za prohl\u00e1\u0161en\u00edmi t\u00e1lib\u016f.<\/p>\n<p>\u201eT\u00e1lib\u00e1n dnes vl\u00e1dne. A pokud tomu tak je, mus\u00edme vych\u00e1zet z reality. Samoz\u0159ejm\u011b souhlas\u00edm s prezidentem Kazachst\u00e1nu i s mnoha dal\u0161\u00edmi kolegy. V posledn\u00ed dob\u011b jsem o tom s mnoha lidmi hodn\u011b mluvil. Je t\u0159eba sledovat, co stoj\u00ed za prohl\u00e1\u0161en\u00edmi v\u016fdc\u016f T\u00e1lib\u00e1nu,\u201c \u0159ekl na VEF.<\/p>\n<p>Co se je\u0161t\u011b Afgh\u00e1nist\u00e1nu t\u00fd\u010de,\u00a0<strong>Putin<\/strong>\u00a0vyzval i ke sjednocen\u00ed \u00fasil\u00ed o vy\u0159e\u0161en\u00ed t\u00e9to ot\u00e1zky. Podle jeho m\u00edn\u011bn\u00ed se ostatn\u00ed zem\u011b mus\u00ed spojit, aby vy\u0159e\u0161ily probl\u00e9m Afgh\u00e1nist\u00e1nu, aby se chr\u00e1nily p\u0159ed terorismem a obchodov\u00e1n\u00edm s drogami.<\/p>\n<p>\u201eNyn\u00ed v\u0161ichni mus\u00edme spojit sv\u00e9 s\u00edly a spole\u010dn\u011b bojovat proti t\u011bmto probl\u00e9m\u016fm. Souhlas\u00edm s prezidentem Kazachst\u00e1nu, samoz\u0159ejm\u011b mus\u00edme spole\u010dn\u011b vy\u0159e\u0161it probl\u00e9m legalizace politick\u00fdch sil v samotn\u00e9m Afgh\u00e1nist\u00e1nu a br\u00e1t v potaz to, co se d\u011bje v re\u00e1ln\u00e9m \u017eivot\u011b. Ale opakuji, to v\u0161echno mus\u00edme ud\u011blat spojen\u00edm sil,\u201c m\u00edn\u00ed Putin.<\/p>\n<p>Pot\u00e9 znovu zopakoval, \u017ee je nutn\u00e9 se spojit, aby bylo mo\u017en\u00e9 \u00fa\u010dinn\u011b \u010delit tomu terorismu, kv\u016fli kter\u00e9mu byly na \u00fazem\u00ed\u00a0Afgh\u00e1nist\u00e1nu\u00a0p\u0159ivedena americk\u00e1 vojska. Z\u00e1rove\u0148 je t\u0159eba bojovat s distribuc\u00ed drog a organizovan\u00fdm zlo\u010dinem. \u201eExistuj\u00ed spole\u010dn\u00e9 hrozby,\u201c podotkl Putin.<\/p>\n<p>Vz\u00e1p\u011bt\u00ed rusk\u00fd prezident objasnil, pro\u010d Rusko nem\u00e1 z\u00e1jem o rozpad Afgh\u00e1nist\u00e1nu.<\/p>\n<p>\u201eRusko nem\u00e1 z\u00e1jem o rozpad Afgh\u00e1nist\u00e1nu. Pokud by k tomu do\u0161lo, u\u017e nebude s k\u00fdm jednat. A pokud je to tak, pak mus\u00edme myslet na to, \u017ee \u010d\u00edm d\u0159\u00edve se T\u00e1lib\u00e1n stane sou\u010d\u00e1st\u00ed civilizovan\u00fdch n\u00e1rod\u016f, t\u00edm snaz\u0161\u00ed bude s n\u00edm nav\u00e1zat kontakt, komunikovat, n\u011bjak ho ovliv\u0148ovat a kl\u00e1st ot\u00e1zky,\u201c m\u00edn\u00ed l\u00eddr Ruska a dod\u00e1v\u00e1, \u017ee v r\u00e1mci t\u011bchto civilizovan\u00fdch vztah\u016f mus\u00ed b\u00fdt dodr\u017eena ur\u010dit\u00e1 civilizovan\u00e1 pravidla.<\/p>\n<p>V neposledn\u00ed \u0159ad\u011b se v\u011bnoval tomu, \u017ee hnut\u00ed T\u00e1lib\u00e1n\u00a0<strong>nen\u00ed homogenn\u00ed.<\/strong>\u00a0Podle jeho slov je toti\u017e heterogenn\u00ed, p\u0159esto\u017ee se skl\u00e1d\u00e1 p\u0159ev\u00e1\u017en\u011b z pa\u0161tunsk\u00fdch kmen\u016f. V Afgh\u00e1nist\u00e1nu p\u016fsob\u00ed dal\u0161\u00ed skupiny, v\u010detn\u011b radik\u00e1ln\u00edch skupin, uvedl rusk\u00fd prezident.<\/p>\n<p>\u201eSamotn\u00e9 hnut\u00ed T\u00e1lib\u00e1n nen\u00ed homogenn\u00ed. P\u0159esto\u017ee se skl\u00e1d\u00e1 p\u0159ev\u00e1\u017en\u011b z pa\u0161tunsk\u00fdch kmen\u016f, je zcela z\u0159ejm\u00e9, a souhlas\u00edm se sv\u00fdm kaza\u0161sk\u00fdm prot\u011bj\u0161kem, \u017ee dnes se na \u00fazem\u00ed Afgh\u00e1nist\u00e1nu nach\u00e1z\u00ed mnoho z\u00e1stupc\u016f jin\u00fdch organizac\u00ed, v\u010detn\u011b t\u011bch extremistick\u00fdch, jako je Isl\u00e1msk\u00fd st\u00e1t* atd,\u201c uzav\u0159el v\u011bc Vladimir Putin.<\/p>\n<p><strong>V\u00fdchodn\u00ed ekonomick\u00e9 f\u00f3rum (VEF)<\/strong><\/p>\n<p>P\u0159ipome\u0148me, \u017ee VEF se kon\u00e1 ve dnech 2.-4. z\u00e1\u0159\u00ed v are\u00e1lu D\u00e1ln\u011bv\u00fdchodn\u00ed feder\u00e1ln\u00ed univerzityve Vladivostoku. Jeho hlavn\u00edm leto\u0161n\u00edm t\u00e9matem jsou nov\u00e9 p\u0159\u00edle\u017eitosti pro D\u00e1ln\u00fd v\u00fdchod v m\u011bn\u00edc\u00edm se sv\u011bt\u011b.<\/p>\n<p><strong>D\u011bn\u00ed v Afgh\u00e1nist\u00e1nu<\/strong><\/p>\n<p>Za\u010d\u00e1tkem srpna 2021 hnut\u00ed T\u00e1lib\u00e1n za\u010dalo rychle postupovat a obsazovat \u00fazem\u00ed Afgh\u00e1nist\u00e1nu. Dne 15. srpna T\u00e1lib\u00e1n vstoupil do hlavn\u00edho m\u011bsta a\u00a0obsadil\u00a0prezidentsk\u00fd pal\u00e1c. Dal\u0161\u00ed den hnut\u00ed ozn\u00e1milo, \u017ee v\u00e1lka v zemi skon\u010dila a forma vl\u00e1dy v Afgh\u00e1nist\u00e1nu bude vy\u0159e\u0161ena v nejbli\u017e\u0161\u00ed dob\u011b. V sou\u010dasn\u00e9 chv\u00edli v\u0161echny pozemn\u00ed hrani\u010dn\u00ed p\u0159echody z Afgh\u00e1nist\u00e1nu kontroluje T\u00e1lib\u00e1n. V noci na 31. srpna americk\u00e1 arm\u00e1da opustila leti\u0161t\u011b v afgh\u00e1nsk\u00e9m hlavn\u00edm m\u011bst\u011b a skon\u010dila tak vojensk\u00e1 p\u0159\u00edtomnost USA v Afgh\u00e1nist\u00e1nu. Zmi\u0148me, \u017ee jedinou provinci\u00ed, kterou zat\u00edm hnut\u00ed nekontroluje, je\u00a0Pand\u017e\u0161\u00edr, kter\u00e1 se nach\u00e1z\u00ed severov\u00fdchodn\u011b od K\u00e1bulu.<\/p>\n<p><a href=\"https:\/\/cz.sputniknews.com\/20210903\/putin-hnuti-taliban-neni-homogenni-v-afghanistanu-pusobi-ruzne-skupiny-15707423.html\">ZDROJ<\/a><\/p>\n<p>&nbsp;<\/p>\n","protected":false},"excerpt":{"rendered":"<p>V t\u011bchto dnech prob\u00edh\u00e1 v rusk\u00e9m Vladivostoku V\u00fdchodn\u00ed ekonomick\u00e9 f\u00f3rum (VEF), na n\u011bm\u017e vystoupil i&#8230;<\/p>\n","protected":false},"author":2,"featured_media":2767,"comment_status":"closed","ping_status":"closed","sticky":false,"template":"","format":"standard","meta":[],"categories":[7],"tags":[102,227],"_links":{"self":[{"href":"https:\/\/www.infokuryr.cz\/n\/wp-json\/wp\/v2\/posts\/4530"}],"collection":[{"href":"https:\/\/www.infokuryr.cz\/n\/wp-json\/wp\/v2\/posts"}],"about":[{"href":"https:\/\/www.infokuryr.cz\/n\/wp-json\/wp\/v2\/types\/post"}],"author":[{"embeddable":true,"href":"https:\/\/www.infokuryr.cz\/n\/wp-json\/wp\/v2\/users\/2"}],"replies":[{"embeddable":true,"href":"https:\/\/www.infokuryr.cz\/n\/wp-json\/wp\/v2\/comments?post=4530"}],"version-history":[{"count":0,"href":"https:\/\/www.infokuryr.cz\/n\/wp-json\/wp\/v2\/posts\/4530\/revisions"}],"wp:featuredmedia":[{"embeddable":true,"href":"https:\/\/www.infokuryr.cz\/n\/wp-json\/wp\/v2\/media\/2767"}],"wp:attachment":[{"href":"https:\/\/www.infokuryr.cz\/n\/wp-json\/wp\/v2\/media?parent=4530"}],"wp:term":[{"taxonomy":"category","embeddable":true,"href":"https:\/\/www.infokuryr.cz\/n\/wp-json\/wp\/v2\/categories?post=4530"},{"taxonomy":"post_tag","embeddable":true,"href":"https:\/\/www.infokuryr.cz\/n\/wp-json\/wp\/v2\/tags?post=4530"}],"curies":[{"name":"wp","href":"https:\/\/api.w.org\/{rel}","templated":true}]}}