{"id":4529,"date":"2021-09-04T05:42:22","date_gmt":"2021-09-04T03:42:22","guid":{"rendered":"http:\/\/www.infokuryr.cz\/n\/?p=4529"},"modified":"2021-09-04T05:42:22","modified_gmt":"2021-09-04T03:42:22","slug":"v-belorusku-prohlasili-ze-uprchlici-kteri-zustali-na-hranici-chteji-do-eu","status":"publish","type":"post","link":"https:\/\/www.infokuryr.cz\/n\/2021\/09\/04\/v-belorusku-prohlasili-ze-uprchlici-kteri-zustali-na-hranici-chteji-do-eu\/","title":{"rendered":"V B\u011blorusku prohl\u00e1sili, \u017ee uprchl\u00edci, kte\u0159\u00ed z\u016fstali na hranici, cht\u011bj\u00ed do EU"},"content":{"rendered":"<div id=\"fb-root\"><\/div>\n<p><strong>Ob\u010dan\u00e9 z nestabiln\u00edch st\u00e1t\u016f necht\u011bj\u00ed z\u00edskat status b\u011b\u017eence v B\u011blorusku, cht\u011bj\u00ed se dostat pr\u00e1v\u011b do \u010dlensk\u00fdch zem\u00ed Evropsk\u00e9 unie, prohl\u00e1sil v rozhovor pro Sputnik m\u00edstop\u0159edseda st\u00e1tn\u00edho pohrani\u010dn\u00edho v\u00fdboru B\u011bloruska Roman Podlin\u011bv.<\/strong><\/p>\n<p>\u201eSkupina 32 Afgh\u00e1nc\u016f se nach\u00e1z\u00ed u\u017e v\u00edce ne\u017e dva t\u00fddny na hranici s Polskem, na takzvan\u00e9m \u201eneutr\u00e1ln\u00edm \u00fazem\u00ed\u201c, a nikoli na b\u011blorusk\u00e9m. Minul\u00fd t\u00fdden tam dorazil p\u0159edstavitel \u00fa\u0159adu Vysok\u00e9ho komisa\u0159e OSN\u00a0<strong>pro uprchl\u00edky<\/strong>\u00a0a ptal se jich, jestli necht\u011bj\u00ed do B\u011bloruska, a na to mu odpov\u011bd\u011bli, \u017ee hodlaj\u00ed z\u016fstat na hranici, dokud je Polsko nepust\u00ed na sv\u00e9 \u00fazem\u00ed,\u201c \u0159ekl Podlin\u011bv.<\/p>\n<p>Kdy\u017e odpov\u00eddal na ot\u00e1zku o p\u0159\u00edpadech, kdy po ne\u00fasp\u011b\u0161n\u00fdch pokusech dostat se\u00a0<strong>do EU\u00a0<\/strong>uprchl\u00edci \u0159\u00edkali, \u017ee se cht\u011bj\u00ed sv\u00e9ho z\u00e1m\u011bru vzd\u00e1t a z\u016fstat v B\u011blorusku, \u0159ekl, \u017ee tyto p\u0159\u00edpady byly, ale u\u017e d\u00e1vno. \u201eV posledn\u00edm m\u011bs\u00edci a p\u016fl nebo dvou m\u011bs\u00edc\u00edch si na podobn\u00e9 p\u0159\u00edpady nepamatuji. Uprchl\u00edci m\u00ed\u0159\u00ed pr\u00e1v\u011b do \u010dlensk\u00fdch zem\u00ed EU,\u201c zd\u016fraznil Podlin\u011bv.<\/p>\n<p>Litva, Loty\u0161sko a\u00a0Polsko\u00a0hl\u00e1s\u00ed v posledn\u00ed dob\u011b n\u00e1r\u016fst po\u010dtu zadr\u017eovan\u00fdch neleg\u00e1ln\u00edch migrant\u016f na hranici s B\u011bloruskem a obvi\u0148uj\u00ed Minsk z vytv\u00e1\u0159en\u00ed migra\u010dn\u00ed krize. B\u011blorusk\u00fd prezident Alexandr Luka\u0161enko prohl\u00e1sil, \u017ee Minsk u\u017e nebude zadr\u017eovat proud neleg\u00e1ln\u00edch migrant\u016f do \u010dlensk\u00fdch zem\u00ed EU: kv\u016fli sankc\u00edm Z\u00e1padu na to nem\u00e1 \u201eani pen\u00edze, ani s\u00edly\u201c. B\u011bloru\u0161t\u00ed pohrani\u010dn\u00edci nejednou ozn\u00e1mili n\u00e1siln\u00e9 vyho\u0161t\u011bn\u00ed migrant\u016f z Litvy, Polska a Loty\u0161ska na b\u011blorusk\u00e9 \u00fazem\u00ed. Ve \u010dtvrtek prezident Polska vyhl\u00e1sil v\u00fdjime\u010dn\u00fd stav na \u00fazem\u00edch hrani\u010d\u00edc\u00edch s B\u011bloruskem v souvislosti se situac\u00ed s neleg\u00e1ln\u00edmi migranty.<\/p>\n<p>N\u011bkolik des\u00edtek neleg\u00e1ln\u00edch migrant\u016f z\u016fst\u00e1v\u00e1 v posledn\u00edch t\u00fddnech zablokov\u00e1no na hranici B\u011bloruska a Polska.\u00a0Migranti\u00a0se cht\u011bli dostat neleg\u00e1ln\u011b do Polska, pol\u0161t\u00ed pohrani\u010dn\u00edci je ale nepou\u0161t\u011bj\u00ed. Polsk\u00e1 strana trv\u00e1 na tom, \u017ee se migranti nach\u00e1zej\u00ed na \u00fazem\u00ed B\u011bloruska, a nikoli na neutr\u00e1ln\u00edm \u00fazem\u00ed. Zastupitelstv\u00ed \u00fa\u0159adu Vysok\u00e9ho komisa\u0159e OSN pro uprchl\u00edky v Polsku Var\u0161avu po\u017e\u00e1dalo, aby pustila na sv\u00e9 \u00fazem\u00ed neleg\u00e1ln\u00ed migranty, kte\u0159\u00ed se zdr\u017euj\u00ed na hranici s B\u011bloruskem.<\/p>\n<p><a href=\"https:\/\/cz.sputniknews.com\/20210903\/v-belorusku-prohlasili-ze-uprchlici-kteri-zustali-na-hranici-chteji-do-eu-15711315.html\">ZDROJ<\/a><\/p>\n<p>&nbsp;<\/p>\n","protected":false},"excerpt":{"rendered":"<p>Ob\u010dan\u00e9 z nestabiln\u00edch st\u00e1t\u016f necht\u011bj\u00ed z\u00edskat status b\u011b\u017eence v B\u011blorusku, cht\u011bj\u00ed se dostat pr\u00e1v\u011b do&#8230;<\/p>\n","protected":false},"author":2,"featured_media":3898,"comment_status":"closed","ping_status":"closed","sticky":false,"template":"","format":"standard","meta":[],"categories":[7],"tags":[150,41,149,31,148],"_links":{"self":[{"href":"https:\/\/www.infokuryr.cz\/n\/wp-json\/wp\/v2\/posts\/4529"}],"collection":[{"href":"https:\/\/www.infokuryr.cz\/n\/wp-json\/wp\/v2\/posts"}],"about":[{"href":"https:\/\/www.infokuryr.cz\/n\/wp-json\/wp\/v2\/types\/post"}],"author":[{"embeddable":true,"href":"https:\/\/www.infokuryr.cz\/n\/wp-json\/wp\/v2\/users\/2"}],"replies":[{"embeddable":true,"href":"https:\/\/www.infokuryr.cz\/n\/wp-json\/wp\/v2\/comments?post=4529"}],"version-history":[{"count":0,"href":"https:\/\/www.infokuryr.cz\/n\/wp-json\/wp\/v2\/posts\/4529\/revisions"}],"wp:featuredmedia":[{"embeddable":true,"href":"https:\/\/www.infokuryr.cz\/n\/wp-json\/wp\/v2\/media\/3898"}],"wp:attachment":[{"href":"https:\/\/www.infokuryr.cz\/n\/wp-json\/wp\/v2\/media?parent=4529"}],"wp:term":[{"taxonomy":"category","embeddable":true,"href":"https:\/\/www.infokuryr.cz\/n\/wp-json\/wp\/v2\/categories?post=4529"},{"taxonomy":"post_tag","embeddable":true,"href":"https:\/\/www.infokuryr.cz\/n\/wp-json\/wp\/v2\/tags?post=4529"}],"curies":[{"name":"wp","href":"https:\/\/api.w.org\/{rel}","templated":true}]}}